{"id":20412,"date":"2017-11-09T11:26:39","date_gmt":"2017-11-09T15:26:39","guid":{"rendered":"http:\/\/debateplural.com\/?p=20412"},"modified":"2017-11-09T11:26:39","modified_gmt":"2017-11-09T15:26:39","slug":"venezuela-contra-el-odio-la-ley-que-reivindica-al-pueblo","status":"publish","type":"post","link":"https:\/\/debateplural.net\/site\/2017\/11\/09\/venezuela-contra-el-odio-la-ley-que-reivindica-al-pueblo\/","title":{"rendered":"Venezuela contra el Odio: La Ley que reivindica al pueblo"},"content":{"rendered":"<p>La Asamblea Nacional Constituyente (ANC)\u00a0aprob\u00f3 este mi\u00e9rcoles de manera un\u00e1nime la Ley Constitucional contra el Odio, por la Convivencia Pac\u00edfica y la Tolerancia, la que establece, entre otras sanciones, penas de hasta veinte a\u00f1os de c\u00e1rcel para quienes resulten culpables de promover delitos de odio e\u00a0intolerancia.<\/p>\n<p><strong>\u00bfPor qu\u00e9?<\/strong><\/p>\n<p>Durante el primer mandato presidencial\u00a0de Hugo Ch\u00e1vez, las operaciones medi\u00e1ticas de algunos canales de televisi\u00f3n, incitaron a la violencia al punto de empujar al pa\u00eds a una situaci\u00f3n de p\u00e1nico colectivo que termin\u00f3 por estallar en abril del a\u00f1o 2002 durante un intento de Golpe de Estado contra el gobierno democr\u00e1tico.<\/p>\n<p>Si bien la situaci\u00f3n fue superada, dej\u00f3 un doloroso saldo de 19 fallecidos y decenas de heridos, adem\u00e1s de una certeza colectiva que bien supo expresar el jefe del grupo de\u00a0militares disidentes que se alzaron contra Ch\u00e1vez:\u00a0\"Nuestras armas fueron los medios de comunicaci\u00f3n\", afirm\u00f3 el uniformado en un video que corri\u00f3 m\u00e1s all\u00e1 de las fronteras venezolanas.<\/p>\n<p>Ese instrumento no ha dejado de ser utilizado por la derecha opositora a la Revoluci\u00f3n Bolivariana, teniendo momentos de mayor radicalizaci\u00f3n y protagonismo, como para las protestas de principios de 2014 o los recientes cuatro meses que sumieron al pa\u00eds de abril a julio de 2017 en un estado de terror.<\/p>\n<p>Y es cuando hablamos de \"cr\u00edmenes de odio\" no s\u00f3lo nos referimos a lo pr\u00e1ctico, el hecho en s\u00ed, sino lo te\u00f3rico, aquello que lo impulsa. Tanto quienes hacen lo que dicen los medios, como los medios que dictan a quienes lo hacen.<\/p>\n<p>El terrorismo se instala y luego entonces, se practica. Por\u00a0tanto, un crimen de odio no es s\u00f3lo realizado por quien lo ejecuta. Estos m\u00e9todos de manipulaci\u00f3n social inoculan c\u00e9lulas cuyo objetivo es \"destrozar la unidad pol\u00edtica, territorial, econ\u00f3mica y cultural que cohesiona a un pa\u00eds\", como se\u00f1ala la periodista Larissa Costas.<\/p>\n<p>La docente de la Universidad de Carabobo, Eve Corvo Rivas, afirma\u00a0que, si entendemos al terrorismo como violencia pol\u00edtica organizada, habr\u00eda que observarlo desde tres perspectivas:<\/p>\n<p>01. Lesi\u00f3n o peligro de derechos individuales.<\/p>\n<p>02.\u00a0Situaci\u00f3n de alarma o emergencia en la seguridad p\u00fablica.<\/p>\n<p>03. Desaf\u00edo al orden democr\u00e1tico\u00a0y a la propia vida del Estado.<\/p>\n<p><strong>Hoy en Venezuela<\/strong><\/p>\n<p>Grupos pagados para realizar actos de violencia, impulsaban a su vez a otras personas que, enajenadas con los hechos, se sumaban a\u00a0estos focos y comet\u00edan sus mismos horrores; cre\u00e1ndose situaciones de violencia descontrolada que lleg\u00f3, durante abril a julio de este a\u00f1o, a situaciones inhumanas.<\/p>\n<p>Muchos son los casos de \"cr\u00edmenes de odio\" con resultado de muerte que se registraron en esos cuatro meses. Uno de los primeros fue el caso de Almelina Carrillo, la mujer que se dirig\u00eda a su trabajo pasando junto a una movilizaci\u00f3n chavista recibiendo\u00a0el impacto de una botella con agua congelada. Muri\u00f3, tras d\u00edas de inertidumbre vital.<\/p>\n<p>La manipulaci\u00f3n medi\u00e1tica era tal, que pese a que no hab\u00eda discusi\u00f3n sobre la brutalidad del crimen, otras personas comenzaron a arrojar objetos similares, con la conciencia y el objetivo de causar un da\u00f1o parecido o peor.<\/p>\n<p>Luego vinieron casos como el del joven dirigente chavista asesinado de un disparo, Bryan Principal; el de Carlos Ram\u00edrez, a quien apu\u00f1alaron y prendieron fuego por creerlo asiduo al Gobierno; el del muchacho\u00a0que no sobrevivi\u00f3 tras haber sido apu\u00f1alado y quemado vivo,\u00a0Orlando Figuera; el de\u00a0Henry Escalona, Wladimir Pe\u00f1a, y Giovanny Gonz\u00e1lez, todos quemados sobrevivientes; el de\u00a0Danny Subero, linchado con resultado de muerte; el crimen de H\u00e9ctor Anuel, cuyo cuerpo abierto y quemado continu\u00f3 siendo golpeado por sus homicidas; asesinatos por sicariato del sindicalista Esmin Ram\u00edrez y la dirigente comunal Jaqueline Ortega Delgado, y tantos otros hechos en que se asesin\u00f3, se golpe\u00f3, se amedrent\u00f3, se persigui\u00f3, se insult\u00f3 a quienes ten\u00edan apareciencia de ser chavistas y apoyar a Nicolas Maduro.<\/p>\n<p>Eso, sin contar las barricadas (guarimbas) y trampas viales fabricadas para causar accidentes, como los alambres tendidos de manera casi imperceptible y de\u00a0un extremo a otro en una avenida, con el objetivo de producir el mayor da\u00f1o posible a los motorizados (supuestamente chavistas organizados en \"colectivos\") que por all\u00ed pasaran.<\/p>\n<p><strong>El rol de los partidos\u00a0<\/strong><\/p>\n<p>El dirigente de derecha, Leopoldo L\u00f3pez, actualmente se encuentra cumpliendo una pena domiciliaria por su responsabilidad en la muerte de 43 personas durante las protestas del a\u00f1o 2014, tras hacer varias incitaciones p\u00fablicas llamando a la violencia y a salir a las calles. \"Mi\u00a0llamado es a los j\u00f3venes a que se organicen (&#8230;)\u00a0a que articulen mecanismos no pac\u00edficos para poder expresar su frustraci\u00f3n\", se\u00f1al\u00f3 -por ejemplo- durante una rueda de prensa.<\/p>\n<p>Este a\u00f1o, la oposici\u00f3n obr\u00f3 de la misma manera y, de abril a julio\u00a0fue frecuente ver a diputados y representantes de partidos derechistas alentando a encapuchados y d\u00e1ndoles su apoyo, a\u00fan asumiendo y reconociendo el riesgo al que expon\u00edan a los ciudadanos y a los mismos manifestantes durante las violentas protestas.<\/p>\n<p>Por tanto, la\u00a0Ley Constitucional contra el Odio, por la Convivencia Pac\u00edfica y la Tolerancia abraza todas las aristas posibles en las que se gesta, reproduce y ramifica la violencia y el odio.<\/p>\n<p>Protegiendo, entonces, a la ciudadan\u00eda y garantizando el derecho a no ser agredido emocional y psicol\u00f3gicamente, situaci\u00f3n que bien conocen los residentes en Venezuela que ha\u00a0debido soportar el acoso agresivo de la inoculaci\u00f3n del terrorismo en los \u00faltimos a\u00f1os, a trav\u00e9s de desabastecimiento inducido, asedios, amenazas, manipulaci\u00f3n de la informaci\u00f3n y medios de comunicaci\u00f3n que atacan a su\u00a0propio pa\u00eds, destruyendo la imagen de la naci\u00f3n ante el mundo, asoci\u00e1ndola con elementos negativos; generando angustia y miedo entre sus habitantes. Lo que la periodista canadiense, Naomi Klein, llama\u00a0\"La doctrina del shock\".<\/p>\n<p>La\u00a0Ley Constitucional contra el Odio, por la Convivencia Pac\u00edfica y la Tolerancia es una herramienta que blinda al ciudadano y al Estado y, al mismo tiempo, los hace c\u00f3mplices, uno, fuertes, previni\u00e9ndolos de un posible ataque de intentos injerencistas por insidir en el entramado social, econ\u00f3mico y pol\u00edtico del\u00a0pa\u00eds. Es, por tanto, un respuesta pac\u00edfica y de organizaci\u00f3n ante los continuos y da\u00f1inos ataques que brinda a Venezuela de dignidad y autonom\u00eda.<\/p>\n<p>&nbsp;<\/p>\n","protected":false},"excerpt":{"rendered":"<p>La Asamblea Nacional Constituyente (ANC)\u00a0aprob\u00f3 este mi\u00e9rcoles de manera un\u00e1nime la Ley Constitucional contra el Odio, por la Convivencia Pac\u00edfica y la Tolerancia, la que establece, entre otras sanciones, penas de hasta veinte a\u00f1os de c\u00e1rcel para quienes resulten culpables de promover delitos de odio e\u00a0intolerancia. \u00bfPor qu\u00e9? Durante el primer mandato presidencial\u00a0de Hugo Ch\u00e1vez, [&hellip;]<\/p>\n","protected":false},"author":1,"featured_media":20413,"comment_status":"open","ping_status":"open","sticky":false,"template":"","format":"standard","meta":{"footnotes":""},"categories":[14,12],"tags":[],"class_list":["post-20412","post","type-post","status-publish","format-standard","has-post-thumbnail","hentry","category-internacionales","category-politica-3"],"_links":{"self":[{"href":"https:\/\/debateplural.net\/site\/wp-json\/wp\/v2\/posts\/20412"}],"collection":[{"href":"https:\/\/debateplural.net\/site\/wp-json\/wp\/v2\/posts"}],"about":[{"href":"https:\/\/debateplural.net\/site\/wp-json\/wp\/v2\/types\/post"}],"author":[{"embeddable":true,"href":"https:\/\/debateplural.net\/site\/wp-json\/wp\/v2\/users\/1"}],"replies":[{"embeddable":true,"href":"https:\/\/debateplural.net\/site\/wp-json\/wp\/v2\/comments?post=20412"}],"version-history":[{"count":1,"href":"https:\/\/debateplural.net\/site\/wp-json\/wp\/v2\/posts\/20412\/revisions"}],"predecessor-version":[{"id":20414,"href":"https:\/\/debateplural.net\/site\/wp-json\/wp\/v2\/posts\/20412\/revisions\/20414"}],"wp:featuredmedia":[{"embeddable":true,"href":"https:\/\/debateplural.net\/site\/wp-json\/wp\/v2\/media\/20413"}],"wp:attachment":[{"href":"https:\/\/debateplural.net\/site\/wp-json\/wp\/v2\/media?parent=20412"}],"wp:term":[{"taxonomy":"category","embeddable":true,"href":"https:\/\/debateplural.net\/site\/wp-json\/wp\/v2\/categories?post=20412"},{"taxonomy":"post_tag","embeddable":true,"href":"https:\/\/debateplural.net\/site\/wp-json\/wp\/v2\/tags?post=20412"}],"curies":[{"name":"wp","href":"https:\/\/api.w.org\/{rel}","templated":true}]}}