{"id":20496,"date":"2017-11-13T06:02:36","date_gmt":"2017-11-13T10:02:36","guid":{"rendered":"http:\/\/debateplural.com\/?p=20496"},"modified":"2017-11-12T13:15:25","modified_gmt":"2017-11-12T17:15:25","slug":"la-permanencia-de-jacques-viau-iii","status":"publish","type":"post","link":"https:\/\/debateplural.net\/site\/2017\/11\/13\/la-permanencia-de-jacques-viau-iii\/","title":{"rendered":"La permanencia de Jacques Viau (III)"},"content":{"rendered":"<p>Argenida Romero (D. Libre, 28-5-15)<\/p>\n<p><em>\u00daltima entrega de la serie sobre el poeta Jacques Viau, muerto en la confrontaci\u00f3n con las tropas invasoras estadounidenses durante la gesta revolucionaria de 1965.<\/em><\/p>\n<p>En el libro \"Jacques Viau, poeta de una isla y Madame Saga\" se relata, en voz del exiliado Clarel Belliard, los nexos de Jacques Viau con los haitianos exiliados, y que adversaban con la dictadura duvalierista.<\/p>\n<p>El texto, que se\u00f1ala hechos entre 1962 y 1963, indica que Belliard habr\u00eda conocido a Jacques en una casa que albergaba a los exiliados en el kil\u00f3metro 9 de la carretera S\u00e1nchez.<\/p>\n<p>\"Hab\u00eda un Frente Haitiano de Liberaci\u00f3n en el Exilio. (&#8230;), Jacques particip\u00f3 con Fred Baptiste en la Fuerza Armada Revolucionaria&#8230; Muchos de ellos viv\u00edan en Villa Duarte&#8230; Jacques se burlaba de Baptiste, porque siempre le ofrec\u00eda carteras en el futuro gobierno haitiano\".<\/p>\n<p>Entre los haitianos exiliados, apunta Jos\u00e9 del Castillo Pichardo en su art\u00edculo Petit Pays, publicado en Diario Libre el 23 de enero del 2010, estaban el sacerdote G\u00e9rard Bissainthe, Louis D\u00e9joie, Pierre Rigaud, Bernard Sansaricq y el dirigente comunista Ren\u00e9 Th\u00e9odore, quien form\u00f3 parte del comando de haitianos que particip\u00f3 en la gesta revolucionaria de 1965.<\/p>\n<p>Al momento de iniciar el movimiento c\u00edvico militar, Viau pas\u00f3 a formar parte del comando B3, uno de los cerca de 120 que operaban para mayo de 1965, de acuerdo con el libro \"El Pueblo en Armas, Revoluci\u00f3n en Santo Domingo\", del sacerdote jesuita y soci\u00f3logo Jos\u00e9 A. Moreno.<\/p>\n<p>Junio L\u00f3pez, quien form\u00f3 parte del B3, asegura que el comando fue bautizado por el jefe de esa unidad, Pedro Bonilla, \"en honor a sus hermanos\". Dato reiterado en \"Historia oral. Voces de abril del &#8217;65: Fuentes para la historia de la guerra de abril de 1965&#8243;, del antrop\u00f3logo Aquiles Castro.<\/p>\n<p>Explica que Jacques estuvo desde el primer momento, cuando el B3 estaba en una casa de la calle Caracas, en Villa Francisca. No precisa las circunstancias de su incorporaci\u00f3n. \"T\u00fa sabes que eran momentos muy convulsos, muy desorganizados, y la cosas se hac\u00edan casi por inercia\".<\/p>\n<p>Tiempo despu\u00e9s, el B3 se mud\u00f3 a la \"mansi\u00f3n de Meri\u00f1o\", en San Carlos (no en Villa Francisca como se se\u00f1ala en el texto de la primera parte de esta serie) que, apunta L\u00f3pez, estaba ocupada por un grupo del Movimiento Popular Dominicano (MPD), que se traslad\u00f3 al Liceo Argentina, en la Ciudad Colonial.<\/p>\n<p>\"Entre las an\u00e9cdotas est\u00e1n que el beb\u00eda mucho caf\u00e9. Y le dije un d\u00eda \u2018pero ven ac\u00e1, t\u00fa tienes un vicio de beber caf\u00e9'. Y \u00e9l me dec\u00eda \u2018s\u00ed, pero eso es un vicio menor. Hay otros mayores'\", recuerda entre risas.<\/p>\n<p>Su papel en el B3<\/p>\n<p>Viau era subcomandante del B3. L\u00f3pez lo recuerda leyendo poemas en los momentos de calma, y participando en charlas a los residentes en la zona. Diomedes Mercedes, tambi\u00e9n subcomandante del B3, y quien se sum\u00f3 a mediados de mayo de 1965, lo evoca con un sentido m\u00e1s trascendente.<\/p>\n<p>Sostiene que Jacques asumi\u00f3 un magisterio que trataba de \"transformar la violencia del resentimiento, en una lucha consciente del soldado que estaba creciendo junto a cada comando\".<\/p>\n<p>Detiene sus reflexiones, y pasa a otro tema, con el que dice busca corregir un error. Afirma que Viau nunca us\u00f3 un arma de alto calibre. S\u00f3lo ten\u00eda un rev\u00f3lver, un Magnum 44.<\/p>\n<p>\"Eso no iba con Jacques. Jacques era la autoridad moral, si t\u00fa quieres. Adem\u00e1s, te voy a dar otro calificativo de Jacques. Jacques, aun cuando \u00e9ramos unos j\u00f3venes, Jacques era el hombre universal. No era un hombre de Hait\u00ed, ni dominicano, era el hombre universal. Ten\u00eda la conciencia, no de haitiano, no de dominicano, ten\u00eda la conciencia del hombre universal, que era mucho hace m\u00e1s de 40 a\u00f1os\". Se le quiebra la voz.<\/p>\n<p>\"S\u00f3lo otro yo conoc\u00ed despu\u00e9s de la guerra. M\u00edralo all\u00e1\". Dirige su dedo \u00edndice derecho a una foto en la pared frente a \u00e9l. Hacia el extremo izquierdo, junto a un librero, est\u00e1 la imagen de Ernesto (Che) Guevara.<\/p>\n<p>En el B3 tambi\u00e9n hab\u00eda una avanzada de haitianos, dirigida por Leonel Viaux, amigo de Jacques.<\/p>\n<p>La muerte de Jacques<\/p>\n<p>Es un s\u00e1bado soleado de finales de abril. Diomedes Mercedes camina en el patio de la sede de la Pastoral Juvenil, de la Iglesia Cat\u00f3lica, la edificaci\u00f3n donde estuvo el B3.<\/p>\n<p>\"A Pedro y a Jacques los sacamos heridos por aqu\u00ed\". Indica el espacio en que terminaba la calle Jos\u00e9 Reyes, y donde hoy se encuentran las oficinas de la Direcci\u00f3n de Impuestos Internos.<\/p>\n<p>A ambos los coloc\u00f3 en una camioneta roja, estacionada frente a la casa de Cosme P\u00e9rez, un combatiente que lo ayud\u00f3, junto a Teudi Vizca\u00edno y \"Tom\u00e1s, el loco\" a subir los heridos en la parte trasera del veh\u00edculo, interceptado despu\u00e9s por Antonio Lockward Artiles. Lo pasaron a una ambulancia.<\/p>\n<p>Diomedes entra a la casona. \"Fue aqu\u00ed\". Frente a \u00e9l, una pared. Detr\u00e1s, las escaleras. Recuerda que antes de cargarlo, Jacques le entreg\u00f3 su Magnum 44. Tres semanas antes, rememor\u00f3 ese episodio. \"\u2018Ya yo no la voy a utilizar', me dijo. Y me la entreg\u00f3\".<\/p>\n<p>El arma, asegura, le fue requerida por el vicealmirante Ram\u00f3n Montes Arache, segundo al mando del gobierno constitucionalista, d\u00edas despu\u00e9s. La entreg\u00f3. \"Se enamor\u00f3 de ella sin saber el valor de esa reliquia\".<\/p>\n<p>Jacques y Pedro fueron trasladados al hospital Padre Billini, en la Ciudad Colonial. Ana Mar\u00eda Ducoudray los acompa\u00f1\u00f3. Luego fueron llevados a la cl\u00ednica del doctor Franco, en la avenida Mella.<\/p>\n<p>Jacques fue movido luego a la cl\u00ednica Abel Gonz\u00e1lez, de la Independencia. Ana Mar\u00eda dio la noticia a su padre. Afirma que desde ese momento, el se\u00f1or Viau la identific\u00f3 como la novia de su hijo. \"No me atrev\u00eda a decirle a nadie lo contrario, no pensar\u00e1n que estaba contra los haitianos, o era racista, o algo as\u00ed\".<\/p>\n<p>Le amputaron las piernas. \"Eso lo tumb\u00f3\", dice Ana Mar\u00eda. \"Le dije \u2018no te apures, Jacques, cuando salgamos de esto, afuera en Europa, en alg\u00fan lugar, en la Uni\u00f3n Sovi\u00e9tica, vamos a ir, y te vamos a arreglar'. Y me dec\u00eda \u2018\u00bfy por qu\u00e9 no ahora?' \u2018Porque ahora no se puede', le dec\u00eda\".<\/p>\n<p>Diomedes lo vio al d\u00eda siguiente, el 16 de junio. No pudo hablar con \u00e9l. Ana Mar\u00eda, Alfred Viau y una mujer que le acompa\u00f1aba, se mantuvieron junto al poeta.<\/p>\n<p>La madrugada del 21 de junio, empeor\u00f3 su condici\u00f3n. Ana Mar\u00eda observ\u00f3 c\u00f3mo \"la esposa del pap\u00e1\" colocaba un vel\u00f3n encendido cerca de la cama. Fue sacada de la habitaci\u00f3n. Cuando el m\u00e9dico sali\u00f3, le pregunt\u00f3 si hab\u00eda muerto. \"Y dijo, s\u00ed\".<\/p>\n<p>A las 8 de la ma\u00f1ana, el cuerpo fue llevado a una casa cercana a la cl\u00ednica, asegura Lockward Artiles.<\/p>\n<p>\"Parece dormir tranquillo dentro del estrecho ata\u00fad negro. Su frente, sus cabellos, est\u00e1n secos y apagados. Sus grandes pesta\u00f1as se juntan bajo los p\u00e1rpados haciendo parecer el sue\u00f1o m\u00e1s profundo\". As\u00ed describe la escena en su cr\u00f3nica Miguel Alfonseca, poeta y amigo de Jacques.<\/p>\n<p>Las banderas dominicana y haitiana fueron colocadas sobre su f\u00e9retro. Su padre llora desconsolado. Francisco Caama\u00f1o llega a dar el p\u00e9same, y abraza a Alfred Viau.<\/p>\n<p>Ese mismo d\u00eda, Caama\u00f1o, en su calidad de presidente constitucional, emite el decreto n\u00famero 55, y le concede la nacionalidad dominicana a t\u00edtulo de naturalizaci\u00f3n privilegiada p\u00f3stuma a Jacques Viau. El documento est\u00e1 recogido en libro \"El gobierno de Caama\u00f1o, 1965 : documentos, discursos y decretos\", de Bonaparte Gautreaux Pi\u00f1eyro.<\/p>\n<p>El velorio dur\u00f3 pocas horas. Un cortejo numeroso acompa\u00f1\u00f3 sus restos hasta el cementerio de la avenida Independencia. Se entonaron los himnos de Rep\u00fablica Dominicana y Hait\u00ed.<\/p>\n<p>El recuerdo<\/p>\n<p>La tumba de Jacques Viau se encuentra a unos 40 metros de la entrada del antiguo cementerio, a la izquierda. Junto a su nicho est\u00e1n Euclides Morillo, Ram\u00f3n N\u00fa\u00f1ez y Pablo Rodr\u00edguez, quienes tambi\u00e9n murieron durante la gesta revolucionaria.<\/p>\n<p>El escritor Mateo Morrison dice que en 1970, se organiz\u00f3 un acto de poetas en su tumba para hacer una tradici\u00f3n. \"Hasta que lleg\u00f3 el momento en que s\u00f3lo \u00e9ramos Antonio Lockward y yo y dos o tres m\u00e1s\".<\/p>\n<p>El Movimiento Cultural Universitario de la UASD celebr\u00f3 por varios a\u00f1os el concurso de literatura Jacques Viau. En 1990 se cre\u00f3 una c\u00e1tedra en su honor.<\/p>\n<p>Tras un recorrido en la casona donde funcion\u00f3 el B3, que luego de finalizar la gesta de 1965 fue ocupada y convertida en lo que se conoci\u00f3 como el \"Ensanche Cucaracha\", Diomedes observa la actividad del edificio en el patio, construido luego de que la edificaci\u00f3n fue entregada a la Iglesia Cat\u00f3lica en 1993 y donde funciona una escuela vocacional.<\/p>\n<p>\"El mejor uso que se le puede dar a este lugar\", expresa con un suspiro.<\/p>\n<p>El d\u00eda de su muerte, Francisco Caama\u00f1o le otorg\u00f3 por decreto la nacionalidad dominicana a Jacques Viau.<\/p>\n","protected":false},"excerpt":{"rendered":"<p>Argenida Romero (D. Libre, 28-5-15) \u00daltima entrega de la serie sobre el poeta Jacques Viau, muerto en la confrontaci\u00f3n con las tropas invasoras estadounidenses durante la gesta revolucionaria de 1965. En el libro \"Jacques Viau, poeta de una isla y Madame Saga\" se relata, en voz del exiliado Clarel Belliard, los nexos de Jacques Viau [&hellip;]<\/p>\n","protected":false},"author":1,"featured_media":20497,"comment_status":"open","ping_status":"open","sticky":false,"template":"","format":"standard","meta":{"footnotes":""},"categories":[18,16],"tags":[],"class_list":["post-20496","post","type-post","status-publish","format-standard","has-post-thumbnail","hentry","category-cultura","category-libros"],"_links":{"self":[{"href":"https:\/\/debateplural.net\/site\/wp-json\/wp\/v2\/posts\/20496"}],"collection":[{"href":"https:\/\/debateplural.net\/site\/wp-json\/wp\/v2\/posts"}],"about":[{"href":"https:\/\/debateplural.net\/site\/wp-json\/wp\/v2\/types\/post"}],"author":[{"embeddable":true,"href":"https:\/\/debateplural.net\/site\/wp-json\/wp\/v2\/users\/1"}],"replies":[{"embeddable":true,"href":"https:\/\/debateplural.net\/site\/wp-json\/wp\/v2\/comments?post=20496"}],"version-history":[{"count":1,"href":"https:\/\/debateplural.net\/site\/wp-json\/wp\/v2\/posts\/20496\/revisions"}],"predecessor-version":[{"id":20498,"href":"https:\/\/debateplural.net\/site\/wp-json\/wp\/v2\/posts\/20496\/revisions\/20498"}],"wp:featuredmedia":[{"embeddable":true,"href":"https:\/\/debateplural.net\/site\/wp-json\/wp\/v2\/media\/20497"}],"wp:attachment":[{"href":"https:\/\/debateplural.net\/site\/wp-json\/wp\/v2\/media?parent=20496"}],"wp:term":[{"taxonomy":"category","embeddable":true,"href":"https:\/\/debateplural.net\/site\/wp-json\/wp\/v2\/categories?post=20496"},{"taxonomy":"post_tag","embeddable":true,"href":"https:\/\/debateplural.net\/site\/wp-json\/wp\/v2\/tags?post=20496"}],"curies":[{"name":"wp","href":"https:\/\/api.w.org\/{rel}","templated":true}]}}