{"id":20752,"date":"2017-11-25T14:36:28","date_gmt":"2017-11-25T18:36:28","guid":{"rendered":"http:\/\/debateplural.com\/?p=20752"},"modified":"2017-11-25T14:36:28","modified_gmt":"2017-11-25T18:36:28","slug":"catedras-fidel-castro-algo-mas-que-un-homenaje-al-comandante-en-jefe","status":"publish","type":"post","link":"https:\/\/debateplural.net\/site\/2017\/11\/25\/catedras-fidel-castro-algo-mas-que-un-homenaje-al-comandante-en-jefe\/","title":{"rendered":"C\u00e1tedras Fidel Castro: Algo m\u00e1s que un homenaje al Comandante en Jefe"},"content":{"rendered":"<p>Carlos Aznarez (teleSur, 24-11-17)<\/p>\n<p>Fidel plant\u00f3 la semilla y muchos en el continente nos dimos por aludidos. Habl\u00f3 una y mil veces de la necesidad del debate de ideas, de avanzar en la construcci\u00f3n de la unidad a partir de discutir de igual a igual qui\u00e9nes son nuestros enemigos, qu\u00e9 grado de influencia tienen sobre las sociedades y cu\u00e1les son nuestras armas para la resistencia y tiempo despu\u00e9s poder pasar a la ofensiva.<\/p>\n<div class=\"qnewworld\"><\/div>\n<p>Ese debate abierto entre pares, buscando acercar posiciones por encima de las diferencias secundarias, es lo que el Comandante proclamaba y pon\u00eda siempre por delante el ejemplo del pueblo de Cuba y todo lo que se fue construyendo a partir de su aporte y compromiso en circunstancias dif\u00edciles.<\/p>\n<p>De all\u00ed, de esas se\u00f1ales inequ\u00edvocas es que despu\u00e9s del impacto que signific\u00f3 para todos y todas la partida de Fidel, en el marco de la reuni\u00f3n continental de Movimientos hacia el ALBA, realizada en Antioquia, Colombia, en diciembre de 2016, decidimos un\u00e1nimemente poner en marcha las C\u00e1tedras Fidel Castro.<\/p>\n<p>Por un lado para profundizar en sus ense\u00f1anzas te\u00f3ricas pero tambi\u00e9n recogiendo el ejemplo de su pr\u00e1ctica revolucionaria permanente. Estudiar su legado y destacar del mismo los puntos esenciales que puedan servir a la militancia antiimperialista y anticapitalista para afianzar su lucha y generar avances superlativos a corto, mediano y largo plazo.<\/p>\n<p>As\u00ed fue lanzada en Buenos Aires la primera C\u00e1tedra, desarrollando un programa mensual, cuyo primer a\u00f1o, habr\u00e1 de culminar a fines de noviembre con una conferencia sobre \u201cFidel y su comprensi\u00f3n y aporte a la lucha de las mujeres\u201d. \u00a0En todo el desarrollo del ciclo distintas personalidades e integrantes de organizaciones populares de Argentina y el continente, y no pocos cubanos y cubanas, fueron los hacedores de una actividad que atrajo la atenci\u00f3n de numerosos compa\u00f1eros y compa\u00f1eras que se inscribieron en la C\u00e1tedra y mantuvieron regular continuidad.<\/p>\n<p>Al calor de esta primera experiencia, en Argentina surgi\u00f3 otra en la Patagonia y una tercera en la provincia de C\u00f3rdoba. Casi al mismo tiempo, naci\u00f3 la C\u00e1tedra Fidel Castro en Colombia y posteriormente una en Guatemala, todas motorizadas por ALBA Movimientos.<\/p>\n<p>En cada uno de los cap\u00edtulos o clases que abordamos desde las distintas C\u00e1tedras, se reafirm\u00f3 la idea que transitamos por tiempos dif\u00edciles, en que el capitalismo salvaje se ha adue\u00f1ado de varios pa\u00edses del continente.<\/p>\n<p>Gobiernos de derecha reemplazan a otros de car\u00e1cter progresista mediante votos o golpes de Estado palaciegos.<\/p>\n<p>En esta instancia, volver a estudiar a Fidel se hace imprescindible para rearmarnos ideol\u00f3gicamente. De poco servir\u00eda tener impulsos y una pr\u00e1ctica de confrontaci\u00f3n si no tenemos en claro hacia d\u00f3nde queremos conducir toda nuestra lucha.<\/p>\n<p>Primero, es necesario fortalecer nuestra formaci\u00f3n, segundo, poner en marcha tareas de organizaci\u00f3n. Por \u00faltimo volcar todo lo teorizado en un c\u00famulo de acciones concretas que apunten hacia el objetivo a alcanzar.<\/p>\n<p>Tanto para un marxista, \u00a0como para un nacionalista revolucionario latinoamericano no puede haber atajos ni terceras v\u00edas para encaminarnos hacia la Revoluci\u00f3n y al Socialismo.<\/p>\n<p>No es edulcorando los principios originarios, socialdemocratizando las propuestas, ni apelando a opciones centristas o directamente reformistas, que se construye una alternativa revolucionaria.<\/p>\n<p>En ese sentido, el ejemplo de vida, la \u00e9tica y la moral combatiente desplegada a lo largo de toda su existencia por Fidel, ayudan a demostrar que hay otra forma de hacer pol\u00edtica que la que hoy nos invade diariamente.<\/p>\n<p>Sobre el particular ahondamos cuando en la C\u00e1tedra se abord\u00f3 el tema de \u201creforma o Revoluci\u00f3n\u201d, quedando claro c\u00f3mo Fidel al igual que el Che imaginaron un concepto de hombre y mujer nueva, que en los a\u00f1os 60-70 parec\u00edan al alcance de la mano y que ahora los enemigos de los pueblos intentan mostrar como un imposible.<\/p>\n<p>Fidel, que era un optimista muy especial, nunca dej\u00f3 de remarcar que todo proceso autoritario y decididamente pro-imperialista, tarde o temprano se derrumba, implosiona, desaparece. En el actual momento latinoamericano y mundial, esas ense\u00f1anzas son fundamentales para recordarlas y releerlas todos los d\u00edas.<\/p>\n","protected":false},"excerpt":{"rendered":"<p>Carlos Aznarez (teleSur, 24-11-17) Fidel plant\u00f3 la semilla y muchos en el continente nos dimos por aludidos. Habl\u00f3 una y mil veces de la necesidad del debate de ideas, de avanzar en la construcci\u00f3n de la unidad a partir de discutir de igual a igual qui\u00e9nes son nuestros enemigos, qu\u00e9 grado de influencia tienen sobre [&hellip;]<\/p>\n","protected":false},"author":1,"featured_media":10282,"comment_status":"open","ping_status":"open","sticky":false,"template":"","format":"standard","meta":{"footnotes":""},"categories":[14,12],"tags":[],"class_list":["post-20752","post","type-post","status-publish","format-standard","has-post-thumbnail","hentry","category-internacionales","category-politica-3"],"_links":{"self":[{"href":"https:\/\/debateplural.net\/site\/wp-json\/wp\/v2\/posts\/20752"}],"collection":[{"href":"https:\/\/debateplural.net\/site\/wp-json\/wp\/v2\/posts"}],"about":[{"href":"https:\/\/debateplural.net\/site\/wp-json\/wp\/v2\/types\/post"}],"author":[{"embeddable":true,"href":"https:\/\/debateplural.net\/site\/wp-json\/wp\/v2\/users\/1"}],"replies":[{"embeddable":true,"href":"https:\/\/debateplural.net\/site\/wp-json\/wp\/v2\/comments?post=20752"}],"version-history":[{"count":1,"href":"https:\/\/debateplural.net\/site\/wp-json\/wp\/v2\/posts\/20752\/revisions"}],"predecessor-version":[{"id":20753,"href":"https:\/\/debateplural.net\/site\/wp-json\/wp\/v2\/posts\/20752\/revisions\/20753"}],"wp:featuredmedia":[{"embeddable":true,"href":"https:\/\/debateplural.net\/site\/wp-json\/wp\/v2\/media\/10282"}],"wp:attachment":[{"href":"https:\/\/debateplural.net\/site\/wp-json\/wp\/v2\/media?parent=20752"}],"wp:term":[{"taxonomy":"category","embeddable":true,"href":"https:\/\/debateplural.net\/site\/wp-json\/wp\/v2\/categories?post=20752"},{"taxonomy":"post_tag","embeddable":true,"href":"https:\/\/debateplural.net\/site\/wp-json\/wp\/v2\/tags?post=20752"}],"curies":[{"name":"wp","href":"https:\/\/api.w.org\/{rel}","templated":true}]}}