{"id":20906,"date":"2017-11-30T11:55:18","date_gmt":"2017-11-30T15:55:18","guid":{"rendered":"http:\/\/debateplural.com\/?p=20906"},"modified":"2017-11-30T15:06:40","modified_gmt":"2017-11-30T19:06:40","slug":"en-2007-hijo-del-padre-del-postumismo-se-sintio-humillado-por-los-politicos","status":"publish","type":"post","link":"https:\/\/debateplural.net\/site\/2017\/11\/30\/en-2007-hijo-del-padre-del-postumismo-se-sintio-humillado-por-los-politicos\/","title":{"rendered":"En 2007: hijo del padre del postumismo se sinti\u00f3 humillado por los pol\u00edticos"},"content":{"rendered":"<p>Angela Pe\u00f1a (Hoy, 12-5-07)<\/p>\n<p>Domingo Antonio Moreno (To\u00f1o), est\u00e1 enfermo de cuerpo y alma. Las frustraciones por el desprecio de tanta gente que ayer le profes\u00f3 aprecio y ahora lo desecha le han sumido en una profunda depresi\u00f3n que ha trocado su car\u00e1cter sociable y jovial en un esp\u00edritu abatido, vulnerable, que llora como ni\u00f1o golpeado por los desaires.<\/p>\n<p>Es uno de los hijos del poeta Domingo Moreno Jimenes, el sencillo Padre del Postumismo al que han ofrendado tantos reconocimientos y honores aunque muri\u00f3 en la modesta casita del Barrio de Mejoramiento Social pese a que Joaqu\u00edn Balaguer le ofreci\u00f3 una vivienda m\u00e1s adecuada a la gloria de sus aportes literarios.<\/p>\n<p>To\u00f1o no duerme si no es con sedantes que ya no puede comprar porque la pensi\u00f3n min\u00fascula que recibe por m\u00e1s de 50 a\u00f1os de servicio en la administraci\u00f3n p\u00fablica, cuatro mil pesos, se le va en medicamentos, consultas y tratamientos para una ameba que lo aniquila.<\/p>\n<p>Sufre tambi\u00e9n osteoporosis, artritis, reumatismo. \u0093Ni me pregunte por las inyecciones para los huesos, que me dicen que cuestan ocho mil cada una\u0094, comunica.<\/p>\n<p>\u0093Perdone que la reciba en esta facha, antes me cambiaba, sal\u00eda con saco y corbata, pero ya no tengo deseos ni de cambiarme, pon\u00e9rmelos me cansa, ya se me han quitado las ganas de salir\u0094, exclama a gritos.<\/p>\n<p>Vive en Madre Vieja, San Crist\u00f3bal, y cuenta con pocas fuerzas y escaso equilibrio para trasladarse a los despachos donde acud\u00eda a hacer sala a los ministros que consideraba sus amigos, para que le ayudaran. \u0093Me han ignorado, los he visitado cogiendo guagua, con el bast\u00f3n en una mano y la otra agarr\u00e1ndome de las paredes, me ponen a esperar, no me reciben, no s\u00e9 por qu\u00e9 no me ayudan\u0094, dice llorando desconsolado.<\/p>\n<p>Los recuerdos de su progenitor le entristecen y sus l\u00e1grimas incesantes corren al evocarlo. Igual lo sobrecoge la angustia cuando confiesa que\u00a0 su hermana Lourdes est\u00e1 muy enferma, ingresada en una cl\u00ednica ubicada frente a la casita donde vive en la calle que honra la memoria del autor de \u0093La hija reintegrada\u0094. \u0093\u00bfC\u00f3mo voy a verla? No puedo\u0094, comenta contrariado.<\/p>\n<p>Domingo Antonio, que naci\u00f3 en Santo Domingo el 14 de febrero de 1930, aspira a que lo internen en la Plaza de la Salud, le proporcionen transporte y los medicamentos que requieren sus quebrantos. \u0093No tengo seguro, la pensi\u00f3n es pobre\u0094.<\/p>\n<p>Trabaj\u00f3 29 a\u00f1os en la Corporaci\u00f3n Dominicana de Electricidad como recaudador y oficinista, desde 1956 hasta 1985, gracias a su padrino Jes\u00fas Mar\u00eda Troncoso S\u00e1nchez, el primer gobernador del Banco Central. Luego pas\u00f3 a Obras P\u00fablicas como encargado de transporte y a la Loter\u00eda Nacional como inspector, donde le proporcionaban una ayuda de mil pesos que le suspendieron. Fue auxiliar de correos en La Cruz de Palo Verde; taquillita y encargado de despensa del hospital de Santiago Rodr\u00edguez. \u0093No he sido un mendigo ni un vago, he sido un hombre de trabajo, pero ahora paso por el peor momento de mi vida\u0094.<\/p>\n<p><strong>La promesa del Presidente<\/strong><\/p>\n<p>Como Dios lo ayud\u00f3, cuenta, pudo ver al Presidente Leonel Fern\u00e1ndez en una actividad en Mao, Valverde. \u0093Estaba con Franklin Almeyda y Euclides Guti\u00e9rrez, y yo le dije a Euclides: yo le mandaba a tu pap\u00e1 la correspondencia en La Grenada. Y \u00e9l orden\u00f3: d\u00e9jenlo pasar, que su pap\u00e1 fue mi maestro. Y habl\u00e9 con el Presidente: Leonel, yo quiero que usted me ayude, me dijo que s\u00ed, que contara con eso\u0094.<\/p>\n<p>Despu\u00e9s, agrega, ha visitado a Almeyda y a Guti\u00e9rrez F\u00e9lix y ninguno de los dos lo ha recibido. \u0093As\u00ed, con mi bast\u00f3n, cay\u00e9ndome, casi sin poder caminar, he ido, pero me han ignorado, mandan a decirme que deje el tel\u00e9fono para llamarme, y m\u00e1s nunca\u0094.<\/p>\n<p><strong>\u0093El mejor bi\u00f3grafo de mi padre\u0094<\/strong><\/p>\n<p>El secretario de Estado de Cultura, afirma, fue entonces su segunda esperanza tras el desplante de los dos funcionarios. \u0093Jos\u00e9 Rafael Lantigua es el mejor bi\u00f3grafo de Domingo Moreno Jimenes. Me mand\u00f3 este libro dedicado\u0094, narra mientras muestra el ejemplar \u0093Domingo Moreno Jimenes: Biograf\u00eda de un poeta\u0094.<\/p>\n<p>El ministro se lo autografi\u00f3: \u0093Para Domingo A. Moreno, hijo del poeta mayor, con mi amistad fraterna. 23\/11\/2006\u0094.<\/p>\n<p>\u0093Al ver eso pens\u00e9: me tiene cari\u00f1o, afecto, me quiere, me distingue, y he acudido a \u00e9l varias veces solicit\u00e1ndole una entrevista pero no he pasado de la recepci\u00f3n, me piden el nombre y el tel\u00e9fono, prometen que me llamar\u00e1n y nada, tampoco\u0094, enfatiza.<\/p>\n<p>Se explaya destacando la relaci\u00f3n casi familiar existente entre el reputado escritor y los Moreno Espinal. \u0093Pap\u00e1 lo quer\u00eda como a su hijo. Aqu\u00ed en San Crist\u00f3bal hay una Casa de la Cultura, la jefa es do\u00f1a Blanca, pens\u00e9 que \u00e9l podr\u00eda nombrarme asistente, ayudante. Yo vengo desconsolado, concho, tanta que puede ayudarme\u2026\u0094, reacciona entre sollozos.<\/p>\n<p>La casa donde vive don To\u00f1o en Madre Vieja es frecuentada por poetas, profesores de literatura, antologistas que preparan trabajos en torno a la obra del postumista que \u0093recorri\u00f3 el pa\u00eds como un monje peregrino, rodeado de gente humilde de quienes no pod\u00eda sospecharse que entendieran su poes\u00eda\u0094, al decir de Jes\u00fas Mar\u00eda Troncoso, el amigo y compadre entra\u00f1able que le public\u00f3 \u0093Obras Po\u00e9ticas, Del gemido a la fragua\u0094, en 1975.<\/p>\n<p>En un viejo malet\u00edn cubierto en las esquinas con cinta adhesiva para cubrir las mordidas de los ratones, el hijo que acompa\u00f1\u00f3 al bardo en todas sus caminatas, conserva el testimonio de los tributos recibidos por el ilustre autor de sus d\u00edas.<\/p>\n<p>Adem\u00e1s de una calle, Moreno Jimenes fue declarado Patrimonio Cultura Viviente, se le impuso la Orden de Duarte, S\u00e1nchez y Mella en el Grado de Caballero, su biograf\u00eda aparece en el Diccionario Peque\u00f1o Larousse y su producci\u00f3n est\u00e1 incorporada a todos los textos de literatura dominicana y algunos universales.<\/p>\n<p>Fue maestro, director de escuela y mantuvo a sus hijos con la venta de sus libros que llevaba de pueblo en pueblo, relata To\u00f1o.<\/p>\n<p>\u0093Mi pap\u00e1 era nieto del Presidente Juan Isidro Jimenes, el primer nieto que fue a ver el Presidente. Mi padre dio toda su materia gris por el parnaso dominicano y tuvo elogios de propios y extra\u00f1os\u0094, exclama el hijo que agrega a sus penurias la muerte reciente de su compa\u00f1era Cruz Beatriz Espinal de Moreno, con quien procre\u00f3 seis hijos: Josefa Antonia, Olga Beatriz, Lourdes del Rosario, Mar\u00eda Consuelo, Domingo Antonio y Ram\u00f3n Dar\u00edo. Vive junto a Mar\u00eda Consuelo en una vivienda s\u00f3lida y confortable pese a estar localizada en un barrio pobre, que, seg\u00fan refiri\u00f3, pudo levantar poco a poco, con su trabajo, en la calle Villa Olga.<\/p>\n<p>\u0093Hace tiempo que no salgo, estoy muy d\u00e9bil, no se me quitan las diarreas, se me dificulta caminar, montarme en un veh\u00edculo, subir una escalera, y ya me siento tan despreciado que no quiero sufrir tanto rechazo. \u00bfPor qu\u00e9, Dios m\u00edo, no quieren recibirme? Quisiera que el Presidente me ayudara, que se acuerde de su promesa, all\u00e1, en los multifamiliares de Mao. Y que los viejos amigos no me abandonen\u0094.<\/p>\n","protected":false},"excerpt":{"rendered":"<p>Angela Pe\u00f1a (Hoy, 12-5-07) Domingo Antonio Moreno (To\u00f1o), est\u00e1 enfermo de cuerpo y alma. Las frustraciones por el desprecio de tanta gente que ayer le profes\u00f3 aprecio y ahora lo desecha le han sumido en una profunda depresi\u00f3n que ha trocado su car\u00e1cter sociable y jovial en un esp\u00edritu abatido, vulnerable, que llora como ni\u00f1o [&hellip;]<\/p>\n","protected":false},"author":1,"featured_media":20907,"comment_status":"open","ping_status":"open","sticky":false,"template":"","format":"standard","meta":{"footnotes":""},"categories":[5,17],"tags":[],"class_list":["post-20906","post","type-post","status-publish","format-standard","has-post-thumbnail","hentry","category-nacionales","category-sociedad"],"_links":{"self":[{"href":"https:\/\/debateplural.net\/site\/wp-json\/wp\/v2\/posts\/20906"}],"collection":[{"href":"https:\/\/debateplural.net\/site\/wp-json\/wp\/v2\/posts"}],"about":[{"href":"https:\/\/debateplural.net\/site\/wp-json\/wp\/v2\/types\/post"}],"author":[{"embeddable":true,"href":"https:\/\/debateplural.net\/site\/wp-json\/wp\/v2\/users\/1"}],"replies":[{"embeddable":true,"href":"https:\/\/debateplural.net\/site\/wp-json\/wp\/v2\/comments?post=20906"}],"version-history":[{"count":3,"href":"https:\/\/debateplural.net\/site\/wp-json\/wp\/v2\/posts\/20906\/revisions"}],"predecessor-version":[{"id":20920,"href":"https:\/\/debateplural.net\/site\/wp-json\/wp\/v2\/posts\/20906\/revisions\/20920"}],"wp:featuredmedia":[{"embeddable":true,"href":"https:\/\/debateplural.net\/site\/wp-json\/wp\/v2\/media\/20907"}],"wp:attachment":[{"href":"https:\/\/debateplural.net\/site\/wp-json\/wp\/v2\/media?parent=20906"}],"wp:term":[{"taxonomy":"category","embeddable":true,"href":"https:\/\/debateplural.net\/site\/wp-json\/wp\/v2\/categories?post=20906"},{"taxonomy":"post_tag","embeddable":true,"href":"https:\/\/debateplural.net\/site\/wp-json\/wp\/v2\/tags?post=20906"}],"curies":[{"name":"wp","href":"https:\/\/api.w.org\/{rel}","templated":true}]}}