{"id":2118,"date":"2015-11-21T13:48:37","date_gmt":"2015-11-21T13:48:37","guid":{"rendered":"http:\/\/debateplural.com\/?p=2118"},"modified":"2016-06-23T14:21:59","modified_gmt":"2016-06-23T14:21:59","slug":"crisis-migratoria","status":"publish","type":"post","link":"https:\/\/debateplural.net\/site\/2015\/11\/21\/crisis-migratoria\/","title":{"rendered":"Crisis migratoria: b\u00fasqueda de la bandera norteamericana que hoy es el para\u00edso perdido para Am\u00e9rica Latina"},"content":{"rendered":"<div id=\"attachment_2119\" style=\"width: 715px\" class=\"wp-caption aligncenter\"><img loading=\"lazy\" decoding=\"async\" aria-describedby=\"caption-attachment-2119\" class=\"size-full wp-image-2119\" src=\"http:\/\/tripletecnologia.com\/website\/debateplural\/wp-content\/uploads\/2015\/11\/migrantes-cubanos-1.jpg\" alt=\"Migrantes cubanos\" width=\"705\" height=\"381\" \/><p id=\"caption-attachment-2119\" class=\"wp-caption-text\">Migrantes cubanos<\/p><\/div>\n<p style=\"text-align:justify;\"><strong>A continuaci\u00f3n Debateplural.com, comparte con los lectores el art\u00edculo de Natasha\u00a0 V\u00e1squez, titulado \"Crisis migratoria\", publicado en el portal Sputniknews.com, en fecha 20 de noviembre 2015.<\/strong><\/p>\n<p class=\"b-article__lead\" style=\"text-align:justify;\">Parad\u00f3jicamente en los \u00faltimos meses han crecido las cifras de aquellos cubanos que se aventuran por cualquier v\u00eda a buscar el \u201csue\u00f1o americano\u201d, pues creen que podr\u00edan desaparecer los privilegios que durante d\u00e9cadas les ha ofrecido la Ley de Ajuste Cubano.\u00a0<!--more--><\/p>\n<div class=\"b-article__videoclub_embed\" style=\"text-align:justify;\">En un dram\u00e1tico cap\u00edtulo de esta historia, unos dos mil ciudadanos cubanos, incluyendo ni\u00f1os, mujeres y ancianos, arribaron recientemente a Costa Rica desde otros pa\u00edses de la regi\u00f3n con la intenci\u00f3n de continuar viaje rumbo norte.<\/div>\n<div class=\"b-article__text\">\n<p style=\"text-align:justify;\">Tras el desmantelamiento de una red de tr\u00e1fico de personas, quedaron atascados en ese pa\u00eds.<\/p>\n<p style=\"text-align:justify;\">Al intentar pasar la frontera con Nicaragua, fueron repelidos violentamente por las fuerzas del ej\u00e9rcito nicaraguense, en un incidente que seg\u00fan informaciones extraoficiales, provoc\u00f3 heridos y hasta alg\u00fan fallecido.<\/p>\n<\/div>\n<p>Esta situaci\u00f3n se ha convertido en un nuevo conflicto diplom\u00e1tico entre ambos pa\u00edses centroamericanos, que se acusan mutuamente.<\/p>\n<p style=\"text-align:justify;\">Nicaragua siente violada su soberan\u00eda mientras los ticos tratan de quitarse el problema de encima argumentando razones humanitarias, que no esgrimen con ning\u00fan otro grupo de posibles migrantes.<\/p>\n<p style=\"text-align:justify;\">Nicaragua siente violada su soberan\u00eda mientras los ticos tratan de quitarse el problema de encima argumentando razones humanitarias, que no esgrimen con ning\u00fan otro grupo de posibles migrantes.<\/p>\n<p style=\"text-align:justify;\">De momento, las soluciones satisfactorias no est\u00e1n a la vista, y siguen los cubanos durmiendo en improvisados albergues cerca de la frontera, pero en su mayor\u00eda sin querer valorar la opci\u00f3n de regresar a su pa\u00eds.<\/p>\n<p style=\"text-align:justify;\">Lo peor es que esta situaci\u00f3n forma parte de un fen\u00f3meno mayor. El gobierno de Costa Rica asegura que, cada d\u00eda, unos 200 cubanos intentan ingresar a su territorio, procedentes en su mayor\u00eda de Ecuador, a donde pueden viajar desde La Habana sin necesidad de visa.<\/p>\n<p style=\"text-align:justify;\">Otras cifras refieren que en lo que va de 2015, m\u00e1s de 12.000 cubanos ingresaron a Costa Rica desde Panam\u00e1. Las cifras se disparan si contamos los que han conseguido llegar a la frontera con EEUU a trav\u00e9s de M\u00e9xico.<\/p>\n<p style=\"text-align:justify;\">Un conflicto que puede crecer y no podr\u00e1 resolverse sin la participaci\u00f3n efectiva de todos los pa\u00edses implicados, en primer lugar,<a href=\"http:\/\/localhost\/debateplural\/tag\/cuba\"> Cuba<\/a> y <a href=\"http:\/\/localhost\/debateplural\/tag\/estados-unidos\">Estados Unidos<\/a>.<\/p>\n<p style=\"text-align:justify;\">Por un lado, tenemos el doble rasero de EEUU, que mientras iza su bandera en La Habana y dice querer una emigraci\u00f3n legal y ordenada, politiza el tema migratorio, mantiene la Ley de Ajuste Cubano, y aplica la llamada pol\u00edtica de \"pies secos-pies mojados\".<\/p>\n<p style=\"text-align:justify;\">As\u00ed, los cubanos gozan de un tratamiento diferenciado, al ser admitidos de forma inmediata y autom\u00e1tica, incluso si llegan de manera ilegal a territorio norteamericano. Una pol\u00edtica que estimula la emigraci\u00f3n irregular y es tachada por el gobierno de Cuba de incongruente con el actual contexto bilateral.<\/p>\n<p style=\"text-align:justify;\">Por otro, las autoridades cubanas, que mal y tarde dan la cara a un problema que afecta a sus ciudadanos y del que son en buena medida responsables.<\/p>\n<p style=\"text-align:justify;\">Mientras el gobierno cubano se desentienda de la gente que opta por no vivir en la isla, mientras a pesar de discursos conciliatorios se sigan viendo como enemigos y no como parte activa de la sociedad, mientras no existan pol\u00edticas que propicien el acercamiento de los emigrados y su inclusi\u00f3n efectiva en nuestra vida, y sobre todo, mientras contin\u00faen existiendo las causas reales de esta emigraci\u00f3n, se seguir\u00e1n dando casos como estos y Cuba ser\u00e1 tambi\u00e9n culpable.<\/p>\n<p style=\"text-align:justify;\">En el medio, personas de carne y hueso, que han tomado la dif\u00edcil decisi\u00f3n de emigrar con todos sus riesgos, a veces de forma irresponsable.<\/p>\n<p style=\"text-align:justify;\">Es sintom\u00e1tico que a pesar de que desde fuera se vea a la isla como la gran oportunidad del momento, muchos dentro no lo perciben as\u00ed y prefieren la aventura de lo desconocido a la tremenda incertidumbre de lo conocido.<\/p>\n<p style=\"text-align:justify;\">La emigraci\u00f3n pasa por la falta de expectativas y esperanzas de futuro, por no ver el final de un t\u00fanel demasiado largo, en el que se nos va yendo la vida cada d\u00eda.<\/p>\n<p style=\"text-align:justify;\">Por esos seres humanos, por los que se van, los que ya se fueron y los que a veces contra todo pron\u00f3stico seguimos aqu\u00ed, es hora de que cambien las cosas.<\/p>\n<p style=\"text-align:justify;\">Las crisis migratorias est\u00e1n hechas de la suma de grandes o peque\u00f1as tragedias personales, sea en el Mediterr\u00e1neo o en casa. No podemos seguir mirando al otro lado.<\/p>\n<p>&nbsp;<\/p>\n","protected":false},"excerpt":{"rendered":"<p>A continuaci\u00f3n Debateplural.com, comparte con los lectores el art\u00edculo de Natasha\u00a0 V\u00e1squez, titulado \"Crisis migratoria\", publicado en el portal Sputniknews.com, en fecha 20 de noviembre 2015. Parad\u00f3jicamente en los \u00faltimos meses han crecido las cifras de aquellos cubanos que se aventuran por cualquier v\u00eda a buscar el \u201csue\u00f1o americano\u201d, pues creen que podr\u00edan desaparecer los [&hellip;]<\/p>\n","protected":false},"author":1,"featured_media":8507,"comment_status":"open","ping_status":"open","sticky":false,"template":"","format":"standard","meta":{"footnotes":""},"categories":[14],"tags":[20,8],"class_list":["post-2118","post","type-post","status-publish","format-standard","has-post-thumbnail","hentry","category-internacionales","tag-cuba","tag-estados-unidos"],"_links":{"self":[{"href":"https:\/\/debateplural.net\/site\/wp-json\/wp\/v2\/posts\/2118"}],"collection":[{"href":"https:\/\/debateplural.net\/site\/wp-json\/wp\/v2\/posts"}],"about":[{"href":"https:\/\/debateplural.net\/site\/wp-json\/wp\/v2\/types\/post"}],"author":[{"embeddable":true,"href":"https:\/\/debateplural.net\/site\/wp-json\/wp\/v2\/users\/1"}],"replies":[{"embeddable":true,"href":"https:\/\/debateplural.net\/site\/wp-json\/wp\/v2\/comments?post=2118"}],"version-history":[{"count":1,"href":"https:\/\/debateplural.net\/site\/wp-json\/wp\/v2\/posts\/2118\/revisions"}],"predecessor-version":[{"id":8508,"href":"https:\/\/debateplural.net\/site\/wp-json\/wp\/v2\/posts\/2118\/revisions\/8508"}],"wp:featuredmedia":[{"embeddable":true,"href":"https:\/\/debateplural.net\/site\/wp-json\/wp\/v2\/media\/8507"}],"wp:attachment":[{"href":"https:\/\/debateplural.net\/site\/wp-json\/wp\/v2\/media?parent=2118"}],"wp:term":[{"taxonomy":"category","embeddable":true,"href":"https:\/\/debateplural.net\/site\/wp-json\/wp\/v2\/categories?post=2118"},{"taxonomy":"post_tag","embeddable":true,"href":"https:\/\/debateplural.net\/site\/wp-json\/wp\/v2\/tags?post=2118"}],"curies":[{"name":"wp","href":"https:\/\/api.w.org\/{rel}","templated":true}]}}