{"id":21239,"date":"2017-12-11T17:49:12","date_gmt":"2017-12-11T21:49:12","guid":{"rendered":"http:\/\/debateplural.com\/?p=21239"},"modified":"2017-12-13T13:12:20","modified_gmt":"2017-12-13T17:12:20","slug":"eeuu-promete-volver-a-valorar-la-cuestion-de-crimea-y-asi-le-responde-moscu-2","status":"publish","type":"post","link":"https:\/\/debateplural.net\/site\/2017\/12\/11\/eeuu-promete-volver-a-valorar-la-cuestion-de-crimea-y-asi-le-responde-moscu-2\/","title":{"rendered":"EEUU promete volver a valorar la cuesti\u00f3n de Crimea y as\u00ed le responde Mosc\u00fa"},"content":{"rendered":"<div class=\"b-article__lead\">\n<p>El tema de Crimea no es objeto de discusi\u00f3n, declar\u00f3 a la prensa el portavoz del presidente ruso, Dmitri Peskov, en respuesta a recientes declaraciones del secretario de Estado de EEUU, Rex Tillerson.<\/p>\n<\/div>\n<div class=\"b-article__text\">\n<p class=\"marker-quote1\">\"Respecto a Crimea, no hay nada que a\u00f1adir, este tema no est\u00e1 sujeto bajo ning\u00fan concepto a debate alguno\", sentenci\u00f3.\u00a0El secretario de Estado Rex Tillerson declar\u00f3 poco antes que las sanciones contra Rusia seguir\u00e1n vigentes hasta que Crimea se reincorpore a Ucrania.<\/p>\n<p>Crimea se separ\u00f3 de Ucrania y\u00a0<strong>se incorpor\u00f3 a Rusia<\/strong>\u00a0tras celebrar en marzo de 2014 un refer\u00e9ndum en el que m\u00e1s del 96% de los votantes apoyaron esta opci\u00f3n.<\/p>\n<p>Las autoridades ucranianas no reconocen los resultados del plebiscito.<\/p>\n<p>La consulta popular se llev\u00f3 a cabo un mes despu\u00e9s del golpe de Estado que se produjo en Ucrania y que desencaden\u00f3 un conflicto armado interno en el sureste de ese pa\u00eds.<\/p>\n<p>El presidente ruso, Vlad\u00edmir Putin, recalc\u00f3 en reiteradas ocasiones que el tema de Crimea est\u00e1 \"cerrado definitivamente\".<\/p>\n<\/div>\n","protected":false},"excerpt":{"rendered":"<p>El tema de Crimea no es objeto de discusi\u00f3n, declar\u00f3 a la prensa el portavoz del presidente ruso, Dmitri Peskov, en respuesta a recientes declaraciones del secretario de Estado de EEUU, Rex Tillerson. \"Respecto a Crimea, no hay nada que a\u00f1adir, este tema no est\u00e1 sujeto bajo ning\u00fan concepto a debate alguno\", sentenci\u00f3.\u00a0El secretario de [&hellip;]<\/p>\n","protected":false},"author":1,"featured_media":9940,"comment_status":"open","ping_status":"open","sticky":false,"template":"","format":"standard","meta":{"footnotes":""},"categories":[14,12],"tags":[],"class_list":["post-21239","post","type-post","status-publish","format-standard","has-post-thumbnail","hentry","category-internacionales","category-politica-3"],"_links":{"self":[{"href":"https:\/\/debateplural.net\/site\/wp-json\/wp\/v2\/posts\/21239"}],"collection":[{"href":"https:\/\/debateplural.net\/site\/wp-json\/wp\/v2\/posts"}],"about":[{"href":"https:\/\/debateplural.net\/site\/wp-json\/wp\/v2\/types\/post"}],"author":[{"embeddable":true,"href":"https:\/\/debateplural.net\/site\/wp-json\/wp\/v2\/users\/1"}],"replies":[{"embeddable":true,"href":"https:\/\/debateplural.net\/site\/wp-json\/wp\/v2\/comments?post=21239"}],"version-history":[{"count":1,"href":"https:\/\/debateplural.net\/site\/wp-json\/wp\/v2\/posts\/21239\/revisions"}],"predecessor-version":[{"id":21240,"href":"https:\/\/debateplural.net\/site\/wp-json\/wp\/v2\/posts\/21239\/revisions\/21240"}],"wp:featuredmedia":[{"embeddable":true,"href":"https:\/\/debateplural.net\/site\/wp-json\/wp\/v2\/media\/9940"}],"wp:attachment":[{"href":"https:\/\/debateplural.net\/site\/wp-json\/wp\/v2\/media?parent=21239"}],"wp:term":[{"taxonomy":"category","embeddable":true,"href":"https:\/\/debateplural.net\/site\/wp-json\/wp\/v2\/categories?post=21239"},{"taxonomy":"post_tag","embeddable":true,"href":"https:\/\/debateplural.net\/site\/wp-json\/wp\/v2\/tags?post=21239"}],"curies":[{"name":"wp","href":"https:\/\/api.w.org\/{rel}","templated":true}]}}