{"id":21306,"date":"2017-12-16T06:02:16","date_gmt":"2017-12-16T10:02:16","guid":{"rendered":"http:\/\/debateplural.com\/?p=21306"},"modified":"2017-12-15T15:54:22","modified_gmt":"2017-12-15T19:54:22","slug":"la-inversion-publica-va-a-donde-no-se-necesita-y-no-llega-donde-se-necesita","status":"publish","type":"post","link":"https:\/\/debateplural.net\/site\/2017\/12\/16\/la-inversion-publica-va-a-donde-no-se-necesita-y-no-llega-donde-se-necesita\/","title":{"rendered":"\u00a1La inversi\u00f3n p\u00fablica va a donde No se necesita y No llega donde se necesita!"},"content":{"rendered":"<p>Miguel Ceara-Hatton (Hoy, 29-11-16)<\/p>\n<p class=\"p1\"><span class=\"s1\">\u00a0El resultado a lo largo de la vida de las personas debe depender del esfuerzo que realiza y no de la clase social a la que pertenece, del sexo, del color de la piel, la religi\u00f3n ni del lugar donde haya residido la mayor parte de la vida. Para que el resultado en la vida dependa del esfuerzo de las personas se necesita una sociedad basada en derechos, de forma que todas las personas tengan el mismo acceso a los recursos y oportunidades necesarios que permitan, como indica Amartya Sen (1999, p.99), la expansi\u00f3n de sus libertades reales (estar educado, en salud, trabajar, seguridad, entre otros muchos) para elegir el tipo de vida que tienen razones para valorar.<span class=\"Apple-converted-space\">\u00a0\u00a0<\/span>Si una persona no tiene libertades vive en una situaci\u00f3n de privaci\u00f3n como la pobreza, la ignorancia, la falta de salud, de oportunidades y medios de vidas, es v\u00edctima de la exclusi\u00f3n, del clientelismo, entre otras muchas expresiones de falta de capacidades para poder elegir en la vida.\u00a0<a href=\"http:\/\/acento.com.do\/wp-content\/uploads\/1-2.gif\" data-slb-active=\"1\" data-slb-asset=\"1889633286\" data-slb-internal=\"0\" data-slb-group=\"8398909\"><img decoding=\"async\" class=\"size-large wp-image-8398969 aligncenter\" src=\"http:\/\/acento.com.do\/wp-content\/uploads\/1-2-700x393.gif\" alt=\"1\" \/><\/a>\u00a0<\/span><\/p>\n<p class=\"p1\"><span class=\"s1\">El desarrollo es de las personas y por lo tanto implican tres dimensiones importantes:<span class=\"Apple-converted-space\">\u00a0\u00a0<\/span>a)\u00a0<b>una dimensi\u00f3n individual y colectiva<\/b>, pues las capacidades se portan individualmente (es la persona que est\u00e1 en salud), pero se construyen social socialmente (el sistema de salud).<\/span><\/p>\n<p class=\"p1\"><span class=\"s1\">b)\u00a0<b>Hay una dimensi\u00f3n poder y derechos<\/b>. El acceso a las oportunidades depende de c\u00f3mo se dan las relaciones de poder en la sociedad. En la Rep\u00fablica Dominicana de hoy, el acceso a las oportunidades depende del poder personal (econ\u00f3mico, social, institucional) y del grupo al que se pertenece y no de los derechos de la ciudadan\u00eda. Para construir una sociedad basada en derechos es necesario modificar las relaciones de poder, lograr una sociedad empoderada y movilizada que construya unas relaciones de poder m\u00e1s equitativas y que pueda convertir al desarrollo econ\u00f3mico, social e institucional de la gente, de una cuesti\u00f3n de poder a una cuesti\u00f3n de derechos.<a href=\"http:\/\/acento.com.do\/wp-content\/uploads\/2-2.gif\" data-slb-active=\"1\" data-slb-asset=\"1132645847\" data-slb-internal=\"0\" data-slb-group=\"8398909\"><img decoding=\"async\" class=\"aligncenter size-large wp-image-8398976\" src=\"http:\/\/acento.com.do\/wp-content\/uploads\/2-2-700x393.gif\" alt=\"2\" \/><\/a><\/span><\/p>\n<p class=\"p1\"><span class=\"s1\">c) Finalmente,\u00a0<b>tiene una dimensi\u00f3n espacial<\/b>, porque se trata de un hecho de la gente en lo concreto, en lo cotidiano que debe materializarse en c\u00f3mo vive la gente en el lugar donde reside. Se trata de que las personas puedan tener en el lugar donde residen un trabajo decente, alimentarse adecuadamente, acceso a un techo digno, a un servicio de salud que funcione, con calidad y trato humano, a la electricidad permanente, escuelas p\u00fablicas con un curr\u00edculo que promueva la calidad, igualdad de oportunidades para las mujeres, acceso a agua potable por tuber\u00edas en la casa, acceso al internet y otros muchos aspectos que contribuyen a mejorar la calidad de vida de la gente y den seguridad.<\/span><\/p>\n<p class=\"p1\"><span class=\"s1\">Entiendo por<b>\u00a0territorio\u00a0<\/b>el \u00e1rea geogr\u00e1fica delimitada por caracter\u00edsticas f\u00edsicas, socioculturales y econ\u00f3micas particulares, es el contenedor de recursos, instituciones, actividad econ\u00f3mica, etc. Mientras que el\u00a0<b>espacio<\/b>\u00a0es una construcci\u00f3n social que posee una din\u00e1mica propia y es lo que contiene el territorio. Al ser una construcci\u00f3n social, implica que la situaci\u00f3n social de los territorios de hoy (provincias, por ejemplo) es el resultado de pol\u00edticas, instituciones, relaciones de poder, recursos f\u00edsicos que definen una din\u00e1mica y por lo tanto, es modificable a trav\u00e9s de pol\u00edticas p\u00fablicas.<\/span><\/p>\n<p class=\"p1\"><span class=\"s1\"><a href=\"http:\/\/acento.com.do\/wp-content\/uploads\/3-2.gif\" data-slb-active=\"1\" data-slb-asset=\"33038001\" data-slb-internal=\"0\" data-slb-group=\"8398909\"><img loading=\"lazy\" decoding=\"async\" class=\"aligncenter wp-image-8398977 size-large\" src=\"http:\/\/acento.com.do\/wp-content\/uploads\/3-2-700x393.gif\" alt=\"3\" width=\"700\" height=\"393\" \/><\/a>La visi\u00f3n de desarrollo econ\u00f3mico que predomina en el pa\u00eds ha hecho invisible las condiciones de vida de la poblaci\u00f3n en el territorio (y en todas partes).<span class=\"Apple-converted-space\">\u00a0\u00a0<\/span>El \u00e9xito de una gesti\u00f3n p\u00fablica se mide casi exclusivamente por las cosas (edificios) y por el crecimiento del PIB, lo cual implica la invisibilidad de las personas y la \u201cdesterritorialidad\u201d del \u00e9xito, situaci\u00f3n que se reproduce por las relaciones de poder, la cultura, las instituciones, la prensa y otros medios que reproducen el orden social.\u00a0<\/span><\/p>\n<p class=\"p1\"><span class=\"s1\">La evidencia muestra que RD tiende cada vez a las diferencias interprovinciales y ello conduce a una desintegraci\u00f3n del territorio. Las diferencias interprovinciales se miden por la evoluci\u00f3n en el tiempo de la dispersi\u00f3n o distancia media de cualquier indicador provincial con respecto al valor promedio nacional. Cuando esa distancia se acorta en el tiempo se dice que las provincias (el territorio) convergen y las provincias se integran al proceso de desarrollo nacional (\u00bfsi es que hay?) y cuando se aumenta se dice que hay divergencia y en la pr\u00e1ctica se crean varias rep\u00fablicas dominicanas con ninguna o muy poca conexi\u00f3n entre ellas y con marcadas diferencias sociales.\u00a0<\/span><\/p>\n<p class=\"p1\"><span class=\"s1\">Alguna evidencia pues ilustrar esta situaci\u00f3n. Por razones de espacio, solamente analizo dos indicadores de resultados que pueden dar una idea del proceso de divergencia provincial.<\/span><\/p>\n<p class=\"p1\"><span class=\"s1\"><b>1. La diferencia interprovincial de poblaci\u00f3n aumenta.<\/b><\/span><\/p>\n<p class=\"p1\"><span class=\"s1\">Entre 1960 y el 2010 se ha producido una divergencia en la poblaci\u00f3n de las provincias. El nivel de divergencia interprovincial se duplica (se multiplica por 2.1 veces) y una medida de concentraci\u00f3n como el Gini, indica que el nivel de concentraci\u00f3n se multiplica por 1.45 veces para el per\u00edodo de 50 a\u00f1os. Ademas:<\/span><\/p>\n<ul>\n<li class=\"li1\"><span class=\"s1\">Las 3 provincias m\u00e1s pobladas en 1960 concentraban el 30% de la poblaci\u00f3n mientras que en 2010 las tres m\u00e1s pobladas concentraban el 52% de la poblaci\u00f3n.<\/span><\/li>\n<li class=\"li1\"><span class=\"s1\">La cantidad de provincias con disminuci\u00f3n de poblaci\u00f3n crece entre los censos de 2002-1993 y 2010-2002 (cuadro 1 y 2):<span class=\"Apple-converted-space\">\u00a0\u00a0<\/span>de 8 provincias entre 2002-1993 se pasa a 10 entre 2010 a 2002.\u00a0<\/span><\/li>\n<li class=\"li1\"><span class=\"s1\">Hay 9 provincias que han perdido poblaci\u00f3n desde 1993 en adelante, estas son: El Seibo que perdi\u00f3 el -9.4% de su poblaci\u00f3n desde 1993, la provincia Hermanas Miraban tambi\u00e9n perdi\u00f3 el -9.4% de su poblaci\u00f3n, San Juan perdi\u00f3 el -8.0%, Santiago Rodr\u00edguez el -7.5%, Baoruco perdi\u00f3 el -7.5%, S\u00e1nchez Ram\u00edrez el -7.2%, Dajab\u00f3n ha perdido el -6.8%, San Jos\u00e9 de Ocoa el -3.9% y El\u00edas Pi\u00f1a el -2.5%.<\/span><\/li>\n<\/ul>\n<p class=\"p1\"><span class=\"s1\">Es decir, la poblaci\u00f3n se concentra y las diferencias interprovinciales de poblaci\u00f3n aumentan.<\/span><\/p>\n<p class=\"p1\"><span class=\"s1\"><b>2. \u00a0La diferencia interprovincial de pobreza aumenta.<\/b><\/span><\/p>\n<p class=\"p1\"><span class=\"s1\">El Ministerio de Econom\u00eda homogeniz\u00f3 los Mapas de Pobreza de 1993, 2002 y 2010 para que pudieran ser comparables en el tiempo. La comparaci\u00f3n indica que, si bien la tasa de pobreza nacional disminuy\u00f3 entre 1963 y 2010, la distancia de los niveles de pobreza de cada provincia con relaci\u00f3n al promedio nacional se ha m\u00e1s que duplicado (2.34 veces). Es decir, las provincias pobres son relativamente m\u00e1s pobres con relaci\u00f3n a las provincias que tienen m\u00e1s poblaci\u00f3n no pobre (Cuadro 4).<span class=\"Apple-converted-space\">\u00a0 \u00a0<\/span><\/span><\/p>\n<p class=\"p1\"><span class=\"s1\"><a href=\"http:\/\/acento.com.do\/wp-content\/uploads\/4-2.gif\" data-slb-active=\"1\" data-slb-asset=\"1397921757\" data-slb-internal=\"0\" data-slb-group=\"8398909\"><img loading=\"lazy\" decoding=\"async\" class=\"aligncenter wp-image-8398978 size-large\" src=\"http:\/\/acento.com.do\/wp-content\/uploads\/4-2-700x393.gif\" alt=\"4\" width=\"700\" height=\"393\" \/><\/a>Se aprecia que las cuatro provincias del sur-oeste son las m\u00e1s pobres, con una tasa promedio de pobreza de 76.4% (1.89 veces el promedio nacional) y las 7 provincias fronterizas seg\u00fan lo define la Ley 28-01, tienen una tasa de pobreza de 66.5% equivalente a 1.64 veces el promedio nacional.<span class=\"Apple-converted-space\">\u00a0\u00a0<\/span>En resumen, la din\u00e1mica de la econom\u00eda dominicana distribuye los beneficios del crecimiento de manera cada vez m\u00e1s inequitativa a nivel territorial y por supuesto a nivel social.<\/span><\/p>\n<p class=\"p5\"><span class=\"s1\"><b>Esta situaci\u00f3n no es inevitable<\/b><\/span><\/p>\n<p class=\"p5\"><span class=\"s1\">Las diferencias relativas interprovinciales no tienen por qu\u00e9 crecer. No es un resultado inevitable. Adem\u00e1s, es inaceptable para un pa\u00eds que el resultado en la vida de su poblaci\u00f3n pueda depender del lugar donde haya residido y no del esfuerzo personal. No es aceptable, desde la perspectiva de derechos que las capacidades y oportunidades que tenga un dominicano o dominicana que haya residido en El\u00edas Pi\u00f1a sean menores que las que han residido en el Pol\u00edgono Central del Distrito Nacional. Esas distancias hay que reducirlas a trav\u00e9s de pol\u00edticas p\u00fablicas. El Estado debe garantizarle un m\u00ednimo de calidad educativa, de salud, de oportunidades de empleos, de acceso a los servicios p\u00fablicos a todos los ciudadanos dominicanos.<span class=\"Apple-converted-space\">\u00a0\u00a0<\/span>El primer paso que debe dar en esa direcci\u00f3n es mejorar la calidad del gasto y terminar con el clientelismo.<\/span><\/p>\n<p class=\"p5\"><span class=\"s1\"><a href=\"http:\/\/acento.com.do\/wp-content\/uploads\/5-1.gif\" data-slb-active=\"1\" data-slb-asset=\"1767852001\" data-slb-internal=\"0\" data-slb-group=\"8398909\"><img loading=\"lazy\" decoding=\"async\" class=\"aligncenter wp-image-8398979 size-large\" src=\"http:\/\/acento.com.do\/wp-content\/uploads\/5-1-700x393.gif\" alt=\"5\" width=\"700\" height=\"393\" \/><\/a>El Estado Dominicano no tiene pol\u00edticas hacia el territorio y no est\u00e1 claro en funci\u00f3n de cuales criterios asigna los recursos presupuestarios. La inversi\u00f3n p\u00fablica de los \u00faltimos a\u00f1os ha estado concentrada en construcci\u00f3n de escuelas, centros de salud, red vial y algunas carreteras. En teor\u00eda, en el mediano y largo plazo la inversi\u00f3n p\u00fablica deber\u00eda estar asociada positivamente con la tasa de pobreza de cada provincia para contrarrestar la situaci\u00f3n de privaci\u00f3n en el territorio. Al asociar la tasa de pobreza de cada provincia con el nivel de inversi\u00f3n percapita promedio del per\u00edodo 2014 a 2017 (\u00fanicos a\u00f1os disponible -2014-2015, 2016 proyectado y 2017 presupuestado), se observa que no existe pr\u00e1cticamente ninguna relaci\u00f3n entre esas dos variables, lo que significa que muy probablemente la\u00a0<b>inversi\u00f3n p\u00fablica va a donde<\/b>\u00a0<b>No se necesita y No llega donde se necesita, mostrando un gran desorden de la gesti\u00f3n p\u00fablica (gr\u00e1fico 1)<\/b>\u00a0<span class=\"Apple-converted-space\">\u00a0 \u00a0<\/span><\/span><\/p>\n","protected":false},"excerpt":{"rendered":"<p>Miguel Ceara-Hatton (Hoy, 29-11-16) \u00a0El resultado a lo largo de la vida de las personas debe depender del esfuerzo que realiza y no de la clase social a la que pertenece, del sexo, del color de la piel, la religi\u00f3n ni del lugar donde haya residido la mayor parte de la vida. Para que el [&hellip;]<\/p>\n","protected":false},"author":1,"featured_media":14662,"comment_status":"open","ping_status":"open","sticky":false,"template":"","format":"standard","meta":{"footnotes":""},"categories":[3,5],"tags":[],"class_list":["post-21306","post","type-post","status-publish","format-standard","has-post-thumbnail","hentry","category-economia","category-nacionales"],"_links":{"self":[{"href":"https:\/\/debateplural.net\/site\/wp-json\/wp\/v2\/posts\/21306"}],"collection":[{"href":"https:\/\/debateplural.net\/site\/wp-json\/wp\/v2\/posts"}],"about":[{"href":"https:\/\/debateplural.net\/site\/wp-json\/wp\/v2\/types\/post"}],"author":[{"embeddable":true,"href":"https:\/\/debateplural.net\/site\/wp-json\/wp\/v2\/users\/1"}],"replies":[{"embeddable":true,"href":"https:\/\/debateplural.net\/site\/wp-json\/wp\/v2\/comments?post=21306"}],"version-history":[{"count":1,"href":"https:\/\/debateplural.net\/site\/wp-json\/wp\/v2\/posts\/21306\/revisions"}],"predecessor-version":[{"id":21307,"href":"https:\/\/debateplural.net\/site\/wp-json\/wp\/v2\/posts\/21306\/revisions\/21307"}],"wp:featuredmedia":[{"embeddable":true,"href":"https:\/\/debateplural.net\/site\/wp-json\/wp\/v2\/media\/14662"}],"wp:attachment":[{"href":"https:\/\/debateplural.net\/site\/wp-json\/wp\/v2\/media?parent=21306"}],"wp:term":[{"taxonomy":"category","embeddable":true,"href":"https:\/\/debateplural.net\/site\/wp-json\/wp\/v2\/categories?post=21306"},{"taxonomy":"post_tag","embeddable":true,"href":"https:\/\/debateplural.net\/site\/wp-json\/wp\/v2\/tags?post=21306"}],"curies":[{"name":"wp","href":"https:\/\/api.w.org\/{rel}","templated":true}]}}