{"id":21436,"date":"2017-12-21T15:49:55","date_gmt":"2017-12-21T19:49:55","guid":{"rendered":"http:\/\/debateplural.com\/?p=21436"},"modified":"2017-12-21T16:41:01","modified_gmt":"2017-12-21T20:41:01","slug":"el-neoliberalismo-mata-y-pone-enfermas-a-las-clases-populares","status":"publish","type":"post","link":"https:\/\/debateplural.net\/site\/2017\/12\/21\/el-neoliberalismo-mata-y-pone-enfermas-a-las-clases-populares\/","title":{"rendered":"El neoliberalismo mata y pone enfermas a las clases populares (III)"},"content":{"rendered":"<p>Vicen\u00e7 Navarro (Vnavarr.org, 14-12-15)<\/p>\n<p>Existe un creciente consenso entre algunos de los economistas m\u00e1s conocidos a nivel internacional (como los premios Nobel Joseph Stiglitz, Paul Krugman y Angus Deaton, entre otros) seg\u00fan el cual la pol\u00edticas neoliberales, caracterizadas por 1) reformas laborales que (alegando una necesidad de aumentar la competitividad) han forzado a una bajada espectacular de los salarios, aumentando a la vez el desempleo, la precariedad y el aumento de las desigualdades, y por 2) reducciones muy notables de la protecci\u00f3n social, recortando las pensiones (reduciendo su capacidad adquisitiva) y el gasto en los servicios p\u00fablicos (como la sanidad, la educaci\u00f3n, los servicios sociales, las escuelas de infancia, los servicios domiciliarios, entre otros), han sido la causa de una de las mayores recesiones conocidas durante los siglos XX y XXI. La evidencia cient\u00edfica acumulada muestra que tales pol\u00edticas p\u00fablicas han sido totalmente contraproducentes, disminuyendo la demanda dom\u00e9stica y da\u00f1ando sustancialmente a la econom\u00eda de los pa\u00edses donde sus gobiernos las han impuesto (y digo impuesto, pues no ten\u00edan mandato popular para llevarlas a cabo).<\/p>\n<p>Menos conocido ha sido, sin embargo, el enorme da\u00f1o y sufrimiento que estas pol\u00edticas han tenido en la calidad de vida y bienestar de la poblaci\u00f3n, y muy en especial de sus clases populares. Tales pol\u00edticas p\u00fablicas han incrementado la mortalidad y la morbilidad (es decir, las enfermedades) entre la poblaci\u00f3n, receptora de tales pol\u00edticas. Es escandalosa la escasa visibilidad medi\u00e1tica que ha tenido el impacto de estas pol\u00edticas en la calidad de vida, incluyendo la salud, de las clases populares. En lugar de detallar tal da\u00f1o, los grandes medios de informaci\u00f3n y persuasi\u00f3n (claramente influenciados por el capital financiero e industrial) han dado gran visibilidad a aquellos economistas neoliberales (que gozan de grandes cajas de resonancia) que han negado que tales pol\u00edticas hayan tenido un impacto negativo en el bienestar de la poblaci\u00f3n. Una abundante evidencia cient\u00edfica muestra, sin embargo, lo contrario.<\/p>\n<p>La evidencia ignorada<\/p>\n<p>Veamos los datos (que extraigo del excelente informe Enfermedad y muerte de los trabajadores a consecuencia de la crisis, escrito por \u00c1ngel C\u00e1rcoba Alonso, que fue responsable de Salud Laboral de Comisiones Obreras en el periodo 1977-2006). Los suicidios y los intentos de suicidio han aumentado en Catalunya desde el a\u00f1o 2011 un 9,95% y un 21,81% respectivamente. En Barcelona, el incremento de los suicidios ha sido de un 60% en el periodo 2011-2013. En Galicia tal aumento fue de un 10% entre 2010 y 2011, y en Bizkaia fue de un 56%. En Grecia, por cierto, la tasa de suicidios aument\u00f3 claramente, al inicio de la crisis, en un 24%; en Italia un 52% y en Irlanda un 16%.<\/p>\n<p>Adem\u00e1s de estos datos promedio de comunidades, ciudades o pa\u00edses, hay evidencia generalizada de casos concretos. De los 1.500 trabajadores de Sintel, la antigua filial de Telef\u00f3nica, que estuvo en huelga durante meses, nueve trabajadores se suicidaron y otros siete murieron de infarto. Y en otro caso famoso de huelga duradera de varios meses -la huelga de trabajadores de France Telecom-, 46 trabajadores se suicidaron.<\/p>\n<p>Las enfermedades causadas<\/p>\n<p>Pero las muertes por suicidio son la punta de un iceberg: el de las enfermedades por depresiones, ansiedad y trastornos mentales. Seg\u00fan la Encuesta Nacional de Salud espa\u00f1ola, existe un claro gradiente de personas que padecen depresiones, ansiedad y trastornos mentales que ven aumentar sus enfermedades en la medida que la renta de la persona disminuye, siendo especialmente acentuadas estas enfermedades entre los trabajadores no cualificados, que son los m\u00e1s vulnerables al paro y a la precariedad. Un tanto igual ocurre en cuanto al consumo de tranquilizantes, relajantes y somn\u00edferos. Seg\u00fan los mismos estudios, las enfermedades y situaciones de malestar m\u00e1s comunes entre parados de media y larga duraci\u00f3n son: 1) un descenso del consumo; alimentario; 2) un abandono de su cuidado bucodental; 3) un crecimiento de los problemas para hacer frente a los gastos de energ\u00eda, agua, gas y electricidad (un 23%); 4) un aumento de los trastornos cardiovasculares y gastrointestinales (31%); 5) un aumento del consumo de psicof\u00e1rmacos (18%), y as\u00ed un largo etc\u00e9tera.<\/p>\n<p>Completando tanta muerte y enfermedad, lo que los trabajadores y movimientos sociales han experimentado ha sido un aumento de la represi\u00f3n, intentando frenar cualquier amago de respuesta o rebeli\u00f3n. Los derechos de huelga han sido muy restringidos bajo el gobierno Rajoy, habiendo sido detenidos 12.500 trabajadores y ciudadanos en protestas ciudadanas durante el periodo 2011-2014. Esta es una realidad pr\u00e1cticamente ocultada en los mayores medios. Termino este breve resumen a\u00f1adiendo el ap\u00e9ndice del informe citado anteriormente, que describe en carne y huesos y con toda crudeza, con nombre y apellidos, casos de las tragedias causadas por tales pol\u00edticas.<\/p>\n<p>Ejemplos de suicidios relacionados con la aplicaci\u00f3n de estas pol\u00edticas neoliberales<\/p>\n<p>2015<\/p>\n<p>\u2013 22 de marzo: Una vecina de Anso\u00e1in, en Navarra, de 43 a\u00f1os de edad se suicidado despu\u00e9s de recibir la negativa del banco a reestructurar la deuda de la hipoteca con la entidad. Miren Pe\u00f1a, que hab\u00eda perdido su empleo y estaba \u201cal borde de la exclusi\u00f3n\u201d, recibi\u00f3 el pasado viernes una comunicaci\u00f3n de Caja Laboral en la que le notificaban la denegaci\u00f3n de la reestructuraci\u00f3n de la deuda en base al C\u00f3digo de Buenas Pr\u00e1cticas.<\/p>\n<p>La mujer hab\u00eda sido despedida de la empresa Faurecia EMC en 2013, seg\u00fan afirma el sindicato LAB, organizaci\u00f3n a la que estaba afiliada la v\u00edctima, y estaba en un proceso de desahucio iniciado por la entidad bancaria.<\/p>\n<p>\u2013 13 de marzo: Un vecino, de 62 a\u00f1os, del barrio zaragozano de L\u2019Almozara se suicida el d\u00eda anterior a la fecha se\u00f1alada para el lanzamiento de su vivienda de alquiler, tras verse obligado a dejar de pagar las cuotas mensuales del alquiler por su precaria situaci\u00f3n econ\u00f3mica.<\/p>\n<p>\u2013 20 de febrero: Una mujer de 76 a\u00f1os se suicida en Valladolid desde un quinto piso, no aguant\u00f3 m\u00e1s y sigui\u00f3 la estela del hijo que se suicid\u00f3 el pasado 26 de mayo del 2013 por culpa de su situaci\u00f3n laboral.<\/p>\n<p>\u2013 5 de febrero: Esther se quit\u00f3 la vida en su domicilio de la calle Cereros de Zaragoza. Ten\u00eda 43 a\u00f1os, y esperaba el desahucio de su vivienda de alquiler para esa misma ma\u00f1ana. La familia era inquilina de la vivienda desde hace m\u00e1s de 30 a\u00f1os y los problemas econ\u00f3micos de Esther provocaron el impago de rentas que precipit\u00f3 el desahucio.<\/p>\n<p>2014<\/p>\n<p>\u2013 25 de junio: Se suicida un miembro de la PAH. Vecino de Los Corrales de Buelna (Cantabria) y de unos 50 a\u00f1os de edad.<\/p>\n<p>\u2013 11 de junio: Muere el anciano de 83 a\u00f1os que dej\u00f3 de comer y de beber, deprimido por el desahucio al que se ve\u00eda abocado junto a su ahijada discapacitada de 41 a\u00f1os.<\/p>\n<p>\u2013 6 de junio: Un hombre de nacionalidad alemana se quit\u00f3 la vida en Cala Rajada (Mallorca) justo despu\u00e9s de conocer que iba a ser desahuciado, dej\u00f3 una nota en la que, entre otras circunstancias personales ped\u00eda perd\u00f3n por no poder hacer frente a la deuda que manten\u00eda con el arrendador.<\/p>\n<p>2013<\/p>\n<p>\u2013 4 de noviembre: se suicida un hombre de 55 a\u00f1os, aparece colgado en una nave en la localidad de Rota (C\u00e1diz) impagados y otras situaciones, deja mujer y tres hijos.<\/p>\n<p>\u2013 27 de septiembre: Un hombre de 47 a\u00f1os se suicida en Alpedrete (Madrid), estaba en paro, deja mujer y dos ni\u00f1os.<\/p>\n<p>\u2013 17 de septiembre: Una mujer, madre de 6 hijos, se suicida tras recibir la notificaci\u00f3n de la EMVS de que iba a ser desahuciada por una deuda de 900\u20ac.<\/p>\n<p>\u2013 10 de septiembre: Hombre de 43 a\u00f1os se suicida, en Legan\u00e9s (calle R\u00edo Nervi\u00f3n) agobiado por su situaci\u00f3n econ\u00f3mica.<\/p>\n<p>\u2013 17 de julio: Fallece un vecino de Arteixo (A Coru\u00f1a) que se dispar\u00f3 cuando iba a ser desahuciado.<\/p>\n<p>\u2013 15 de julio: Hombre de 49 a\u00f1os de Poio (Pontevedra) se suicida cuando iba a ser desahuciado ese mismo d\u00eda.<\/p>\n<p>\u2013 26 de mayo: Un hombre de 45 a\u00f1os se suicida en Valladolid por culpa de los impagos de n\u00f3minas que acarreaba y un ERE.<\/p>\n<p>\u2013 20 de mayo: Hombre de 53 a\u00f1os con discapacidad se suicida en Chiclana por no poder pagar la hipoteca.<\/p>\n<p>\u2013 14 de mayo: Un hombre se suicida en La \u00d1ora, Murcia, cuando iba a ser desahuciado.<\/p>\n<p>\u2013 10 de mayo: Fallece la mujer que se quem\u00f3 a lo bonzo el 18 de febrero de 2013 al grito de \u201c\u00a1\u00a1Me lo hab\u00e9is quitado todo!!\u201d. El ayuntamiento promete hacerse cargo de las hijas que deja hu\u00e9rfanas.<\/p>\n<p>\u2013 6 de mayo: Se suicida un hombre cuando iba a ser desahuciado en Barcelona. Ten\u00eda aproximadamente 40 a\u00f1os y la comitiva judicial lo ha encontrado ahorcado. Por impago de alquiler.<\/p>\n<p>\u2013 17 de abril: Un joven de 19 a\u00f1os se suicida en Barcelona por no encontrar trabajo, dejar los estudios y futuramente ser desahuciada su familia.<\/p>\n<p>\u2013 9 de abril: Una pareja se suicida de mutuo acuerdo en Santiago de Compostela por problemas econ\u00f3micos.<\/p>\n<p>\u2013 3 de abril: (publicado 13-04-2013) Un hombre de 56 a\u00f1os aparece ahorcado en la calle diez d\u00edas despu\u00e9s de ser desahuciado en Alicante.<\/p>\n<p>\u2013 8 de marzo: En Atarfe, Granada una mujer de 41 a\u00f1os se ha quitado la vida. La mujer desahuciada hace meses de su casa se quita la vida acuciada por las nuevas deudas de la nueva vivienda en alquiler.<\/p>\n<p>\u2013 6 de marzo: Un parado de 45 a\u00f1os se quita la vida en Cartagena, Murcia. La Plataforma de Parados de Cartagena denuncia que el hombre acudi\u00f3 hace un mes a Servicios Sociales \u201cdonde se le neg\u00f3 cualquier tipo de ayuda\u201d, pese a que hab\u00eda sido desahuciado el a\u00f1o pasado.<\/p>\n<p>Un hombre de 50 a\u00f1os se suicida en Deusto, Bilbao cuando iba a ser desahuciado por impago de alquiler, se lanza desde un cuarto piso.<\/p>\n<p>\u2013 26 de febrero: Un hombre de 45 a\u00f1os, parado de larga duraci\u00f3n, se quit\u00f3 la vida el pasado martes en Cartagena.<\/p>\n<p>\u2013 18 de febrero: Una mujer de 47 a\u00f1os de edad se quema a lo bonzo en el interior de una entidad bancaria de Almassora (Castell\u00f3n). Es trasladada con vida al hospital pero fallece el 10 de mayo.<\/p>\n<p>\u2013 16 de febrero: Un hombre de 68 a\u00f1os de edad se suicida en Calvi\u00e0 al perder su casa por una deuda.<\/p>\n<p>\u2013 14 de febrero: Una persona salta al vac\u00edo en el centro de Castell\u00f3n de la Plana.<\/p>\n<p>\u2013 13 de febrero: La comisi\u00f3n judicial que este mi\u00e9rcoles se dispon\u00eda a hacer efectivo el desahucio de una vivienda en el barrio de Los \u00c1ngeles (Alicante) ha encontrado al propietario, un hombre de 55 a\u00f1os, ahorcado en el interior.<\/p>\n<p>\u2013 12 de febrero: un matrimonio de jubilados, el marido de 68 a\u00f1os y su esposa de 67 a\u00f1os en Cas Catal\u00e0 del municipio mallorqu\u00ed de Calvi\u00e0 (Baleares) se suicida despu\u00e9s de recibir el aviso de desahucio de su domicilio por impago.<\/p>\n<p>\u2013 11 de febrero: un hombre de Basauri (Vizcaya) se suicida al tener cortadas el agua y la luz, adem\u00e1s de deudas. Dej\u00f3 una nota a sus hijos diciendo que \u201cno pod\u00eda soportarlo m\u00e1s\u201d.<\/p>\n<p>\u00abCon la sangre al cuello\u00bb, la historia del hombre que se suicid\u00f3 el 8 de febrero de 2013.<\/p>\n<p>\u2013 8 de febrero: Un activista de \u201cStop Desahucios\u201d se suicida en C\u00f3rdoba. El hombre, de 36 a\u00f1os, estaba casado y con un hijo, y ten\u00eda una orden de desahucio por impago de alquiler. Ya en julio de 2011, se cort\u00f3 el cuello ante una oficina de Cajasur en C\u00f3rdoba por la amenaza de desahucio al no poder pagar una hipoteca con la Caja de Badajoz. En este minidocumental explic\u00f3 su historia.<\/p>\n<p>\u2013 13 de enero: se suicida un hombre en Sevilla, en el barrio de Sevilla Este. El hombre de unos 38 a\u00f1os se arroj\u00f3 por la ventana de su domicilio sobre las 11:30 de la noche. Seg\u00fan los vecinos ten\u00eda deudas ya que hab\u00eda montado un negocio que tuvo que cerrar.<\/p>\n<p>\u2013 17 de enero: Hallan muerto a un comerciante el d\u00eda que iba a ser desahuciado, el hombre, de 62 a\u00f1os, llevaba en un bolsillo la orden judicial por la que iba a perder su negocio.<\/p>\n<p>\u2013 2 de enero: Un hombre de 57 a\u00f1os se quema a lo bonzo en la entrada de un hospital de M\u00e1laga por motivos de dificultad econ\u00f3mica. Falleci\u00f3 a los dos d\u00edas en un hospital de Sevilla debido a las graves heridas.<\/p>\n<p>2012<\/p>\n<p>\u2013 25 de diciembre: Una mujer de 30 a\u00f1os se tira por la ventana de un 5\u00ba piso por no aceptar comer carne s\u00f3lo 1 vez a la semana.<\/p>\n<p>\u2013 17 de diciembre: Un hombre de 47 a\u00f1os se suicida agobiado por las deudas en M\u00e1laga.<\/p>\n<p>\u2013 14 de diciembre: Una mujer de 56 a\u00f1os que viv\u00eda con su madre, de 96 a\u00f1os y enferma, se suicida en M\u00e1laga d\u00edas despu\u00e9s de recibir una orden de desahucio por impago de la hipoteca.<\/p>\n<p>\u2013 28 de noviembre: Un hombre de 59 a\u00f1os inmerso en un desahucio se suicida en Santesteban.<\/p>\n<p>\u2013 9 de noviembre: Amaia Ega\u00f1a, con 53 a\u00f1os, se suicida en Barakaldo cuando iba a ser desahuciada. La Caixa vend\u00eda el piso en Internet desde hac\u00eda un a\u00f1o. Miles de personas se manifiestan para denunciar su muerte, coreando lemas como \u00abNo es un suicidio, es un homicidio\u00bb, \u00abEllos la pasta, nosotros los muertos\u00bb, \u00abNing\u00fan desahucio sin respuesta\u00bb o \u00abHay que parar el terrorismo financiero\u00bb.<\/p>\n<p>\u2013 25 de octubre: Hallado muerto un hombre que iba a ser desahuciado en Granada.<\/p>\n<p>Un hombre se lanza al vac\u00edo en Valencia cuando iba a ser desahuciado. La v\u00edctima le dio un beso a su hijo y se arroj\u00f3 de un segundo piso tras llamar al timbre un miembro de la comisi\u00f3n judicial.<\/p>\n<p>\u2013 23 de octubre: Se suicida por desahucio un joven en Las Palmas de Gran Canaria. El Joven se tir\u00f3 desde el puente de Lomo Apolinario al enterarse que iba a ser desahuciado.<\/p>\n<p>\u2013 1 de octubre: Un vigilante se suicida acuciado por las deudas, le deb\u00edan 10.000 euros en n\u00f3minas, ten\u00eda 53 a\u00f1os y era mileurista. Casado, deja dos hijos, de 25 y 21 a\u00f1os.<\/p>\n<p>\u2013 5 de septiembre: Un hombre de 74 a\u00f1os, viudo desde hac\u00eda una semana, mata a su hijo de 46, discapacitado y con una enfermedad muy grave, y posteriormente se suicida. Dej\u00f3 una nota explicando que no pod\u00eda hacerse cargo de su hijo, en estado vegetal.<\/p>\n<p>\u2013 12 de julio: En un pueblo de la provincia de Ja\u00e9n \u201cEl hombre, de 64 a\u00f1os, acab\u00f3 ayer con su vida justo antes de perder el inmueble donde viv\u00eda. Deja viuda y un hijo. Una fuente oficial ha confirmado que la hip\u00f3tesis con la que se trabaja para esclarecer el suceso es que el suicidio tuvo como principal motivo el hecho de que sobre la vivienda del fallecido pesaban embargos y entraba a subasta esa semana\u201d.<\/p>\n<p>\u2013 7 de julio: Isabel, minusv\u00e1lida, se arroj\u00f3 a la calle desde el und\u00e9cimo piso de su vivienda, en la calle Maestro Chap\u00ed de M\u00e1laga. La prensa ocult\u00f3 el suceso, pese a la aparatosidad de su muerte, presenciada en vivo desde la calle por m\u00e1s de un centenar de personas.<\/p>\n<p>\u2013 6 de julio: Un empresario arruinado por los impagos intenta suicidarse cort\u00e1ndose las venas en el Consistorio de Marbella.<\/p>\n<p>\u2013 Julio: \u00abTras varios d\u00edas desaparecido, han encontrado a mi t\u00edo. El suicidio fue la \u00fanica salida q encontr\u00f3 a la crisis. Lo publico x si da q pensar\u00bb.<\/p>\n<p>\u2013 3 de abril: En Valencia Joaqu\u00edn no quer\u00eda ni o\u00edr hablar de subsidios. S\u00f3lo deseaba trabajar. Dos a\u00f1os en paro lo sepultaron: decidi\u00f3 ahorcarse mientras hac\u00eda la comida para su mujer. Hasta entonces. Una semana antes hab\u00eda ido al banco a intentar renegociar la cuota de la hipoteca. Le iban a quedar 400 euros de subsidio despu\u00e9s de agotar el paro y deb\u00eda pagar 500 al mes por su vivienda, una casa que se hab\u00eda reformado con sus propias manos, en un edificio destartalado que lleva m\u00e1s de medio siglo en pie, y sobre la que a\u00fan pesa una deuda de 90.000 euros. El banco no dio su brazo a torcer. Y Joaqu\u00edn no pudo aguantar m\u00e1s el pulso de la vida.<\/p>\n<p>\u2013 Abril: \u00abMi marido se suicid\u00f3 hace 20 d\u00edas por los problemas econ\u00f3micos que ten\u00edamos. Cobraba el subsidio por desempleo, solo ten\u00eda 45 a\u00f1os y le dec\u00edan que ya era mayor para trabajar\u00bb.<\/p>\n<p>\u2013 10 de Febrero: Un hombre se quema a lo bonzo en Ribarroja (Valencia) tras perder su empleo. F\u00e9lix hab\u00eda perdido el d\u00eda anterior su trabajo como agricultor en una mas\u00eda pr\u00f3xima. Al parecer, a sus 56 a\u00f1os, no pudo encajar el despido y las consecuencias econ\u00f3micas que supondr\u00eda para su familia.<\/p>\n<p>Estos son ejemplos, entre miles, de las consecuencias de las pol\u00edticas p\u00fablicas neoliberales impuestas a la poblaci\u00f3n. Puesto que es improbable que esta informaci\u00f3n aparezca en los grandes medios, tengo que pedir al lector que la distribuya ampliamente para que la gente sepa lo que est\u00e1 ocurriendo en este pa\u00eds.<\/p>\n","protected":false},"excerpt":{"rendered":"<p>Vicen\u00e7 Navarro (Vnavarr.org, 14-12-15) Existe un creciente consenso entre algunos de los economistas m\u00e1s conocidos a nivel internacional (como los premios Nobel Joseph Stiglitz, Paul Krugman y Angus Deaton, entre otros) seg\u00fan el cual la pol\u00edticas neoliberales, caracterizadas por 1) reformas laborales que (alegando una necesidad de aumentar la competitividad) han forzado a una bajada [&hellip;]<\/p>\n","protected":false},"author":1,"featured_media":21437,"comment_status":"open","ping_status":"open","sticky":false,"template":"","format":"standard","meta":{"footnotes":""},"categories":[14,12],"tags":[],"class_list":["post-21436","post","type-post","status-publish","format-standard","has-post-thumbnail","hentry","category-internacionales","category-politica-3"],"_links":{"self":[{"href":"https:\/\/debateplural.net\/site\/wp-json\/wp\/v2\/posts\/21436"}],"collection":[{"href":"https:\/\/debateplural.net\/site\/wp-json\/wp\/v2\/posts"}],"about":[{"href":"https:\/\/debateplural.net\/site\/wp-json\/wp\/v2\/types\/post"}],"author":[{"embeddable":true,"href":"https:\/\/debateplural.net\/site\/wp-json\/wp\/v2\/users\/1"}],"replies":[{"embeddable":true,"href":"https:\/\/debateplural.net\/site\/wp-json\/wp\/v2\/comments?post=21436"}],"version-history":[{"count":2,"href":"https:\/\/debateplural.net\/site\/wp-json\/wp\/v2\/posts\/21436\/revisions"}],"predecessor-version":[{"id":21442,"href":"https:\/\/debateplural.net\/site\/wp-json\/wp\/v2\/posts\/21436\/revisions\/21442"}],"wp:featuredmedia":[{"embeddable":true,"href":"https:\/\/debateplural.net\/site\/wp-json\/wp\/v2\/media\/21437"}],"wp:attachment":[{"href":"https:\/\/debateplural.net\/site\/wp-json\/wp\/v2\/media?parent=21436"}],"wp:term":[{"taxonomy":"category","embeddable":true,"href":"https:\/\/debateplural.net\/site\/wp-json\/wp\/v2\/categories?post=21436"},{"taxonomy":"post_tag","embeddable":true,"href":"https:\/\/debateplural.net\/site\/wp-json\/wp\/v2\/tags?post=21436"}],"curies":[{"name":"wp","href":"https:\/\/api.w.org\/{rel}","templated":true}]}}