{"id":21673,"date":"2018-01-03T06:03:49","date_gmt":"2018-01-03T10:03:49","guid":{"rendered":"http:\/\/debateplural.com\/?p=21673"},"modified":"2018-01-02T13:24:53","modified_gmt":"2018-01-02T17:24:53","slug":"navidad-un-mito-cristiano-verdadero","status":"publish","type":"post","link":"https:\/\/debateplural.net\/site\/2018\/01\/03\/navidad-un-mito-cristiano-verdadero\/","title":{"rendered":"Navidad: un mito cristiano verdadero"},"content":{"rendered":"<p>Leonardo Boff (Hoy, 28-12-12)<\/p>\n<p>Hace pocas semanas, con pompa y circunstancia, el actual papa se mostr\u00f3 nuevamente como te\u00f3logo al publicar un libro sobre la Infancia de Jes\u00fas.<\/p>\n<p>Presenta en \u00e9l la versi\u00f3n cl\u00e1sica y tradicional que ve en aquellos relatos id\u00edlicos una narraci\u00f3n hist\u00f3rica.<\/p>\n<p>El libro dej\u00f3 sorprendidos a los te\u00f3logos, pues, desde hace por lo menos 50 a\u00f1os, la ex\u00e9gesis b\u00edblica sobre estos textos muestra que no se trata de un relato hist\u00f3rico, sino de alta y refinada teolog\u00eda elaborada por los evangelistas Mateo y Lucas (Marcos y Juan no dicen nada de la infancia de Jes\u00fas) para probar que Jes\u00fas era realmente el Mes\u00edas, el hijo de David y el Hijo de Dios.<\/p>\n<p>Para este fin, recurren a g\u00e9neros literarios, que parecen historia pero que son en realidad recursos literarios, como, por ejemplo, los Magos de Oriente (que representan a los paganos), los pastores (los m\u00e1s pobres y considerados pecadores por tratar con animales), la Estrella y los \u00e1ngeles (para mostrar el car\u00e1cter divino de Jes\u00fas), Bel\u00e9n, que no ser\u00eda una referencia geogr\u00e1fica sino un significado teol\u00f3gico, el lugar de donde vendr\u00eda el Mes\u00edas, diferente de Nazaret, totalmente desconocida, donde probablemente habr\u00eda nacido Jes\u00fas. Y as\u00ed otros t\u00f3picos como analizo detalladamente en mi libro Jesucristo el Liberador (cap\u00edtulo VIII).<\/p>\n<p>Frente a los relatos tan conmovedores del Nacimiento podemos decir que estamos ante un grandioso mito, entendido positivamente como lo hacen los antrop\u00f3logos: el mito como la trasmisi\u00f3n de una verdad tan profunda que solamente el lenguaje m\u00edtico, figurado y simb\u00f3lico es adecuado para expresarla.<\/p>\n<p>Es lo que el mito hace. Un mito es verdadero cuando el sentido que quiere transmitir es verdadero e ilumina a toda la comunidad. As\u00ed el Nacimiento de Jes\u00fas es un mito cristiano lleno de verdad.<\/p>\n<p>Nosotros usamos hoy otros mitos para mostrar la relevancia de Jes\u00fas. Para m\u00ed es de gran significado un mito antiguo que la Iglesia aprovech\u00f3 en la liturgia de Navidad para revelar la conmoci\u00f3n c\u00f3smica ante el nacimiento de Cristo.<\/p>\n<p>En \u00e9l se dice:<\/p>\n<p>\u00abCuando la noche iba por la mitad de su curso se hizo un profundo silencio. Entonces, las hojas parlanchinas callaron como muertas. Entonces, el viento que susurraba qued\u00f3 quieto en el aire. Entonces, el gallo que cantaba se detuvo en medio de su canto. Entonces, las aguas del riachuelo que corr\u00edan, se paralizaron. Entonces las ovejas que pastaban se quedaron inm\u00f3viles. Entonces, el pastor que levantaba su cayado qued\u00f3 petrificado. En ese momento todo par\u00f3, todo se suspendi\u00f3, todo hizo silencio: nac\u00eda Jes\u00fas, el salvador de la humanidad y del universo\u00bb.<\/p>\n<p>La Navidad quiere comunicarnos que Dios no es esa figura severa y de ojos penetrantes para escrutar nuestras vidas. Aparece como un ni\u00f1o. No juzga, solo quiere recibir cari\u00f1o y jugar.<\/p>\n<p>Y he aqu\u00ed que del Pesebre vino una voz que me susurr\u00f3:<\/p>\n<p>\u00ab\u00bfOh, criatura humana, por qu\u00e9 tienes miedo de Dios? \u00bfNo ves que su madre enfaj\u00f3 su fr\u00e1gil cuerpecito? \u00bfNo te das cuenta de que \u00e9l no amenaza a nadie? \u00bfNi condena a nadie? \u00bfNo escuchas c\u00f3mo llora suavemente? M\u00e1s que ayudar, necesita ser ayudado y cubierto de cari\u00f1o. \u00bfNo sabes que \u00e9l es Dios-con-nosotros como nosotros?\u00bb Y ya no pensamos m\u00e1s, damos paso al coraz\u00f3n que siente, se compadece y ama. \u00bfQu\u00e9 otra cosa podr\u00edamos hacer delante de un Ni\u00f1o sabiendo que es Dios humanado?<\/p>\n<p>Tal vez nadie haya escrito mejor sobre la Navidad que el escritor portugu\u00e9s Fernando Pessoa, que dice: \u00ab\u00c9l es el eterno ni\u00f1o, el Dios que faltaba. \u00c9l es lo divino que r\u00ede y que juega. Es un ni\u00f1o tan humano que es divino\u00bb.<\/p>\n<p>M\u00e1s tarde transformaron al Ni\u00f1o Jes\u00fas en San Nicol\u00e1s, en Santa Claus y, finalmente, en Pap\u00e1 Noel. Poco importa, porque en el fondo, el esp\u00edritu de bondad, de proximidad y de Regalo divino est\u00e1 ah\u00ed. Estuvo acertado el editorialista Francis Church del The New York Sun de 1897 al responder a Virginia, una ni\u00f1a de 8 a\u00f1os que le escribi\u00f3: \u00abQuerido Editor: dime la verdad, \u00bfExiste Pap\u00e1 Noel?<\/p>\n<p>Y \u00e9l sabiamente le respondi\u00f3:<\/p>\n<p>\u00abS\u00ed, Virginia, Pap\u00e1 Noel existe. Es tan cierto como que existe el amor, la generosidad y la devoci\u00f3n. Y t\u00fa sabes que todo eso existe de verdad y trae m\u00e1s belleza y alegr\u00eda a nuestra vida. \u00a1Qu\u00e9 triste ser\u00eda el mundo si no existiese Pap\u00e1 Noel! Ser\u00eda tan triste como si no hubiese ni\u00f1as como t\u00fa. No existir\u00eda la fe de los ni\u00f1os, ni la poes\u00eda y la fantas\u00eda, que hacen nuestra existencia leve y bonita. Pero para eso tenemos que aprender a ver con los ojos del coraz\u00f3n y del amor \u00bfSi existe Pap\u00e1 Noel? Gracias a Dios vive y vivir\u00e1 siempre que haya ni\u00f1os grandes y peque\u00f1os que han aprendido a ver con los ojos del coraz\u00f3n\u00bb.<\/p>\n<p>En esta fiesta, intentemos ver con los ojos del coraz\u00f3n. Todos hemos sido educados para mirar con los ojos de la raz\u00f3n, por eso somos fr\u00edos. Hoy vamos a recuperar los derechos del coraz\u00f3n: vamos a dejarnos conmover con nuestros ni\u00f1os, permitir que sue\u00f1en y llenarnos de tierno afecto delante del Divino Ni\u00f1o que sinti\u00f3 placer y alegr\u00eda al decidir ser uno de nosotros.<\/p>\n","protected":false},"excerpt":{"rendered":"<p>Leonardo Boff (Hoy, 28-12-12) Hace pocas semanas, con pompa y circunstancia, el actual papa se mostr\u00f3 nuevamente como te\u00f3logo al publicar un libro sobre la Infancia de Jes\u00fas. Presenta en \u00e9l la versi\u00f3n cl\u00e1sica y tradicional que ve en aquellos relatos id\u00edlicos una narraci\u00f3n hist\u00f3rica. El libro dej\u00f3 sorprendidos a los te\u00f3logos, pues, desde hace [&hellip;]<\/p>\n","protected":false},"author":1,"featured_media":21674,"comment_status":"open","ping_status":"open","sticky":false,"template":"","format":"standard","meta":{"footnotes":""},"categories":[5,17],"tags":[],"class_list":["post-21673","post","type-post","status-publish","format-standard","has-post-thumbnail","hentry","category-nacionales","category-sociedad"],"_links":{"self":[{"href":"https:\/\/debateplural.net\/site\/wp-json\/wp\/v2\/posts\/21673"}],"collection":[{"href":"https:\/\/debateplural.net\/site\/wp-json\/wp\/v2\/posts"}],"about":[{"href":"https:\/\/debateplural.net\/site\/wp-json\/wp\/v2\/types\/post"}],"author":[{"embeddable":true,"href":"https:\/\/debateplural.net\/site\/wp-json\/wp\/v2\/users\/1"}],"replies":[{"embeddable":true,"href":"https:\/\/debateplural.net\/site\/wp-json\/wp\/v2\/comments?post=21673"}],"version-history":[{"count":1,"href":"https:\/\/debateplural.net\/site\/wp-json\/wp\/v2\/posts\/21673\/revisions"}],"predecessor-version":[{"id":21675,"href":"https:\/\/debateplural.net\/site\/wp-json\/wp\/v2\/posts\/21673\/revisions\/21675"}],"wp:featuredmedia":[{"embeddable":true,"href":"https:\/\/debateplural.net\/site\/wp-json\/wp\/v2\/media\/21674"}],"wp:attachment":[{"href":"https:\/\/debateplural.net\/site\/wp-json\/wp\/v2\/media?parent=21673"}],"wp:term":[{"taxonomy":"category","embeddable":true,"href":"https:\/\/debateplural.net\/site\/wp-json\/wp\/v2\/categories?post=21673"},{"taxonomy":"post_tag","embeddable":true,"href":"https:\/\/debateplural.net\/site\/wp-json\/wp\/v2\/tags?post=21673"}],"curies":[{"name":"wp","href":"https:\/\/api.w.org\/{rel}","templated":true}]}}