{"id":21679,"date":"2018-01-02T17:07:40","date_gmt":"2018-01-02T21:07:40","guid":{"rendered":"http:\/\/debateplural.com\/?p=21679"},"modified":"2018-01-02T17:07:40","modified_gmt":"2018-01-02T21:07:40","slug":"2018-privatizacion-y-descuartizamiento-de-bahia-de-las-aguilas","status":"publish","type":"post","link":"https:\/\/debateplural.net\/site\/2018\/01\/02\/2018-privatizacion-y-descuartizamiento-de-bahia-de-las-aguilas\/","title":{"rendered":"2018: Privatizaci\u00f3n y descuartizamiento de Bah\u00eda de las \u00c1guilas"},"content":{"rendered":"<p>\u201dLa regi\u00f3n estar\u00e1 muy agradecida de este primer paso\u201d. As\u00ed se refiri\u00f3 el presidente Danilo Medina sobre la reuni\u00f3n que sostuvo con ejecutivos de la firma Sunwing, el m\u00e1s grande y diverso grupo de viajes de Norteam\u00e9rica, con la tercera aerol\u00ednea m\u00e1s extensa de Canad\u00e1 con cerca de 50 destinos.<\/p>\n<p>En el encuentro tambi\u00e9n participaron representantes de la empresa asociada de Sunwing, Tui Group.<\/p>\n<p>Sunwing es, adem\u00e1s, la compa\u00f1\u00eda hotelera de m\u00e1s r\u00e1pido crecimiento en M\u00e9xico y El Caribe.<\/p>\n<p>El jefe de Estado regres\u00f3 a la paradis\u00edaca Bah\u00eda de las \u00c1guilas. All\u00ed escuch\u00f3 a los inversionistas interesados en el potencial tur\u00edstico y ecol\u00f3gico de Pedernales.<\/p>\n<div class=\"entretitulo\">Turismo sostenible e inclusivo<\/div>\n<div class=\"text\">\n<p>Seg\u00fan el Gobierno, las propuestas de los inversionistas deben contribuir al bienestar socioecon\u00f3mico del sur. Asimismo, cumplir con los criterios de protecci\u00f3n al medioambiente.<\/p>\n<p>Se trata de dinamizar a Pedernales como un nuevo polo tur\u00edstico en beneficio de su gente. Este esfuerzo ha sido consistente de parte del Gobierno al apoyar iniciativas de turismo sostenible e inclusivo. Al mismo tiempo, que contribuyan al desarrollo econ\u00f3mico y la generaci\u00f3n de empleos en la zona.<\/p>\n<div class=\"entretitulo\">Pr\u00f3ximo encuentro<\/div>\n<div class=\"text\">\n<p>El presidente Danilo Medina invit\u00f3 nuevamente a los inversionistas a regresar al pa\u00eds. El prop\u00f3sito es que presenten la propuesta final que dar\u00eda inicio al desarrollo tur\u00edstico y ecol\u00f3gico de Bah\u00eda de las \u00c1guilas.<\/p>\n<p>El encuentro se producir\u00eda en julio pr\u00f3ximo.<\/p>\n<p>Estas acciones ratifican la proclama del presidente Danilo Medina: \u201cHa llegado la hora del Sur\u201d.<\/p>\n<p>El gobierno del presidente Danilo Medina recuper\u00f3 las tierras de Bah\u00eda de las \u00c1guilas e impulsa el plan de desarrollo tur\u00edstico y ecol\u00f3gico de la provincia Pedernales.<\/p>\n<div class=\"entretitulo\">Alegr\u00edas y riquezas para gente del Sur<\/div>\n<div class=\"text\">\n<p>El plan de desarrollo tur\u00edstico de Pedernales busca lograr el despegue econ\u00f3mico de esa provincia sur. A partir de ahora, la belleza de sus playas y monta\u00f1as llenar\u00e1 de alegr\u00eda y riquezas a sus habitantes.<\/p>\n<p>Durante esta reuni\u00f3n, Danilo Medina se hizo acompa\u00f1ar del ministro Administrativo de la Presidencia, Jos\u00e9 Ram\u00f3n Peralta. Asimismo, del ministro de Medio Ambiente, Francisco Dom\u00ednguez Brito.<\/p>\n<p>El senador y el gobernador por la provincia Pedernales, Dionis S\u00e1nchez y Cruz Ad\u00e1n Heredia, tambi\u00e9n asistieron.<\/p>\n<p>Por el sector privado, los inversionistas Stephen Hunter, \u00c1lvaro Pe\u00f1a y Jordi Perfot. Con ellos, el embajador de Canad\u00e1 en el pa\u00eds, Steven Cote.<\/p>\n<\/div>\n<\/div>\n<\/div>\n","protected":false},"excerpt":{"rendered":"<p>\u201dLa regi\u00f3n estar\u00e1 muy agradecida de este primer paso\u201d. As\u00ed se refiri\u00f3 el presidente Danilo Medina sobre la reuni\u00f3n que sostuvo con ejecutivos de la firma Sunwing, el m\u00e1s grande y diverso grupo de viajes de Norteam\u00e9rica, con la tercera aerol\u00ednea m\u00e1s extensa de Canad\u00e1 con cerca de 50 destinos. En el encuentro tambi\u00e9n participaron [&hellip;]<\/p>\n","protected":false},"author":1,"featured_media":14906,"comment_status":"open","ping_status":"open","sticky":false,"template":"","format":"standard","meta":{"footnotes":""},"categories":[5,12],"tags":[],"class_list":["post-21679","post","type-post","status-publish","format-standard","has-post-thumbnail","hentry","category-nacionales","category-politica-3"],"_links":{"self":[{"href":"https:\/\/debateplural.net\/site\/wp-json\/wp\/v2\/posts\/21679"}],"collection":[{"href":"https:\/\/debateplural.net\/site\/wp-json\/wp\/v2\/posts"}],"about":[{"href":"https:\/\/debateplural.net\/site\/wp-json\/wp\/v2\/types\/post"}],"author":[{"embeddable":true,"href":"https:\/\/debateplural.net\/site\/wp-json\/wp\/v2\/users\/1"}],"replies":[{"embeddable":true,"href":"https:\/\/debateplural.net\/site\/wp-json\/wp\/v2\/comments?post=21679"}],"version-history":[{"count":1,"href":"https:\/\/debateplural.net\/site\/wp-json\/wp\/v2\/posts\/21679\/revisions"}],"predecessor-version":[{"id":21680,"href":"https:\/\/debateplural.net\/site\/wp-json\/wp\/v2\/posts\/21679\/revisions\/21680"}],"wp:featuredmedia":[{"embeddable":true,"href":"https:\/\/debateplural.net\/site\/wp-json\/wp\/v2\/media\/14906"}],"wp:attachment":[{"href":"https:\/\/debateplural.net\/site\/wp-json\/wp\/v2\/media?parent=21679"}],"wp:term":[{"taxonomy":"category","embeddable":true,"href":"https:\/\/debateplural.net\/site\/wp-json\/wp\/v2\/categories?post=21679"},{"taxonomy":"post_tag","embeddable":true,"href":"https:\/\/debateplural.net\/site\/wp-json\/wp\/v2\/tags?post=21679"}],"curies":[{"name":"wp","href":"https:\/\/api.w.org\/{rel}","templated":true}]}}