{"id":21870,"date":"2018-01-11T11:03:41","date_gmt":"2018-01-11T15:03:41","guid":{"rendered":"http:\/\/debateplural.com\/?p=21870"},"modified":"2018-01-11T11:03:41","modified_gmt":"2018-01-11T15:03:41","slug":"el-preocupante-problema-fronterizo","status":"publish","type":"post","link":"https:\/\/debateplural.net\/site\/2018\/01\/11\/el-preocupante-problema-fronterizo\/","title":{"rendered":"El preocupante problema fronterizo"},"content":{"rendered":"<h3 style=\"text-align: center;\">I<\/h3>\n<h3 class=\"art_titulo\" style=\"text-align: center;\">R\u00e9plica de carta a Mat\u00edas Bosch<\/h3>\n<p>Vinicio A. Castillo Seman (Listin, 7-8-17)<\/p>\n<p><em><strong>\u201cPeque\u00f1os, ser\u00e1n peque\u00f1os en el n\u00famero, pero son grandes en su decisi\u00f3n de luchar por esta Patria y por este pueblo\u201d. Juan Bosch.<\/strong><\/em><\/p>\n<p>Con esas palabras sobre la Fuerza Nacional Progresista (FNP), sell\u00f3 el pr\u00f3cer Juan Bosch la alianza con nuestro partido en un memorable acto celebrado en el Hotel Lina el 14 de diciembre de 1993, en el que uno de los puntos esenciales era la defensa de la soberan\u00eda de la Rep\u00fablica.<\/p>\n<p>Me propuse iniciar este art\u00edculo recordando al pr\u00f3cer Bosch, para contrastar la opini\u00f3n que ten\u00eda sobre Marino Vinicio Castillo y la Fuerza Nacional Progresista (FNP) el abuelo de Mat\u00edas Bosch, con lo cual respondo, de entrada, todas los juicios despectivos y peyorativos de \u00e9ste sobre nosotros, tanto como familia, como frente a la organizaci\u00f3n pol\u00edtica a la cual pertenecemos.<\/p>\n<p>En la r\u00e9plica y el debate con Mat\u00edas Bosch Carcuro lo menos importante para el pa\u00eds son las descalificaciones de tipo personal. Lo verdaderamente trascendente para la edificaci\u00f3n de la sociedad dominicana es poderle responder los argumentos centrales a un exponente antinacional que, prevalido del prestigio de su apellido (heredado de su insigne abuelo), ha querido erigirse como un exponente de primer nivel de la causa haitiana en contra de nuestro pa\u00eds.<\/p>\n<p>En su \u00faltimo art\u00edculo de respuesta al que yo publicara el lunes pasado, el se\u00f1or Bosch Carcuro me acusa de \u201cterrorismo medi\u00e1tico\u201d, por el t\u00e9rmino que suelo usar al referirme a los niveles a que ha llegado la emigraci\u00f3n haitiana en nuestro pa\u00eds. Le molesta, le pica que el pueblo dominicano sepa la verdad de lo que est\u00e1 pasando; de que no se trata de un proceso migratorio normal de un pa\u00eds m\u00e1s pobre que otro en busca de mejor\u00eda de la suerte de su poblaci\u00f3n. Al se\u00f1or Bosch Carcuro le pica el t\u00e9rmino \u201cinvasi\u00f3n pac\u00edfica\u201d, que es, en realidad, lo que est\u00e1 ocurriendo a trav\u00e9s de una frontera imaginaria, donde cruza todo el que le viene en ganas cruzar.<\/p>\n<p>El se\u00f1or Bosch Carcuro pega el grito al cielo porque he dicho que las cinco provincias fronterizas tienen una poblaci\u00f3n haitiana que ronda en algunos casos m\u00e1s del 50% que la poblaci\u00f3n dominicana y que \u00e9sto se debe, no s\u00f3lo a que se ha permitido de forma irresponsable el asentamiento de pueblos enteros, sino que se han abandonado esas provincias de toda ayuda oficial para incentivar la despoblaci\u00f3n dominicana, contrariando el mandato de la Constituci\u00f3n que establece como prioridad nacional la dominicanizaci\u00f3n de la frontera.<\/p>\n<p>Cuando sostengo p\u00fablicamente que, una vez las cinco provincias fronterizas tengan una ostensible mayor\u00eda de poblaci\u00f3n haitiana, donde la televisi\u00f3n y la radio que se escuchen sean las haitianas (como est\u00e1 ocurriendo con total impunidad), no es descabellado pensar que puedan rebelarse contra el Estado dominicano y reivindicar ese territorio (como ha ocurrido en el pasado), ahora con el apoyo de su nuevo ej\u00e9rcito que se est\u00e1 formando con log\u00edstica de las potencias y que, seg\u00fan ellos mismos han anunciado, ser\u00e1 desplegado en la zona fronteriza.\u00a0\u00a0\u00a0 No es terrorismo medi\u00e1tico, Bosch Carcuro; es una realidad, con la cual usted est\u00e1 cohonestando en contra del pa\u00eds que su abuelo gobern\u00f3 con mucho decoro en el a\u00f1o 1963 y del cual usted ha aceptado que no es ciudadano.<\/p>\n<p>En mis discursos con respecto al tema haitiano no albergo ning\u00fan tipo de odio ni de resentimiento en contra de Hait\u00ed ni de su desdichada poblaci\u00f3n. Todo lo contrario.\u00a0 Dios, en el que usted no cree, sabe que en nuestro coraz\u00f3n nunca se han albergado sentimientos de persecuci\u00f3n, discriminaci\u00f3n o prejuicio contra los ciudadanos haitianos.\u00a0 Lo que entiendo es que por grave y desafortunadas que sean las penurias del pueblo haitiano, nuestra solidaridad como dominicanos tiene un l\u00edmite que ha sido ya desbordado por mucho.\u00a0 Entiendo que nuestra responsabilidad primera como dominicanos, son nuestros millones de compatriotas pobres, a los cuales estamos condenando de manera irreversible en su pobreza, al destinar los pocos recursos de que disponemos como Estado para hacernos cargo del drama de los vecinos.<\/p>\n<p>Al se\u00f1or Bosch Carcuro le doli\u00f3 mi razonamiento de que para la naci\u00f3n la invasi\u00f3n masiva y pac\u00edfica de Hait\u00ed sobre la Rep\u00fablica Dominicana es m\u00e1s peligrosa que las intervenciones militares de EEUU en el 1916 y el 1965.\u00a0 Aunque le duela al abanderado de la causa haitiana contra RD, reitero mi convicci\u00f3n.\u00a0 Estados Unidos mand\u00f3 su tropa a territorio de RD, hechos hist\u00f3ricos grav\u00edsimos que aniquilaron temporalmente la soberan\u00eda de nuestra patria. La invasi\u00f3n haitiana masiva y los planes de fusi\u00f3n pretenden aniquilar, no s\u00f3lo la existencia misma de la Rep\u00fablica, sino nuestros valores, nuestra cultura, nuestra religi\u00f3n. La reconquista de la parte este de la Isla Hispaniola sin tirar ni un tiro, para establecer el sue\u00f1o de \u201c\u00fanica e indivisible\u201d.<\/p>\n<p>Finalmente, es totalmente falso que entendamos que la soluci\u00f3n del problema haitiano sea s\u00f3lo el muro y las deportaciones de ilegales. Hemos sido los abanderados de la protecci\u00f3n del mercado laboral de la Rep\u00fablica Dominicana; de penalizar a los empresarios y empleadores explotadores exigi\u00e9ndoles el 80\/20. Queremos la migraci\u00f3n haitiana regularizada y con documentaci\u00f3n en el n\u00famero en que no represente un peligro para los intereses de la Rep\u00fablica Dominicana, como lo hacen todos los pa\u00edses del mundo.\u00a0 Ese es el meollo del problema del que el se\u00f1or Bosch Carcuro huye en forma despavorida abordar en sus art\u00edculos.<\/p>\n<h3 style=\"text-align: center;\">II<\/h3>\n<h3 class=\"art_titulo\" style=\"text-align: center;\">Emplazan fuerza militar a proteger territorio<\/h3>\n<p>(Listin, 8-7-17)<\/p>\n<p>Pelegr\u00edn Castillo emplaz\u00f3 a las Fuerzas Armadas a cumplir con su misi\u00f3n constitucional de preservar la integridad del territorio nacional en especial de sus fronteras, al tiempo que le record\u00f3 que su sujeci\u00f3n al poder civil est\u00e1 condicionada a que \u00e9ste cumpla tambi\u00e9n con sus obligaciones constitucionales.<\/p>\n<p>En opini\u00f3n del exlegislador y exministro, el gobierno del presidente Medina \u201cha seguido una pol\u00edtica funesta, cargada de errores, ambig\u00fcedades y vacilaciones frente al mayor problema de pol\u00edtica exterior e interior que es el Estado fallido de Hait\u00ed y la actitud c\u00ednica de la Comunidad Internacional\u201d.<\/p>\n<p>\u201cEse enfoque, impuesto por una influyente facci\u00f3n del gobierno que se subordina en todo a los planes de los poderes extranjeros, est\u00e1 en el origen del proceso de derrumbe de la soberan\u00eda del Estado, y las Fuerzas Armadas no pueden seguir asumiendo posiciones pasivas o c\u00f3mplices, ya que est\u00e1n comprometiendo la raz\u00f3n de ser de su existencia y su papel en la historia de la Rep\u00fablica. La estructura de corrupci\u00f3n transnacional m\u00e1s grande y peligrosa del pa\u00eds es esa frontera, que puede terminar siendo la tumba de la Naci\u00f3n y de las FFAA\u201d, explic\u00f3 Castillo.<\/p>\n<p>Pelegr\u00edn Castillo advirti\u00f3 de que por el momento no se puede seguir hablando hip\u00f3critamente de \u201cproblemas migratorios\u201d cuando lo que enfrentamos es una ocupaci\u00f3n del territorio, por millones de haitianos, estimulada por sectores de poder en Hait\u00ed y los EUA, que cuenta con la complicidad de poderosos sectores nacionales que han decidido tambi\u00e9n sacar ventajas particulares del drama de esa naci\u00f3n, asumiendo los esquemas de binacionalidad insular.<\/p>\n<p>Castillo explic\u00f3 que si las instituciones del Estado, en especial las Fuerzas Armadas no juegan sus roles, entonces lo har\u00e1n con fuerza las comunidades y grupos organizados, y eso plantear\u00e1 un escenario de gran conflicto en la Isla y la regi\u00f3n del Caribe.<\/p>\n<p>\u201cEs una imbecilidad creer que se pueden resolver los complejos problemas de Hait\u00ed, sacrificando al pueblo dominicano, y que nada pasar\u00e1. Confiamos en que las Fuerzas Armadas probar\u00e1n que su existencia est\u00e1 m\u00e1s que justificada, pero para eso se necesitan m\u00e1s que declaraciones y campa\u00f1as de relaciones p\u00fablicas.<\/p>\n<p>Finalmente, Castillo advirti\u00f3 contra la tendencia de las autoridades a afirmar que las relaciones con Hait\u00ed son excelentes cuando en verdad no lo son: \u201cLos haitianos est\u00e1n tranquilos con Danilo porque est\u00e1n alcanzando lo que no so\u00f1aron lograr\u201d.<\/p>\n","protected":false},"excerpt":{"rendered":"<p>I R\u00e9plica de carta a Mat\u00edas Bosch Vinicio A. Castillo Seman (Listin, 7-8-17) \u201cPeque\u00f1os, ser\u00e1n peque\u00f1os en el n\u00famero, pero son grandes en su decisi\u00f3n de luchar por esta Patria y por este pueblo\u201d. Juan Bosch. Con esas palabras sobre la Fuerza Nacional Progresista (FNP), sell\u00f3 el pr\u00f3cer Juan Bosch la alianza con nuestro partido [&hellip;]<\/p>\n","protected":false},"author":1,"featured_media":21871,"comment_status":"open","ping_status":"open","sticky":false,"template":"","format":"standard","meta":{"footnotes":""},"categories":[5,12],"tags":[],"class_list":["post-21870","post","type-post","status-publish","format-standard","has-post-thumbnail","hentry","category-nacionales","category-politica-3"],"_links":{"self":[{"href":"https:\/\/debateplural.net\/site\/wp-json\/wp\/v2\/posts\/21870"}],"collection":[{"href":"https:\/\/debateplural.net\/site\/wp-json\/wp\/v2\/posts"}],"about":[{"href":"https:\/\/debateplural.net\/site\/wp-json\/wp\/v2\/types\/post"}],"author":[{"embeddable":true,"href":"https:\/\/debateplural.net\/site\/wp-json\/wp\/v2\/users\/1"}],"replies":[{"embeddable":true,"href":"https:\/\/debateplural.net\/site\/wp-json\/wp\/v2\/comments?post=21870"}],"version-history":[{"count":1,"href":"https:\/\/debateplural.net\/site\/wp-json\/wp\/v2\/posts\/21870\/revisions"}],"predecessor-version":[{"id":21872,"href":"https:\/\/debateplural.net\/site\/wp-json\/wp\/v2\/posts\/21870\/revisions\/21872"}],"wp:featuredmedia":[{"embeddable":true,"href":"https:\/\/debateplural.net\/site\/wp-json\/wp\/v2\/media\/21871"}],"wp:attachment":[{"href":"https:\/\/debateplural.net\/site\/wp-json\/wp\/v2\/media?parent=21870"}],"wp:term":[{"taxonomy":"category","embeddable":true,"href":"https:\/\/debateplural.net\/site\/wp-json\/wp\/v2\/categories?post=21870"},{"taxonomy":"post_tag","embeddable":true,"href":"https:\/\/debateplural.net\/site\/wp-json\/wp\/v2\/tags?post=21870"}],"curies":[{"name":"wp","href":"https:\/\/api.w.org\/{rel}","templated":true}]}}