{"id":2207,"date":"2015-11-25T19:37:46","date_gmt":"2015-11-25T19:37:46","guid":{"rendered":"http:\/\/debateplural.com\/?p=2207"},"modified":"2016-06-23T14:21:00","modified_gmt":"2016-06-23T14:21:00","slug":"piloto-superviviente-del-su-24-tengo-que-devolver-el-favor-en-nombre-de-mi-capitan","status":"publish","type":"post","link":"https:\/\/debateplural.net\/site\/2015\/11\/25\/piloto-superviviente-del-su-24-tengo-que-devolver-el-favor-en-nombre-de-mi-capitan\/","title":{"rendered":"Piloto superviviente del Su-24: \"Tengo que 'devolver el favor' en nombre de mi capit\u00e1n\""},"content":{"rendered":"<div id=\"attachment_2208\" style=\"width: 715px\" class=\"wp-caption aligncenter\"><img loading=\"lazy\" decoding=\"async\" aria-describedby=\"caption-attachment-2208\" class=\"size-full wp-image-2208\" src=\"http:\/\/tripletecnologia.com\/website\/debateplural\/wp-content\/uploads\/2015\/11\/avion-su-24-fuerza-aerea-rusa-3.jpg\" alt=\"Avion Su-24 fuerza aerea rusa\" width=\"705\" height=\"397\" \/><p id=\"caption-attachment-2208\" class=\"wp-caption-text\">Avi\u00f3n Su-24 fuerza a\u00e9rea rusa\u00a0<\/p><\/div>\n<div class=\"arcticle-summary\">\n<p style=\"text-align:justify;\">El piloto rescatado del bombardero ruso Su-24 que este martes fue derribado por <a href=\"http:\/\/localhost\/debateplural\/tag\/turquia\">Turqu\u00eda<\/a> por, supuestamente, violar su espacio a\u00e9reo ha declarado que su avi\u00f3n no cruz\u00f3 ese l\u00edmite \"ni un solo segundo\".<\/p>\n<\/div>\n<p><!--more--><\/p>\n<div class=\"arcticle-content\">\n<h3 style=\"text-align:justify;\">El superviviente del Su-24 descarta que violara el espacio a\u00e9reo turco<\/h3>\n<p style=\"text-align:justify;\">\"Todo nuestro vuelo hasta el momento de la explosi\u00f3n del misil estuvo completamente bajo mi control. Ve\u00eda perfectamente, tanto en el mapa como en el terrero, d\u00f3nde estaba la frontera y donde est\u00e1bamos nosotros. Ni siquiera existi\u00f3 el peligro de entrar en Turqu\u00eda\", ha aclarado el superviviente, seg\u00fan recoge sus palabras <a href=\"http:\/\/ria.ru\/world\/20151125\/1328256554.html\" target=\"_blank\">RIA Novosti<\/a>.<\/p>\n<h3>Turqu\u00eda no avis\u00f3 a la tripulaci\u00f3n del aparato<\/h3>\n<p style=\"text-align:justify;\">El piloto ha <a href=\"http:\/\/ria.ru\/world\/20151125\/1328256554.html\" target=\"_blank\">asegurado<\/a>\u00a0que Turqu\u00eda no avis\u00f3 a la tripulaci\u00f3n del aparato sobre esa presunta violaci\u00f3n de sus fronteras ni sobre el ataque que sufri\u00f3 posteriormente.<\/p>\n<p style=\"text-align:justify;\">\"La verdad es que no hubo ninguna advertencia. Ni por radio ni visualmente. No hubo ning\u00fan contacto. As\u00ed que seguimos nuestro rumbo de ataque reglamentario. Hay que entender qu\u00e9 velocidad llevaban tanto el bombardero como el caza F-16. Si hubieran querido advertirnos podr\u00edan haberse mostrado poni\u00e9ndose en paralelo a nosotros. Pero no lo hicieron. El misil entr\u00f3 por la cola de nuestro avi\u00f3n inesperadamente. Ni siquiera lo vimos, de manera que no nos dio tiempo a hacer la maniobra antimisil\", ha detallado.<\/p>\n<h3>El piloto superviviente quiere\u00a0'devolver el favor' en nombre de su\u00a0capit\u00e1n<\/h3>\n<p style=\"text-align:justify;\">Este militar ha indicado que quiere permanecer al servicio de la Fuerza A\u00e9rea rusa en <a href=\"http:\/\/localhost\/debateplural\/tag\/siria\">Siria<\/a> para vengar a su capit\u00e1n.<\/p>\n<p style=\"text-align:justify;\">\"Por supuesto, espero impaciente que me den el alta para regresar de inmediato a mis funciones. Me gustar\u00eda que mis superiores me permitieran permanecer en esta base a\u00e9rea. Tengo que 'devolver el favor' en nombre de mi capit\u00e1n\", ha se\u00f1alado el piloto.<\/p>\n<h3>RT habla en exclusiva con el piloto<\/h3>\n<p style=\"text-align:justify;\">Previamente, el periodista de RT en ingl\u00e9s\u00a0<a href=\"https:\/\/twitter.com\/Kosarev_RT\" target=\"_blank\">Rom\u00e1n K\u00f3sarev<\/a>\u00a0entrevist\u00f3 al piloto despu\u00e9s de que este regresara a la base rusa de Jmeimim en Latakia.<\/p>\n<h3>Operaci\u00f3n de rescate del piloto<\/h3>\n<p style=\"text-align:justify;\">Las fuerzas especiales rusas y sirias han completado con \u00e9xito la operaci\u00f3n de rescate de uno de los pilotos del bombardero Su-24 de la Fuerza A\u00e9rea rusa abatido este martes en Siria, ha comunicado\u00a0el ministro de Defensa ruso, Sergu\u00e9i Shoig\u00fa.\u00a0El\u00a0ministro\u00a0<a href=\"https:\/\/actualidad.rt.com\/actualidad\/192505-confirmado-piloto-bombardero-ruso-derribado-rescatado\" target=\"_blank\" rel=\"up\">se\u00f1al\u00f3<\/a>\u00a0que la operaci\u00f3n dur\u00f3 12 horas y dio las gracias al personal que \"trabaj\u00f3 con gran riesgo toda la noche\".<\/p>\n<p style=\"text-align:justify;\">A las 00.40 GMT completaron el trabajo, ha detallado el titular de Defensa.\u00a0\"La operaci\u00f3n ha terminado con \u00e9xito. El piloto ha sido llevado a nuestra base con vida y est\u00e1 a salvo\", ha agregado\u00a0Shoig\u00fa en la reuni\u00f3n del consejo del Ministerio de Defensa.<\/p>\n<h3>Turqu\u00eda derriba el Su-24 ruso<\/h3>\n<p style=\"text-align:justify;\">El 24 de noviembre el Ministerio de Defensa de <a href=\"http:\/\/localhost\/debateplural\/tag\/rusia\">Rusia\u00a0<\/a><a href=\"https:\/\/actualidad.rt.com\/actualidad\/192424-turquia-derribar-avion-militar-rusia-siria\" target=\"_blank\" rel=\"up\">confirm\u00f3<\/a>\u00a0los informes de que un bombardero t\u00e1ctico Su-24 perteneciente a la Fuerza A\u00e9rea rusa se hab\u00eda estrellado en Siria, cerca de la frontera con Turqu\u00eda. Seg\u00fan el\u00a0ministerio, el avi\u00f3n siniestrado volaba exclusivamente sobre el territorio de Siria y no viol\u00f3 la frontera con Turqu\u00eda, tal como se\u00f1alan medios objetivos de control.<\/p>\n<\/div>\n","protected":false},"excerpt":{"rendered":"<p>El piloto rescatado del bombardero ruso Su-24 que este martes fue derribado por Turqu\u00eda por, supuestamente, violar su espacio a\u00e9reo ha declarado que su avi\u00f3n no cruz\u00f3 ese l\u00edmite \"ni un solo segundo\".<\/p>\n","protected":false},"author":1,"featured_media":8454,"comment_status":"open","ping_status":"open","sticky":false,"template":"","format":"standard","meta":{"footnotes":""},"categories":[14],"tags":[40,41,51],"class_list":["post-2207","post","type-post","status-publish","format-standard","has-post-thumbnail","hentry","category-internacionales","tag-rusia","tag-siria","tag-turquia"],"_links":{"self":[{"href":"https:\/\/debateplural.net\/site\/wp-json\/wp\/v2\/posts\/2207"}],"collection":[{"href":"https:\/\/debateplural.net\/site\/wp-json\/wp\/v2\/posts"}],"about":[{"href":"https:\/\/debateplural.net\/site\/wp-json\/wp\/v2\/types\/post"}],"author":[{"embeddable":true,"href":"https:\/\/debateplural.net\/site\/wp-json\/wp\/v2\/users\/1"}],"replies":[{"embeddable":true,"href":"https:\/\/debateplural.net\/site\/wp-json\/wp\/v2\/comments?post=2207"}],"version-history":[{"count":1,"href":"https:\/\/debateplural.net\/site\/wp-json\/wp\/v2\/posts\/2207\/revisions"}],"predecessor-version":[{"id":8455,"href":"https:\/\/debateplural.net\/site\/wp-json\/wp\/v2\/posts\/2207\/revisions\/8455"}],"wp:featuredmedia":[{"embeddable":true,"href":"https:\/\/debateplural.net\/site\/wp-json\/wp\/v2\/media\/8454"}],"wp:attachment":[{"href":"https:\/\/debateplural.net\/site\/wp-json\/wp\/v2\/media?parent=2207"}],"wp:term":[{"taxonomy":"category","embeddable":true,"href":"https:\/\/debateplural.net\/site\/wp-json\/wp\/v2\/categories?post=2207"},{"taxonomy":"post_tag","embeddable":true,"href":"https:\/\/debateplural.net\/site\/wp-json\/wp\/v2\/tags?post=2207"}],"curies":[{"name":"wp","href":"https:\/\/api.w.org\/{rel}","templated":true}]}}