{"id":2210,"date":"2015-11-25T19:50:23","date_gmt":"2015-11-25T19:50:23","guid":{"rendered":"http:\/\/debateplural.com\/?p=2210"},"modified":"2016-06-23T14:20:59","modified_gmt":"2016-06-23T14:20:59","slug":"ankara-busca-un-conflicto-con-moscu-al-derribar-el-su-24","status":"publish","type":"post","link":"https:\/\/debateplural.net\/site\/2015\/11\/25\/ankara-busca-un-conflicto-con-moscu-al-derribar-el-su-24\/","title":{"rendered":"Ankara busca un conflicto con Mosc\u00fa al derribar el Su-24"},"content":{"rendered":"<div id=\"attachment_1617\" style=\"width: 715px\" class=\"wp-caption aligncenter\"><img loading=\"lazy\" decoding=\"async\" aria-describedby=\"caption-attachment-1617\" class=\"size-full wp-image-1617\" src=\"http:\/\/tripletecnologia.com\/website\/debateplural\/wp-content\/uploads\/2015\/11\/reccep-tayyp-erdogan-presidente-de-turquia-1.jpg\" alt=\"Reccep Tayyp Erdogan presidente de Turquia\" width=\"705\" height=\"381\" \/><p id=\"caption-attachment-1617\" class=\"wp-caption-text\">Reccep Tayyp Erdogan presidente de Turqu\u00eda\u00a0<\/p><\/div>\n<p class=\"b-article__lead\" style=\"text-align:justify;\">El derribo por Turqu\u00eda del avi\u00f3n ruso Su-24 en<a href=\"http:\/\/localhost\/debateplural\/tag\/siria\"> Siria<\/a> esconde la intenci\u00f3n de desatar un conflicto con <a href=\"http:\/\/localhost\/debateplural\/tag\/rusia\">Rusia<\/a>, opina el polit\u00f3logo iran\u00ed, profesor de la Universidad de Teher\u00e1n, Hossein Ruyvaran.<!--more--><\/p>\n<div class=\"b-article__videoclub_embed\" style=\"text-align:justify;\">\u00a0\"<a href=\"http:\/\/localhost\/debateplural\/tag\/turquia\">Turqu\u00eda <\/a>desde el principio se opon\u00eda a la lucha antiterrorista y el derribo del avi\u00f3n militar ruso en el territorio de Siria por parte de las Fuerzas Armadas turcas es una intervenci\u00f3n en los asuntos internos de Siria, as\u00ed como una especie de intento de desatar un conflicto con Rusia que apoya activamente al Gobierno sirio leg\u00edtimo\", dijo.<\/div>\n<p style=\"text-align:justify;\">Seg\u00fan Ruyvaran, no hay ninguna prueba de que el avi\u00f3n ruso haya <a href=\"http:\/\/mundo.sputniknews.com\/rusia\/20151125\/1054070364\/piloto-ruso-su-24-espacio-aereo-turco.html\">violado el espacio a\u00e9reo de Turqu\u00eda<\/a> o que supuestamente haya recibido 10 advertencias por parte de los turcos.<\/p>\n<p style=\"text-align:justify;\">El polit\u00f3logo indic\u00f3 adem\u00e1s que el objetivo de Ankara es ocupar una parte del <a href=\"http:\/\/mundo.sputniknews.com\/orientemedio\/20151125\/1054051193\/siria-turquia-su24-soberania.html\">territorio sirio<\/a> bajo el pretexto de crear una zona de exclusi\u00f3n a\u00e9rea.<\/p>\n<p style=\"text-align:justify;\">\"La declaraci\u00f3n descarada del presidente (de Turqu\u00eda, Recep Tayyip) Erdogan\u00a0de que una zona de exclusi\u00f3n a\u00e9rea ha sido creada en la frontera y en el norte de Siria en colaboraci\u00f3n con pa\u00edses occidentales \u2013quiz\u00e1s, ante todo para la aviaci\u00f3n siria y los bombarderos rusos\u2013 confirma la intervenci\u00f3n directa de Ankara en el conflicto interno de Siria y no al lado de aquellos que luchan contra el terrorismo\", afirm\u00f3.<\/p>\n<p style=\"text-align:justify;\">El experto record\u00f3 tambi\u00e9n que \"un d\u00eda antes del derribo, las autoridades turcas citaron al embajador ruso en Ankara y le expresaron una protesta a ra\u00edz de bombardeos de regiones de los turcomanos sirios\".<\/p>\n<p style=\"text-align:justify;\">\"De hecho, tal protesta al embajador ruso no tiene ninguna legitimidad; ello demuestra que Turqu\u00eda no lucha contra el terrorismo en la regi\u00f3n sino se esfuerza por mantener su influencia en Siria\", recacl\u00f3.<\/p>\n<p style=\"text-align:justify;\">El martes <a href=\"http:\/\/mundo.sputniknews.com\/trend\/turquia_su24_siria_24112015\/\">fue derribado<\/a> en territorio sirio, a cuatro kil\u00f3metros de la frontera con Turqu\u00eda, un bombardero Su-24 alcanzado por un misil aire-aire turco.<\/p>\n<p style=\"text-align:justify;\">El presidente ruso, <a href=\"http:\/\/localhost\/debateplural\/tag\/vladimir-putin\">Vlad\u00edmir Putin<\/a>, quien calific\u00f3 el acto de una \"pu\u00f1alada por la espalda\" asestada por los \"c\u00f3mplices del terrorismo\".<\/p>\n<p style=\"text-align:justify;\">Desde el 30 de septiembre, la aviaci\u00f3n rusa realiza ataques contra el EI y el grupo terrorista Frente al Nusra en Siria tras una petici\u00f3n del presidente sirio Bashar Asad, destruyendo infraestructuras de los yihadistas y abatiendo a cientos de radicales.<\/p>\n<p>&nbsp;<\/p>\n","protected":false},"excerpt":{"rendered":"<p>El derribo por Turqu\u00eda del avi\u00f3n ruso Su-24 en Siria esconde la intenci\u00f3n de desatar un conflicto con Rusia, opina el polit\u00f3logo iran\u00ed, profesor de la Universidad de Teher\u00e1n, Hossein Ruyvaran.<\/p>\n","protected":false},"author":1,"featured_media":8452,"comment_status":"open","ping_status":"open","sticky":false,"template":"","format":"standard","meta":{"footnotes":""},"categories":[14],"tags":[40,41,51,42],"class_list":["post-2210","post","type-post","status-publish","format-standard","has-post-thumbnail","hentry","category-internacionales","tag-rusia","tag-siria","tag-turquia","tag-vladimir-putin"],"_links":{"self":[{"href":"https:\/\/debateplural.net\/site\/wp-json\/wp\/v2\/posts\/2210"}],"collection":[{"href":"https:\/\/debateplural.net\/site\/wp-json\/wp\/v2\/posts"}],"about":[{"href":"https:\/\/debateplural.net\/site\/wp-json\/wp\/v2\/types\/post"}],"author":[{"embeddable":true,"href":"https:\/\/debateplural.net\/site\/wp-json\/wp\/v2\/users\/1"}],"replies":[{"embeddable":true,"href":"https:\/\/debateplural.net\/site\/wp-json\/wp\/v2\/comments?post=2210"}],"version-history":[{"count":1,"href":"https:\/\/debateplural.net\/site\/wp-json\/wp\/v2\/posts\/2210\/revisions"}],"predecessor-version":[{"id":8453,"href":"https:\/\/debateplural.net\/site\/wp-json\/wp\/v2\/posts\/2210\/revisions\/8453"}],"wp:featuredmedia":[{"embeddable":true,"href":"https:\/\/debateplural.net\/site\/wp-json\/wp\/v2\/media\/8452"}],"wp:attachment":[{"href":"https:\/\/debateplural.net\/site\/wp-json\/wp\/v2\/media?parent=2210"}],"wp:term":[{"taxonomy":"category","embeddable":true,"href":"https:\/\/debateplural.net\/site\/wp-json\/wp\/v2\/categories?post=2210"},{"taxonomy":"post_tag","embeddable":true,"href":"https:\/\/debateplural.net\/site\/wp-json\/wp\/v2\/tags?post=2210"}],"curies":[{"name":"wp","href":"https:\/\/api.w.org\/{rel}","templated":true}]}}