{"id":22258,"date":"2018-01-25T12:10:30","date_gmt":"2018-01-25T16:10:30","guid":{"rendered":"http:\/\/debateplural.com\/?p=22258"},"modified":"2018-01-25T12:10:30","modified_gmt":"2018-01-25T16:10:30","slug":"la-proscripcion-de-lula","status":"publish","type":"post","link":"https:\/\/debateplural.net\/site\/2018\/01\/25\/la-proscripcion-de-lula\/","title":{"rendered":"La proscripci\u00f3n de Lula"},"content":{"rendered":"<div class=\"topblogleft\">Atilio Bor\u00f3n (teleSur, 24-1-18)<\/div>\n<p>El de hoy es un d\u00eda de luto para la democracia en el mundo. Tres jueces arrojaron por la borda toda la evidencia que confirmaban la inocencia de Lula y lo condenaron a una pena de doce a\u00f1os y un mes por haber supuestamente incurrido en el delito de corrupci\u00f3n. Para colmo, estos funestos personajes que manchan de manera indeleble a la Justicia brasile\u00f1a decidieron aumentar la pena que originalmente le hab\u00eda fijado el pol\u00e9mico juez Sergio Fernando Moro que era de 9 a\u00f1os y seis meses de prisi\u00f3n. Tal como ocurriera en el caso de Dilma Rousseff no existen pruebas irrefutables que Lula hubiera recibido el famoso triplex en Guaruj\u00e1 a cambio de favores concedidos a ciertas empresas examinadas en el marco del proceso legal conocido como Lava Jato. Pero la certeza incontrovertible de la existencia del delito, fundamento del debido proceso, no es ya necesaria en Brasil, como en Argentina, para condenar a un enemigo pol\u00edtico. La diferencia es que en este pa\u00eds se lo encarcela bajo la dudosa figura de la \u201cprisi\u00f3n preventiva\u201d, extremos hasta los cuales hoy no se ha llegado en Brasil. Por eso no hay ninguna posibilidad de que Lula vaya a prisi\u00f3n a ra\u00edz de la sentencia de la C\u00e1mara. Un dato que habla de la bajeza y el talante moral del empresariado brasile\u00f1o, que canta loas a la democracia y la rep\u00fablica, lo ofrece el hecho de que tras conocerse la ilegal condena a Lula la Bolsa de Sao Paulo subi\u00f3 un 3.72 por ciento.<\/p>\n<p>De todos modos el asunto est\u00e1 lejos de haber sido clausurado. Quedan muchas instancias de apelaci\u00f3n, ante la propia C\u00e1mara que decidi\u00f3 aumentarle la pena, ante el Superior Tribunal de Justicia (STJ) alegando que en el curso del proceso se transgredi\u00f3 alguna ley federal, o ante el Supremo Tribunal Federal (STF), si llegara a plantearse que le sentencia viola derechos garantizados por la Constituci\u00f3n. Habida cuenta de lo dilatados que suelen ser los plazos legales quien decidir\u00e1 si Lula puede o no participar en las elecciones y, en caso de ganarlas, asumir la presidencia es el Tribunal Superior Electoral (TSE), donde el PT deber\u00e1 inscribir la candidatura de Lula entre el 20 de julio y el 15 de Agosto pr\u00f3ximos. Dado que el proceso legal contin\u00faa su curso y cuyo resultado final bien podr\u00eda ser el sobreseimiento de Lula, parece poco probable \u2013por lo temerario- que los magistrados del TSE veten la inscripci\u00f3n del l\u00edder petista y, si triunfa en las elecciones, le impidan que llegue al Palacio del Planalto. En pocas palabras, se perdi\u00f3 una batalla contra una in(justicia) corrupta y venal, pero el proceso electoral sigue su curso y la ventaja de Lula sobre sus impresentables competidores aumenta de a poco pero d\u00eda a d\u00eda. No se habla del asunto pero son muchos en Brasil que temen que la proscripci\u00f3n de Lula puede ser la chispa que incendie la reseca pradera social brasile\u00f1a, devastada por las pol\u00edticas de Temer e indignada por el sesgo antipopular de la justicia federal. No vaya a ser que el ensa\u00f1amiento pol\u00edtico en contra del ex presidente se convierta en el detonante de un estallido social de incalculables proyecciones. No hay que olvidar una clara ense\u00f1anza de la historia: quienes con m\u00e1s empecinamiento se opusieron a las reformas terminaron siendo, a pesar de ellos, los que catalizaron las revoluciones.<\/p>\n","protected":false},"excerpt":{"rendered":"<p>Atilio Bor\u00f3n (teleSur, 24-1-18) El de hoy es un d\u00eda de luto para la democracia en el mundo. Tres jueces arrojaron por la borda toda la evidencia que confirmaban la inocencia de Lula y lo condenaron a una pena de doce a\u00f1os y un mes por haber supuestamente incurrido en el delito de corrupci\u00f3n. Para [&hellip;]<\/p>\n","protected":false},"author":1,"featured_media":0,"comment_status":"open","ping_status":"open","sticky":false,"template":"","format":"standard","meta":{"footnotes":""},"categories":[14,12],"tags":[],"class_list":["post-22258","post","type-post","status-publish","format-standard","hentry","category-internacionales","category-politica-3"],"_links":{"self":[{"href":"https:\/\/debateplural.net\/site\/wp-json\/wp\/v2\/posts\/22258"}],"collection":[{"href":"https:\/\/debateplural.net\/site\/wp-json\/wp\/v2\/posts"}],"about":[{"href":"https:\/\/debateplural.net\/site\/wp-json\/wp\/v2\/types\/post"}],"author":[{"embeddable":true,"href":"https:\/\/debateplural.net\/site\/wp-json\/wp\/v2\/users\/1"}],"replies":[{"embeddable":true,"href":"https:\/\/debateplural.net\/site\/wp-json\/wp\/v2\/comments?post=22258"}],"version-history":[{"count":1,"href":"https:\/\/debateplural.net\/site\/wp-json\/wp\/v2\/posts\/22258\/revisions"}],"predecessor-version":[{"id":22259,"href":"https:\/\/debateplural.net\/site\/wp-json\/wp\/v2\/posts\/22258\/revisions\/22259"}],"wp:attachment":[{"href":"https:\/\/debateplural.net\/site\/wp-json\/wp\/v2\/media?parent=22258"}],"wp:term":[{"taxonomy":"category","embeddable":true,"href":"https:\/\/debateplural.net\/site\/wp-json\/wp\/v2\/categories?post=22258"},{"taxonomy":"post_tag","embeddable":true,"href":"https:\/\/debateplural.net\/site\/wp-json\/wp\/v2\/tags?post=22258"}],"curies":[{"name":"wp","href":"https:\/\/api.w.org\/{rel}","templated":true}]}}