{"id":22356,"date":"2018-01-30T13:29:39","date_gmt":"2018-01-30T17:29:39","guid":{"rendered":"http:\/\/debateplural.com\/?p=22356"},"modified":"2018-01-30T13:29:39","modified_gmt":"2018-01-30T17:29:39","slug":"afinan-detalles-de-acuerdo-entre-gobierno-y-oposicion-de-venezuela","status":"publish","type":"post","link":"https:\/\/debateplural.net\/site\/2018\/01\/30\/afinan-detalles-de-acuerdo-entre-gobierno-y-oposicion-de-venezuela\/","title":{"rendered":"Afinan detalles de acuerdo entre Gobierno y oposici\u00f3n de Venezuela"},"content":{"rendered":"<p>El representante de\u00a0<strong>la delegaci\u00f3n del Gobierno de Venezuela<\/strong>\u00a0en el proceso de di\u00e1logo y paz,\u00a0Jorge Rodr\u00edguez, ofreci\u00f3 un avance\u00a0este martes\u00a0sobre las conversaciones que sostienen con la delegaci\u00f3n opositora antes de ingresar a la Canciller\u00eda de Rep\u00fablica Dominicana.<\/p>\n<p>\u201cYo reconozco la labor de la oposici\u00f3n venezolana que se ha presentado en la mesa de di\u00e1logo\u201d, indic\u00f3 Rodr\u00edguez al tiempo que asegur\u00f3 que \u201cestamos en los detalles finales, estoy casi seguro que s\u00ed habr\u00e1 soluci\u00f3n\u201d.<\/p>\n<p>Rodr\u00edguez enfatiz\u00f3\u00a0que, en la<strong>\u00a0mesa de di\u00e1logo<\/strong>, \u201cestamos trabajando con los temas que ya hemos venido hablando con la oposici\u00f3n venezolana:\u00a0elecciones libres, reconocimiento de la Asamblea Nacional Constituyente, levantamiento del desacato de la Asamblea Nacional opositora, levantamiento de todas las sanciones internacionales y los dem\u00e1s puntos que estamos acordando\u201d.<\/p>\n<p>La\u00a0<strong>delegaci\u00f3n de la oposici\u00f3n<\/strong>\u00a0tambi\u00e9n est\u00e1 presente en la sede de la Canciller\u00eda.<\/p>\n<p>Ambas partes sostuvieron seis horas de conversaciones este\u00a0lunes, y, tras un receso, ten\u00edan previsto reanudarlas en la noche, pero decidieron hacerlo en la ma\u00f1ana de este martes, seg\u00fan inform\u00f3 a la prensa el portavoz de la Presidencia dominicana, Roberto Rodr\u00edguez Marchena.<\/p>\n<p>En la reuni\u00f3n del lunes participaron, adem\u00e1s de las delegaciones\u00a0de ambas partes,\u00a0el mandatario dominicano, Danilo Medina,\u00a0el expresidente del Gobierno espa\u00f1ol Jos\u00e9 Luis Rodr\u00edguez Zapatero; junto al acompa\u00f1amiento de Chile a solicitud de la oposici\u00f3n, y de Bolivia, Nicaragua y San Vicente y\u00a0las Granadinas, invitados por el Gobierno de Nicol\u00e1s Maduro.<\/p>\n","protected":false},"excerpt":{"rendered":"<p>El representante de\u00a0la delegaci\u00f3n del Gobierno de Venezuela\u00a0en el proceso de di\u00e1logo y paz,\u00a0Jorge Rodr\u00edguez, ofreci\u00f3 un avance\u00a0este martes\u00a0sobre las conversaciones que sostienen con la delegaci\u00f3n opositora antes de ingresar a la Canciller\u00eda de Rep\u00fablica Dominicana. \u201cYo reconozco la labor de la oposici\u00f3n venezolana que se ha presentado en la mesa de di\u00e1logo\u201d, indic\u00f3 Rodr\u00edguez [&hellip;]<\/p>\n","protected":false},"author":1,"featured_media":22324,"comment_status":"open","ping_status":"open","sticky":false,"template":"","format":"standard","meta":{"footnotes":""},"categories":[14,12],"tags":[],"class_list":["post-22356","post","type-post","status-publish","format-standard","has-post-thumbnail","hentry","category-internacionales","category-politica-3"],"_links":{"self":[{"href":"https:\/\/debateplural.net\/site\/wp-json\/wp\/v2\/posts\/22356"}],"collection":[{"href":"https:\/\/debateplural.net\/site\/wp-json\/wp\/v2\/posts"}],"about":[{"href":"https:\/\/debateplural.net\/site\/wp-json\/wp\/v2\/types\/post"}],"author":[{"embeddable":true,"href":"https:\/\/debateplural.net\/site\/wp-json\/wp\/v2\/users\/1"}],"replies":[{"embeddable":true,"href":"https:\/\/debateplural.net\/site\/wp-json\/wp\/v2\/comments?post=22356"}],"version-history":[{"count":1,"href":"https:\/\/debateplural.net\/site\/wp-json\/wp\/v2\/posts\/22356\/revisions"}],"predecessor-version":[{"id":22357,"href":"https:\/\/debateplural.net\/site\/wp-json\/wp\/v2\/posts\/22356\/revisions\/22357"}],"wp:featuredmedia":[{"embeddable":true,"href":"https:\/\/debateplural.net\/site\/wp-json\/wp\/v2\/media\/22324"}],"wp:attachment":[{"href":"https:\/\/debateplural.net\/site\/wp-json\/wp\/v2\/media?parent=22356"}],"wp:term":[{"taxonomy":"category","embeddable":true,"href":"https:\/\/debateplural.net\/site\/wp-json\/wp\/v2\/categories?post=22356"},{"taxonomy":"post_tag","embeddable":true,"href":"https:\/\/debateplural.net\/site\/wp-json\/wp\/v2\/tags?post=22356"}],"curies":[{"name":"wp","href":"https:\/\/api.w.org\/{rel}","templated":true}]}}