{"id":22384,"date":"2018-01-31T16:01:26","date_gmt":"2018-01-31T20:01:26","guid":{"rendered":"http:\/\/debateplural.com\/?p=22384"},"modified":"2018-01-31T16:01:26","modified_gmt":"2018-01-31T20:01:26","slug":"la-ue-se-prepara-para-una-guerra-comercial-con-washington","status":"publish","type":"post","link":"https:\/\/debateplural.net\/site\/2018\/01\/31\/la-ue-se-prepara-para-una-guerra-comercial-con-washington\/","title":{"rendered":"La UE se prepara para una guerra comercial con Washington"},"content":{"rendered":"<div class=\"b-article__lead\">\n<p>El Foro Econ\u00f3mico Mundial de Davos tal vez sea recordado este a\u00f1o por el hecho de que all\u00ed estuvo a punto de formalizarse el 'divorcio' entre Estados Unidos y Europa. Al menos eso se desprende del an\u00e1lisis del periodista Sergu\u00e9i Manukov, del medio ruso Expert.<\/p>\n<\/div>\n<div class=\"b-article__text\">\n<p>La entrevista que el presidente de EEUU, Donald Trump,\u00a0concedi\u00f3 al canal ITV\u00a0al regresar de Davos puede servir para ilustrar esta brecha. Durante la conversaci\u00f3n con el periodista, el mandatario norteamericano amenaz\u00f3 con enfrentar al bloque de la UE por su pol\u00edtica comercial \"muy injusta\" respecto a los exportadores de EEUU. Se refer\u00eda en concreto a los aranceles establecidos por los pa\u00edses europeos, que en opini\u00f3n de Trump son demasiado elevados.<\/p>\n<p class=\"marker-quote1\">\"Nuestros productos no pueden entrar [en el mercado europeo]. Es muy dif\u00edcil y ellos env\u00edan sus productos sin pagar impuestos, muy pocos impuestos. Es muy injusto\", afirm\u00f3.<\/p>\n<p>El mandatario estadounidense asegur\u00f3 que ten\u00eda muchos problemas con la Uni\u00f3n Europea y que estas trabas pod\u00edan \"transformarse en algo grande\" en el \u00e1mbito del comercio.<\/p>\n<p>Trump tambi\u00e9n recalc\u00f3 que no solo Europa mantiene un 'comercio injusto' con EEUU, sino con otros pa\u00edses m\u00e1s, en referencia velada a China y Corea del Sur. El l\u00edder estadounidense, al parecer, considera su pa\u00eds lo suficientemente fuerte para guerras comerciales en varios frentes.<\/p>\n<p>EEUU se ha acostumbrado a que Europa apoye siempre la pol\u00edtica de su 'hermano mayor' y sufra todos los reproches y ataques de su Administraci\u00f3n en silencio,\u00a0analiza Manukov. Sin embargo, esta vez la reacci\u00f3n de Bruselas podr\u00eda haber sorprendido al Gobierno de Trump.<\/p>\n<p>La Uni\u00f3n Europea contest\u00f3 a las acusaciones diciendo que est\u00e1 lista para reaccionar r\u00e1pidamente si Estados Unidos restringe sus exportaciones. El portavoz de la Comisi\u00f3n Europea, Margaritis Schinas,\u00a0afirm\u00f3 en una conferencia de prensa\u00a0que la UE no consideraba el comercio como un \"juego de suma cero\"\u00a0\u2014cuando el beneficio de un participante en el mercado se equilibra con exactitud con la p\u00e9rdida de los otros participantes\u2014.<\/p>\n<p class=\"marker-quote1\">\"No se trata de ganadores y perdedores. Aqu\u00ed en la UE creemos que el comercio puede y debe ser un win-win [beneficioso para todos]\", subray\u00f3 el portavoz.<\/p>\n<p>\"Tambi\u00e9n pensamos que, aunque el comercio debe ser abierto y justo, debe basarse igualmente en normas. La UE est\u00e1 lista para reaccionar decidida y apropiadamente si nuestras exportaciones se ven afectadas por cualquier medida restrictiva al comercio por parte de EEUU\", advirti\u00f3.<\/p>\n<p>La Uni\u00f3n Europea no quiere una guerra comercial, pero si EEUU se empe\u00f1a en desatarla, responder\u00e1 \"decidida y apropiadamente\", enfatiz\u00f3.<\/p>\n<p>La Comisi\u00f3n Internacional de Comercio de EEUU\u00a0ya prohibi\u00f3 a Washington imponer aranceles\u00a0del 292% a los aviones de Bombardier, parcialmente ensamblados por trabajadores brit\u00e1nicos.<\/p>\n<p>El Departamento de Comercio de Estados Unidos se quejaba de que el Reino Unido y Canad\u00e1 otorgaran subsidios injustos a la empresa Bombardier, cuya f\u00e1brica en Irlanda del Norte emplea a m\u00e1s de 1.000 personas. Sin embargo, la queja del Departamento de Comercio de EEUU, basada en la denuncia de Boeing, fue rechazada inesperadamente por la Comisi\u00f3n.<\/p>\n<p class=\"marker-quote1\">\"La Uni\u00f3n Europea siempre respaldar\u00e1 y defender\u00e1 los intereses de su industria cuando se encuentre ante pr\u00e1cticas comerciales injustas\", declar\u00f3 el portavoz de Comercio, Daniel Rosario, tras celebrar la \"dura victoria\" lograda por Bombardier.<\/p>\n<p>La Comisi\u00f3n Europa mostr\u00f3 el 30 de enero su \"decepci\u00f3n\" ante el arancel adicional impuesto por Washington a la aceituna negra espa\u00f1ola, una decisi\u00f3n preliminar que Madrid ya ha denunciado en Bruselas.<\/p>\n<p>&nbsp;<\/p>\n<\/div>\n","protected":false},"excerpt":{"rendered":"<p>El Foro Econ\u00f3mico Mundial de Davos tal vez sea recordado este a\u00f1o por el hecho de que all\u00ed estuvo a punto de formalizarse el 'divorcio' entre Estados Unidos y Europa. Al menos eso se desprende del an\u00e1lisis del periodista Sergu\u00e9i Manukov, del medio ruso Expert. La entrevista que el presidente de EEUU, Donald Trump,\u00a0concedi\u00f3 al [&hellip;]<\/p>\n","protected":false},"author":1,"featured_media":22385,"comment_status":"open","ping_status":"open","sticky":false,"template":"","format":"standard","meta":{"footnotes":""},"categories":[14,12],"tags":[],"class_list":["post-22384","post","type-post","status-publish","format-standard","has-post-thumbnail","hentry","category-internacionales","category-politica-3"],"_links":{"self":[{"href":"https:\/\/debateplural.net\/site\/wp-json\/wp\/v2\/posts\/22384"}],"collection":[{"href":"https:\/\/debateplural.net\/site\/wp-json\/wp\/v2\/posts"}],"about":[{"href":"https:\/\/debateplural.net\/site\/wp-json\/wp\/v2\/types\/post"}],"author":[{"embeddable":true,"href":"https:\/\/debateplural.net\/site\/wp-json\/wp\/v2\/users\/1"}],"replies":[{"embeddable":true,"href":"https:\/\/debateplural.net\/site\/wp-json\/wp\/v2\/comments?post=22384"}],"version-history":[{"count":1,"href":"https:\/\/debateplural.net\/site\/wp-json\/wp\/v2\/posts\/22384\/revisions"}],"predecessor-version":[{"id":22386,"href":"https:\/\/debateplural.net\/site\/wp-json\/wp\/v2\/posts\/22384\/revisions\/22386"}],"wp:featuredmedia":[{"embeddable":true,"href":"https:\/\/debateplural.net\/site\/wp-json\/wp\/v2\/media\/22385"}],"wp:attachment":[{"href":"https:\/\/debateplural.net\/site\/wp-json\/wp\/v2\/media?parent=22384"}],"wp:term":[{"taxonomy":"category","embeddable":true,"href":"https:\/\/debateplural.net\/site\/wp-json\/wp\/v2\/categories?post=22384"},{"taxonomy":"post_tag","embeddable":true,"href":"https:\/\/debateplural.net\/site\/wp-json\/wp\/v2\/tags?post=22384"}],"curies":[{"name":"wp","href":"https:\/\/api.w.org\/{rel}","templated":true}]}}