{"id":22452,"date":"2018-02-02T15:32:02","date_gmt":"2018-02-02T19:32:02","guid":{"rendered":"http:\/\/debateplural.com\/?p=22452"},"modified":"2018-02-02T15:32:02","modified_gmt":"2018-02-02T19:32:02","slug":"ecuador-fabulas-traiciones-e-ilusiones","status":"publish","type":"post","link":"https:\/\/debateplural.net\/site\/2018\/02\/02\/ecuador-fabulas-traiciones-e-ilusiones\/","title":{"rendered":"Ecuador: f\u00e1bulas, traiciones e ilusiones"},"content":{"rendered":"<div class=\"topblogleft\">Atilio Bor\u00f3n (teleSur, 1-2-18)<\/div>\n<div><\/div>\n<div>\n<p>He le\u00eddo con atenci\u00f3n la respuesta que en nombre de una arrogada representaci\u00f3n de la izquierda ecuatoriana realiza el Presidente del Partido Socialista Ecuatoriano, Patricio Zambrano Restrepo, \u00a0a mi art\u00edculo sobre la coyuntura pol\u00edtica en Ecuador. Ciertamente no podr\u00eda decirse que se trata de un debate amigable porque mi cr\u00edtico parece estar sumamente enojado y recurre a una serie de descalificaciones personales que para nada ayudan a la comprensi\u00f3n de la deplorable situaci\u00f3n del Ecuador actual. Juzga mis (supuestas) intenciones en lugar de examinar mis argumentos; apela a caracterizaciones descalificatorias de mi persona (\u201cestalinista\u201d); me acusa de usar y abusar de un \u201cizquierd\u00f3metro\u201d; de convertir la ideolog\u00eda en religi\u00f3n; de ignorar los fundamentos de la pol\u00edtica comparada y, entre otros desatinos, de utilizar categor\u00edas morales para explicar una situaci\u00f3n pol\u00edtica. Obviamente que mi cr\u00edtico debe sentir alergia por ese tipo de categor\u00edas porque, me parece, su inserci\u00f3n en la pol\u00edtica se basa en un absoluto pragmatismo y por lo tanto cualquier consideraci\u00f3n de tipo \u00e9tica o moral no tiene lugar en su escala de valores ni en sus capacidades anal\u00edticas. Su discurso refleja el decadente saber convencional de la ciencia pol\u00edtica norteamericana en donde la pol\u00edtica se concibe como un saber y una actividad meramente t\u00e9cnicas y las categor\u00edas morales del bien y del mal, de la honestidad y de la traici\u00f3n, no ocupan lugar alguno. Pero las grandes cabezas de la ciencia pol\u00edtica jam\u00e1s incurrir\u00edan en semejante barbarie. Y como lo aseguran los grandes estudiosos del pensamiento de Nicol\u00e1s Maquiavelo, mal aludido por mi cr\u00edtico, \u00e9ste jam\u00e1s dijo que lo malo era bueno y lo bueno malo. Quienes as\u00ed piensan son tributarios de la codificaci\u00f3n conservadora, en clave tecnocr\u00e1tica, del pensador florentino. Creo que mi cr\u00edtico se mueve en ese cenagoso pantano, de ah\u00ed el tono y el confuso contenido de su respuesta.<\/p>\n<div class=\"qnewworld\"><\/div>\n<p>Yendo al fondo de la cuesti\u00f3n quiero decir, en relaci\u00f3n a las tres tesis centrales de mi art\u00edculo que, en primer lugar, la preocupante situaci\u00f3n del Ecuador actual (avasallamiento del Estado de Derecho, incumplimiento del debido proceso apelando, como en la Argentina de Macri, a la \u201cprisi\u00f3n preventiva\u201d sin existencia de condena, exclusi\u00f3n de toda opini\u00f3n divergente de los medios de comunicaci\u00f3n p\u00fablicos tanto como de los privados, agresi\u00f3n consentida por parte de las autoridades al ex presidente Correa a la salida de una radio provincial, sospechoso atentado contra un puesto policial, fundadas conjeturas acerca de una firma de un TLC con Estados Unidos, cesi\u00f3n a la banca privada del control de la moneda virtual y muchos etc\u00e9teras) no puede ser s\u00f3lo explicada por la traici\u00f3n de Len\u00edn Moreno. Afirmar tal cosa no s\u00f3lo es un insulto a mi m\u00f3dica inteligencia sino tambi\u00e9n a la de los lectores. Pero el hecho que la traici\u00f3n no explique todo no significa que aquella no se haya consumado o, como dice en su art\u00edculo, sea un \u201cdelirio\u201d que ha enturbiado mis sentidos y me hace ver lo que no existe. Ecuador marchaba por un rumbo y ahora claramente se encamina en direcci\u00f3n contraria, si bien esto \u2013por ahora- no se ha manifestado en plenitud. Pero las se\u00f1ales son claras: el acercamiento con Washington se hace evidente en la invitaci\u00f3n al FBI a colaborar en la investigaci\u00f3n sobre el atentado en San Lorenzo, en las declaraciones del Ministro Campana sobre la b\u00fasqueda de un TLC con Estados Unidos, en la presencia del Embajador de ese pa\u00eds en los medios p\u00fablicos y en la retirada del Ecuador del espacio progresista latinoamericano. La agenda de la derecha ha sido, paulatinamente, asumida por el gobierno de Moreno. Sus medios no dejan de apoyarlo, al rev\u00e9s de lo que hac\u00edan con su predecesor, y la complacencia de la Casa Blanca con el nuevo gobernante es ostensible. En poco tiempo m\u00e1s este cambio de rumbo que hoy se insin\u00faa con claridad se ver\u00e1 rotundamente confirmado por los hechos. La capitulaci\u00f3n es indiscutible. \u00bfQue era indispensable una autocr\u00edtica? Seguro, ning\u00fan gobierno es perfecto y todos deber\u00edan cultivar el arte de la autocr\u00edtica. Pero eso es una cosa y otra muy distinta desatar una persecuci\u00f3n despiadada a todo lo que huela a corre\u00edsmo. Una cosa es que al ex presidente no se lo entreviste ni se le permita escribir en El Tel\u00e9grafo, el peri\u00f3dico oficial del gobierno ecuatoriano, y otra que qui\u00e9n s\u00ed lo haga sea el ultracorrupto usurpador de la presidencia del Brasil, Michel Temer. Adem\u00e1s, basta seguir los discursos de Moreno para ver que palabras como imperialismo, dependencia, emancipaci\u00f3n, autodeterminaci\u00f3n, Patria Grande, Nuestra Am\u00e9rica y socialismo ni por asomo afloran en sus labios. Ergo, estamos en presencia de otro discurso, otra pol\u00edtica y otra direcci\u00f3n hist\u00f3rica. Y todo esto es traici\u00f3n, \u00bfest\u00e1 claro se\u00f1or Ministro?<\/p>\n<p>En su nota fustiga lo que ser\u00eda una segunda tesis de mi art\u00edculo: que el Presidente Moreno ha venido adoptando la agenda de la restauraci\u00f3n conservadora. Mi ben\u00e9volo cr\u00edtico dice que esta tesis est\u00e1 \u201cllena de imprecisiones y algunas falsedades.\u201d Es una pena que no se hubiera esforzado m\u00e1s para aclarar unas y otras, o que no se hubiera puesto a pensar que lo que califica como mis \u201cespeculaciones\u201d son datos duros que lo condenan tener que recurrir a descalificaciones personales. Lo \u00fanico que dice es que la derecha \u201cha sido espectadora m\u00e1s que protagonista.\u201d Y muy probablemente tenga raz\u00f3n porque cuando el gobierno le entrega el control del sistema bancario, la totalidad de los medios de comunicaci\u00f3n, encarcela a uno de los abanderados del gobierno anterior, ordena al Fiscal que cite a declaraci\u00f3n indagatoria sobre el caso Petrochina a Rafael Correa para el d\u00eda lunes 5 de febrero, despu\u00e9s de la elecci\u00f3n, a las 9:30 de la ma\u00f1ana, lo cual puede terminar en otra prisi\u00f3n preventiva (y podr\u00edamos seguir con ejemplos similares) es indudable que la derecha es ya, si bien tras bambalinas, una protagonista principal en el ejercicio del gobierno. Si algo caracteriza a la derecha en Am\u00e9rica Latina es no ser idiota, y si un gobierno hace todo lo que ella considera fundamental en este momento qu\u00e9 sentido tiene aspirar a un protagonismo que pudiera suscitarle el temido\u00a0<i>odium plebis<\/i>. Mejor que quien se incinere pol\u00edticamente sea el gobierno de Alianza Pa\u00eds y ya vendr\u00e1n luego ellos a culminar la tarea iniciada por el desleal sucesor de Correa.<\/p>\n<p>La tercera tesis, rechazada por mi contendor, es la que sostiene la ilegalidad e inconstitucionalidad del referendo y la consulta. Ha sido tan abrumador y coincidente el diagn\u00f3stico de los expertos en la materia que no creo necesario perder tiempo en ratificar lo evidente. Una consulta ma\u00f1osa, que junta temas dispersos y sin mayor conexi\u00f3n entre s\u00ed, con preguntas que insultan a la ciudadan\u00eda ecuatoriana al solicitarle que se expida si hay que proteger a la ni\u00f1ez o castigar a los corruptos con la inhabilitaci\u00f3n para desempe\u00f1arse en la vida pol\u00edtica del pa\u00eds; preguntas, en suma, tendenciosamente orientadas a que la gente diga que s\u00ed y que en el f\u00e1rrago no discrimine ni act\u00fae a conciencia en las preguntas cruciales del referendo, sobre todo la que tiene por objetivo sentenciar a Correa al ostracismo. Pero adem\u00e1s, \u00bfpor qu\u00e9 no se sigui\u00f3 el precepto constitucional y se esper\u00f3 a que\u00a0 la Corte Constitucional aprobara el referendo y sus contenidos? Eso se llama decisionismo exacerbado o, en lenguaje m\u00e1s llano, despotismo presidencial, otra mancha m\u00e1s en la averiada calidad institucional del nuevo gobierno.<\/p>\n<p>Zambrano Restrepo termina su feble apolog\u00eda del gobierno de Moreno exaltando las virtudes de la unidad. Suena incre\u00edble que a estas alturas de la historia un pol\u00edtico que es nada menos que presidente de un Partido Socialista crea en esas f\u00e1bulas. \u00bfUnidad entre los banqueros que saquearon al pa\u00eds y lo dejaron sin moneda propia y quienes pugnan por una rep\u00fablica democr\u00e1tica, justa \u00a0y soberana? \u00bfUnidad con los medios de comunicaci\u00f3n que durante diez a\u00f1os no dejaron de mentir, difamar, agredir al gobierno de Correa y a las fuerzas populares y que ahora muestran su complacencia con el de Len\u00edn Moreno? \u00bfUnidad con el imperialismo que ha sido mentor y baluarte del accionar de la derecha ecuatoriana y sus planes destituyentes y desestabilizadores? Jam\u00e1s hab\u00eda yo pensado que un dirigente de un partido socialista podr\u00eda haberse olvidado de cosas tan elementales como \u00e9stas: que la lucha de clases existe, que el imperialismo es un protagonista de primer orden en toda Nuestra Am\u00e9rica y que el Ecuador no es una excepci\u00f3n, que no existe democracia posible cuando los medios de comunicaci\u00f3n est\u00e1n controlados por un oligopolio sin fisuras en donde es imposible filtrar una voz disidente y que si Rafael Correa fue combatido sin piedad por la derecha vern\u00e1cula y el imperialismo fue porque algo serio estaba haciendo para poner fin a una larga historia de injusticia, despotismo y exclusi\u00f3n social en el Ecuador. Y que si desde Washington ahora llegan sonrisas y palmaditas en la espalda esto es se\u00f1al inequ\u00edvoca de que se ha extraviado el camino y que se est\u00e1 poniendo en marcha una dolorosa contrarreforma que el pueblo ecuatoriano sufrir\u00e1 en carne propia. Como le ocurri\u00f3 en el pasado, en los infaustos noventas.<\/p>\n<div><\/div>\n<\/div>\n","protected":false},"excerpt":{"rendered":"<p>Atilio Bor\u00f3n (teleSur, 1-2-18) He le\u00eddo con atenci\u00f3n la respuesta que en nombre de una arrogada representaci\u00f3n de la izquierda ecuatoriana realiza el Presidente del Partido Socialista Ecuatoriano, Patricio Zambrano Restrepo, \u00a0a mi art\u00edculo sobre la coyuntura pol\u00edtica en Ecuador. Ciertamente no podr\u00eda decirse que se trata de un debate amigable porque mi cr\u00edtico parece [&hellip;]<\/p>\n","protected":false},"author":1,"featured_media":22453,"comment_status":"open","ping_status":"open","sticky":false,"template":"","format":"standard","meta":{"footnotes":""},"categories":[14,12],"tags":[],"class_list":["post-22452","post","type-post","status-publish","format-standard","has-post-thumbnail","hentry","category-internacionales","category-politica-3"],"_links":{"self":[{"href":"https:\/\/debateplural.net\/site\/wp-json\/wp\/v2\/posts\/22452"}],"collection":[{"href":"https:\/\/debateplural.net\/site\/wp-json\/wp\/v2\/posts"}],"about":[{"href":"https:\/\/debateplural.net\/site\/wp-json\/wp\/v2\/types\/post"}],"author":[{"embeddable":true,"href":"https:\/\/debateplural.net\/site\/wp-json\/wp\/v2\/users\/1"}],"replies":[{"embeddable":true,"href":"https:\/\/debateplural.net\/site\/wp-json\/wp\/v2\/comments?post=22452"}],"version-history":[{"count":1,"href":"https:\/\/debateplural.net\/site\/wp-json\/wp\/v2\/posts\/22452\/revisions"}],"predecessor-version":[{"id":22454,"href":"https:\/\/debateplural.net\/site\/wp-json\/wp\/v2\/posts\/22452\/revisions\/22454"}],"wp:featuredmedia":[{"embeddable":true,"href":"https:\/\/debateplural.net\/site\/wp-json\/wp\/v2\/media\/22453"}],"wp:attachment":[{"href":"https:\/\/debateplural.net\/site\/wp-json\/wp\/v2\/media?parent=22452"}],"wp:term":[{"taxonomy":"category","embeddable":true,"href":"https:\/\/debateplural.net\/site\/wp-json\/wp\/v2\/categories?post=22452"},{"taxonomy":"post_tag","embeddable":true,"href":"https:\/\/debateplural.net\/site\/wp-json\/wp\/v2\/tags?post=22452"}],"curies":[{"name":"wp","href":"https:\/\/api.w.org\/{rel}","templated":true}]}}