{"id":22604,"date":"2018-02-09T09:58:18","date_gmt":"2018-02-09T13:58:18","guid":{"rendered":"http:\/\/debateplural.com\/?p=22604"},"modified":"2018-02-09T09:58:18","modified_gmt":"2018-02-09T13:58:18","slug":"academia-de-ciencias-rechaza-proyecto-minero-en-san-juan","status":"publish","type":"post","link":"https:\/\/debateplural.net\/site\/2018\/02\/09\/academia-de-ciencias-rechaza-proyecto-minero-en-san-juan\/","title":{"rendered":"Academia de Ciencias rechaza proyecto minero en San Juan"},"content":{"rendered":"<p>Carlos Reyes (D. Libre, 6-2-18)<\/p>\n<p>La Academia de Ciencias consider\u00f3 nefasto para la seguridad y soberan\u00eda alimentaria del pa\u00eds el desarrollo de un proyecto de miner\u00eda met\u00e1lica en la provincia San Juan, por encontrarse por encima de los 800 metros sobre el nivel del mar pr\u00f3ximo al nacimiento de dos de los afluentes m\u00e1s importantes que alimentan el Yaque del Sur.<\/p>\n<p>La instituci\u00f3n estim\u00f3 \u201capresurada y contra producente\u201d la petici\u00f3n del Ministerio de Energ\u00eda y Minas (MEM) para que el Poder Ejecutivo autorice a la empresa suizo-canadiense Gold Quest la explotaci\u00f3n del yacimiento en plena Cordillera Central, que contendr\u00eda unas 840,000 onzas de oro adem\u00e1s de plata y cobre.<\/p>\n<p>\u201cLa mina de oro proyecto Romero est\u00e1 ubicada entre 900 y 1,000 metros de altitud por encima de la confluencia de los r\u00edos San Juan y La Guam\u00e1, cuyas aguas son almacenadas en la presa de Sabaneta, la mayor y \u00fanica reserva de agua de importancia que sustenta el desarrollo agr\u00edcola y pecuario del Valle de San Juan\u201d, especific\u00f3 la Academia de Ciencias en un documento divulgado hoy en la sede de la instituci\u00f3n, ubicada en la Zona Colonial.<\/p>\n<p>Durante la rueda de prensa, en la que estuvieron presentes el presidente de la Academia de Ciencias, Luis Sheker, y el ingeniero forestal Eleuterio Mart\u00ednez, el bi\u00f3logo Luis Carvajal y F\u00e9lix Mateo. la Academia de Ciencias expuso que apuesta por un modelo productivo para la existencia de todo el Valle de San Juan.<\/p>\n<p>Adem\u00e1s record\u00f3 que la conservaci\u00f3n del agua est\u00e1 por encima de los 224 millones de d\u00f3lares que dejar\u00eda el proyecto Romero al Estado dominicano.<\/p>\n","protected":false},"excerpt":{"rendered":"<p>Carlos Reyes (D. Libre, 6-2-18) La Academia de Ciencias consider\u00f3 nefasto para la seguridad y soberan\u00eda alimentaria del pa\u00eds el desarrollo de un proyecto de miner\u00eda met\u00e1lica en la provincia San Juan, por encontrarse por encima de los 800 metros sobre el nivel del mar pr\u00f3ximo al nacimiento de dos de los afluentes m\u00e1s importantes [&hellip;]<\/p>\n","protected":false},"author":1,"featured_media":22605,"comment_status":"open","ping_status":"open","sticky":false,"template":"","format":"standard","meta":{"footnotes":""},"categories":[13,5],"tags":[],"class_list":["post-22604","post","type-post","status-publish","format-standard","has-post-thumbnail","hentry","category-medio-ambiente","category-nacionales"],"_links":{"self":[{"href":"https:\/\/debateplural.net\/site\/wp-json\/wp\/v2\/posts\/22604"}],"collection":[{"href":"https:\/\/debateplural.net\/site\/wp-json\/wp\/v2\/posts"}],"about":[{"href":"https:\/\/debateplural.net\/site\/wp-json\/wp\/v2\/types\/post"}],"author":[{"embeddable":true,"href":"https:\/\/debateplural.net\/site\/wp-json\/wp\/v2\/users\/1"}],"replies":[{"embeddable":true,"href":"https:\/\/debateplural.net\/site\/wp-json\/wp\/v2\/comments?post=22604"}],"version-history":[{"count":1,"href":"https:\/\/debateplural.net\/site\/wp-json\/wp\/v2\/posts\/22604\/revisions"}],"predecessor-version":[{"id":22606,"href":"https:\/\/debateplural.net\/site\/wp-json\/wp\/v2\/posts\/22604\/revisions\/22606"}],"wp:featuredmedia":[{"embeddable":true,"href":"https:\/\/debateplural.net\/site\/wp-json\/wp\/v2\/media\/22605"}],"wp:attachment":[{"href":"https:\/\/debateplural.net\/site\/wp-json\/wp\/v2\/media?parent=22604"}],"wp:term":[{"taxonomy":"category","embeddable":true,"href":"https:\/\/debateplural.net\/site\/wp-json\/wp\/v2\/categories?post=22604"},{"taxonomy":"post_tag","embeddable":true,"href":"https:\/\/debateplural.net\/site\/wp-json\/wp\/v2\/tags?post=22604"}],"curies":[{"name":"wp","href":"https:\/\/api.w.org\/{rel}","templated":true}]}}