{"id":22704,"date":"2018-02-13T14:58:52","date_gmt":"2018-02-13T18:58:52","guid":{"rendered":"http:\/\/debateplural.com\/?p=22704"},"modified":"2018-02-13T14:58:52","modified_gmt":"2018-02-13T18:58:52","slug":"un-cosmopolita-llamado-alejandro-angulo-guridi","status":"publish","type":"post","link":"https:\/\/debateplural.net\/site\/2018\/02\/13\/un-cosmopolita-llamado-alejandro-angulo-guridi\/","title":{"rendered":"Un cosmopolita llamado Alejandro Angulo Guridi"},"content":{"rendered":"<div id=\"ArticleAuthorDiv\" class=\"article-body-author\">Andr\u00e9s Blanco D\u00edaz (Listin, 3-2-18)<\/div>\n<div id=\"ArticleSourceDiv\" class=\"article-body-author\"><\/div>\n<div id=\"ArticleBody\">\n<p>El pasado 17 de enero del presente a\u00f1o se han cumplido 102 a\u00f1os del fallecimiento, en Masaya, Nicaragua, de Alejandro Angulo Guridi, uno de nuestros escritores y pensadores m\u00e1s representativos.<\/p>\n<p>El 16 de septiembre de 2017 fue publicado en la secci\u00f3n Ventana del LIST\u00cdN DIARIO el art\u00edculo \u201cTras los restos de un ilustre: Alejandro Angulo Guridi\u201d, firmado por H\u00e9ctor P\u00e9rez Tovar. En el mismo el autor refiere sus andanzas en Nicaragua en procura de encontrar la tumba donde reposan los restos de quien fuera un insigne dominicano que se pase\u00f3 por diferentes partes de Am\u00e9rica dejando su huella en cada lugar que pisaba.<\/p>\n<p>El articulista detalla los pormenores de sus pesquisas y de la infructuosidad de los resultados. El texto muestra la preocupaci\u00f3n por rescatar la memoria del autor de los dos tomos de Temas pol\u00edticos, obra que durante muchos a\u00f1os fue texto utilizado en centros de estudios y universidades de nuestro continente y consulta obligada en su g\u00e9nero. Dicha preocupaci\u00f3n es algo digno de ser reconocido en estos tiempos en que es importante ir tras las huellas de nuestros escritores destacados en el pa\u00eds y en el extranjero.<\/p>\n<p>Entrando en detalle con el art\u00edculo de P\u00e9rez Tovar, varias cosas voy a exponer aqu\u00ed, con la idea de aportar a la causa de no mantener vivo su legado y no permitir que se pierda la memoria de este dominicano ilustre.<\/p>\n<p>En 2006 prepar\u00e9 para el Archivo General de la Naci\u00f3n, bajo el t\u00edtulo com\u00fan de Obras escogidas, tres tomos en los cuales se recoge una gran parte de los escritos de Alejandro Angulo Guridi as\u00ed como un epistolario, dentro de un proyecto de investigaci\u00f3n que todav\u00eda no ha sido cerrado, raz\u00f3n por la cual he ido reuniendo nuevos materiales de prensa, folletos, correspondencias y libros que este public\u00f3 en diferentes partes de Am\u00e9rica donde le llev\u00f3 la vida. Y tambi\u00e9n han ido apareciendo nuevas informaciones que ampl\u00edan la cronolog\u00eda que prepar\u00e9 para aquella ocasi\u00f3n. Mis pesquisas incluyen datos de Colombia, Venezuela, Chile, Per\u00fa, Nicaragua, Costa Rica, Cuba y los Estados Unidos, entre otros pa\u00edses.<\/p>\n<p><strong>A modo de aclaraci\u00f3n<\/strong><br \/>\nEs preciso aclarar el error en que cae el art\u00edculo de P\u00e9rez Tovar con el nombre del ilustre dominicano, al decir: \u201cEl personaje motivo de esta cr\u00f3nica es el escritor, poeta, pedagogo y fil\u00f3logo, Alejandro Javier Angulo Guridi\u201d. Evidentemente, se trata de un error, pues el Javier es el segundo nombre de su hermano Francisco Javier, quien es autor de la novela La fantasma de Hig\u00fcey y de las obras de teatro desaparecidas Cacharros y manig\u00fceros y El conde de Leos.<\/p>\n<p>La afirmaci\u00f3n que se cita en el trabajo, hecha por Jorge Eduardo Arellano, de que Alejandro Angulo Guridi vivi\u00f3 m\u00e1s de veinte a\u00f1os en Nicaragua no es ni siquiera sustentable m\u00ednimamente. S\u00ed puede afirmarse que vivi\u00f3 m\u00e1s de dos d\u00e9cadas en el extranjero desde que abandono la Rep\u00fablica Dominicana y se embarcara hacia Nueva York en el vapor americano \u201cSanto Domingo\u201d. \u00c9l residi\u00f3 por primera vez en Managua en 1886, luego de estar en Costa Rica y El Salvador; public\u00f3 escritos en el peri\u00f3dico El Pa\u00eds y fue miembro del Partido Progresista, junto con Isidro Urtecho, Jos\u00e9 Pasos, Horacio Guzm\u00e1n, Pedro Gonz\u00e1lez y Jos\u00e9 Dolores Rodr\u00edguez, entre otros. Pero en 1890 estaba en Chile y en 1891 en Panam\u00e1, luego en Curazao, y termina viviendo en Santiago de Chile en 1892. El 31 de marzo de este \u00faltimo es nombrado rector del Liceo de Tacna y primer alcalde del Ayuntamiento local. All\u00ed colabora con los peri\u00f3dicos El T\u00e1cora y La Voz del Sur, adem\u00e1s de escribir para El Heraldo de Valpara\u00edso. En 1895 vuelve a vivir en la capital chilena, pero contin\u00faa viajando a Tacna para cumplir con su cargo, del cual fue destituido el 8 de enero de 1897.<\/p>\n<p>El 20 de septiembre de 1898 sustituye a El\u00edas Salazar en la direcci\u00f3n del Instituto de Alajuela, Costa Rica, cargo para el cual fue aprobado el nombramiento hecho por el Municipio de aquella ciudad, y que fue ratificado por la Secretar\u00eda de Instrucci\u00f3n P\u00fablica.<\/p>\n<p>Comienza entonces un peregrinar que lo llevar\u00eda por diferentes pueblos y lugares de Nicaragua (Masaya), Costa Rica, Honduras, Guatemala y M\u00e9xico, entre otros. En esta \u00faltima naci\u00f3n su estado de salud de agrav\u00f3 debido a fuertes catarros, escoriaciones en dos dedos de la mano izquierda y en cuatro de la derecha y dos de los pies; adem\u00e1s de erupci\u00f3n cut\u00e1nea.<\/p>\n<p>En 1902 public\u00f3 en Managua su libro Observaciones cr\u00edticas sobre un libro de Mr. D. I. Burton, en defensa del presidente Jos\u00e9 Santos Celaya.<\/p>\n<p>En 1903 estaba en Panam\u00e1 y escribe para La Estrella de Panam\u00e1. De all\u00ed pasa a Curazao desde donde llega a Santo Domingo el 21 de agosto, para luego salir definitivamente del pa\u00eds el 27 de octubre para La Habana. Luego regresa a Curazao y desde all\u00ed viaja a C\u00facuta (Colombia) en 1904. Desde C\u00facuta vuelve a Nicaragua, donde se desempe\u00f1\u00f3 como profesor y director del Liceo de Varones de Masaya, conocido tambi\u00e9n como Instituto Nacional de Masaya.<\/p>\n<p><strong>SU FALLECIMIENTO\u00a0<\/strong><br \/>\nAlejandro Angulo Guridi falleci\u00f3 en Masaya el 17 de enero de 1906. La noticia de su defunci\u00f3n la dio el corresponsal del Diario Latino de San Salvador y quien estaba en aquella poblaci\u00f3n entonces. Dicho corresponsal dice: \u201cA las cuatro de la ma\u00f1ana de hoy rindi\u00f3 su tributo a la madre tierra el doctor Alejandro Angulo Guridi, uno de los extranjeros m\u00e1s instruidos y talentosos que han visitado nuestro pa\u00eds\u201d.<\/p>\n<p><strong>OTROS ERRORES SOBRE EL AUTOR\u00a0<\/strong><br \/>\nTermino estas precisiones diciendo lo siguiente: El que se consignen datos errados sobre nuestro personaje no es de extra\u00f1ar, pues Margarita Silva H., en su ensayo \u201cSalvador Mendieta y la uni\u00f3n centroamericana\u201d, dice que muri\u00f3 en 1903. Otros afirman que ten\u00eda ascendencia chilena, mientras que P\u00edo Bola\u00f1os lo ubica en Puerto Rico y el Dr. Juli\u00e1n D. Guerrero y la profesora Lola Soriano de Guerrero dicen en su monograf\u00eda Masaya publicada en 1965: \u201cdon Alejandro Angulo Guridi, de nacionalidad cubana\u201d. Y algo semejante sucede con su fotograf\u00eda, pues en la p\u00e1gina del Internet de la Enciclopedia de Historia y Cultura del Caribe sus datos aparecen ilustrados con una foto del general Ces\u00e1reo Guillermo.<\/p>\n<\/div>\n","protected":false},"excerpt":{"rendered":"<p>Andr\u00e9s Blanco D\u00edaz (Listin, 3-2-18) El pasado 17 de enero del presente a\u00f1o se han cumplido 102 a\u00f1os del fallecimiento, en Masaya, Nicaragua, de Alejandro Angulo Guridi, uno de nuestros escritores y pensadores m\u00e1s representativos. El 16 de septiembre de 2017 fue publicado en la secci\u00f3n Ventana del LIST\u00cdN DIARIO el art\u00edculo \u201cTras los restos [&hellip;]<\/p>\n","protected":false},"author":1,"featured_media":22705,"comment_status":"open","ping_status":"open","sticky":false,"template":"","format":"standard","meta":{"footnotes":""},"categories":[18,5],"tags":[],"class_list":["post-22704","post","type-post","status-publish","format-standard","has-post-thumbnail","hentry","category-cultura","category-nacionales"],"_links":{"self":[{"href":"https:\/\/debateplural.net\/site\/wp-json\/wp\/v2\/posts\/22704"}],"collection":[{"href":"https:\/\/debateplural.net\/site\/wp-json\/wp\/v2\/posts"}],"about":[{"href":"https:\/\/debateplural.net\/site\/wp-json\/wp\/v2\/types\/post"}],"author":[{"embeddable":true,"href":"https:\/\/debateplural.net\/site\/wp-json\/wp\/v2\/users\/1"}],"replies":[{"embeddable":true,"href":"https:\/\/debateplural.net\/site\/wp-json\/wp\/v2\/comments?post=22704"}],"version-history":[{"count":1,"href":"https:\/\/debateplural.net\/site\/wp-json\/wp\/v2\/posts\/22704\/revisions"}],"predecessor-version":[{"id":22706,"href":"https:\/\/debateplural.net\/site\/wp-json\/wp\/v2\/posts\/22704\/revisions\/22706"}],"wp:featuredmedia":[{"embeddable":true,"href":"https:\/\/debateplural.net\/site\/wp-json\/wp\/v2\/media\/22705"}],"wp:attachment":[{"href":"https:\/\/debateplural.net\/site\/wp-json\/wp\/v2\/media?parent=22704"}],"wp:term":[{"taxonomy":"category","embeddable":true,"href":"https:\/\/debateplural.net\/site\/wp-json\/wp\/v2\/categories?post=22704"},{"taxonomy":"post_tag","embeddable":true,"href":"https:\/\/debateplural.net\/site\/wp-json\/wp\/v2\/tags?post=22704"}],"curies":[{"name":"wp","href":"https:\/\/api.w.org\/{rel}","templated":true}]}}