{"id":22861,"date":"2018-02-19T13:58:48","date_gmt":"2018-02-19T17:58:48","guid":{"rendered":"http:\/\/debateplural.com\/?p=22861"},"modified":"2018-02-19T13:58:48","modified_gmt":"2018-02-19T17:58:48","slug":"la-inexistencia-de-una-izquierda-socialista-en-rd","status":"publish","type":"post","link":"https:\/\/debateplural.net\/site\/2018\/02\/19\/la-inexistencia-de-una-izquierda-socialista-en-rd\/","title":{"rendered":"La inexistencia de una izquierda socialista en RD"},"content":{"rendered":"<p>Fidelio Despradel (Hoy, 5-2-12)<\/p>\n<p>El pa\u00eds ha pagado con l\u00e1grimas de sangre la debilidad o inexistencia de una izquierda socialista fuerte. Ahora hay una oportunidad de enmendar, en parte los errores (exclusivamente nuestros), que han conducido a esta lamentable situaci\u00f3n. Tenemos que participar en este proceso electoral. Quedarnos al margen y sustituir este vac\u00edo con un supuesto impulso del movimiento de masas, que en estos cuatro meses no es posible, es una ilusi\u00f3n y enga\u00f1arnos nosotros mismos.<\/p>\n<p>Hay que darle vida y tratar de articular una tendencia de izquierda en medio de estas elecciones; hacer lo imposible para que todo el movimiento social progresista, las organizaciones pol\u00edticas y los intelectuales de izquierda participen; definir ejes program\u00e1ticos que distingan esa tendencia de izquierda (perspectiva socialista, anti-imperialista, anti neoliberal, aliada a las tendencias\u00a0 que hoy se desarrollan en Am\u00e9rica Latina). Tenemos que relativizar el concepto de partidos alternativos, donde hasta Luis El Gallo estuvo en una de las reuniones. Participar activamente en la campa\u00f1a electoral, con posiciones propias. Dejar que cada sector dentro de esa tendencia de izquierda se decida a votar o abstenerse (ese punto no debe dividirnos), y que los y las que se decidan por votar lo hagan por el candidato alternativo (si se logra una candidatura \u00fanica), o por uno de los dos posibles, y a los y las que opten por abstenerse lo hagan libremente.<\/p>\n<p>Lo central es articular una tendencia de izquierda y que esos puntos no nos dividan entre los que participan y los que no; o entre los que apoyan a tal o cual candidato. Y entonces, prepararnos para contribuir a que ya en mayo exista de verdad una tendencia de izquierda, que se fortalezca en el proceso electoral; tendencia que pueda contribuir a la conformaci\u00f3n de una amplia y activa oposici\u00f3n pol\u00edtica, para que las luchas sociales y la rabia contenida por la mayor\u00eda de la poblaci\u00f3n pueda generar acumulaci\u00f3n pol\u00edtica y una gran convergencia social y pol\u00edtica en el pa\u00eds.<\/p>\n<p>Defiendo la idea de que la candidatura es una cuesti\u00f3n fundamental y que Guillermo Moreno es un candidato que tiene una trayectoria probada en batallas y momentos importantes y una larga militancia social y pol\u00edtica. Con vehemencia he trabajado en esa direcci\u00f3n en este recodo de mi vida. Pero insisto en que la cuesti\u00f3n de la candidatura no puede ser la excusa para que la izquierda social y pol\u00edtica se quede al margen de la acci\u00f3n pol\u00edtica y electoral en estos meses cruciales y mucho menos que divida a los partidarios del socialismo entre los que apoyamos una u otra candidatura y los que optan por la abstenci\u00f3n.<\/p>\n","protected":false},"excerpt":{"rendered":"<p>Fidelio Despradel (Hoy, 5-2-12) El pa\u00eds ha pagado con l\u00e1grimas de sangre la debilidad o inexistencia de una izquierda socialista fuerte. Ahora hay una oportunidad de enmendar, en parte los errores (exclusivamente nuestros), que han conducido a esta lamentable situaci\u00f3n. Tenemos que participar en este proceso electoral. Quedarnos al margen y sustituir este vac\u00edo con [&hellip;]<\/p>\n","protected":false},"author":1,"featured_media":7832,"comment_status":"open","ping_status":"open","sticky":false,"template":"","format":"standard","meta":{"footnotes":""},"categories":[5,12],"tags":[],"class_list":["post-22861","post","type-post","status-publish","format-standard","has-post-thumbnail","hentry","category-nacionales","category-politica-3"],"_links":{"self":[{"href":"https:\/\/debateplural.net\/site\/wp-json\/wp\/v2\/posts\/22861"}],"collection":[{"href":"https:\/\/debateplural.net\/site\/wp-json\/wp\/v2\/posts"}],"about":[{"href":"https:\/\/debateplural.net\/site\/wp-json\/wp\/v2\/types\/post"}],"author":[{"embeddable":true,"href":"https:\/\/debateplural.net\/site\/wp-json\/wp\/v2\/users\/1"}],"replies":[{"embeddable":true,"href":"https:\/\/debateplural.net\/site\/wp-json\/wp\/v2\/comments?post=22861"}],"version-history":[{"count":1,"href":"https:\/\/debateplural.net\/site\/wp-json\/wp\/v2\/posts\/22861\/revisions"}],"predecessor-version":[{"id":22862,"href":"https:\/\/debateplural.net\/site\/wp-json\/wp\/v2\/posts\/22861\/revisions\/22862"}],"wp:featuredmedia":[{"embeddable":true,"href":"https:\/\/debateplural.net\/site\/wp-json\/wp\/v2\/media\/7832"}],"wp:attachment":[{"href":"https:\/\/debateplural.net\/site\/wp-json\/wp\/v2\/media?parent=22861"}],"wp:term":[{"taxonomy":"category","embeddable":true,"href":"https:\/\/debateplural.net\/site\/wp-json\/wp\/v2\/categories?post=22861"},{"taxonomy":"post_tag","embeddable":true,"href":"https:\/\/debateplural.net\/site\/wp-json\/wp\/v2\/tags?post=22861"}],"curies":[{"name":"wp","href":"https:\/\/api.w.org\/{rel}","templated":true}]}}