{"id":22865,"date":"2018-02-19T15:09:40","date_gmt":"2018-02-19T19:09:40","guid":{"rendered":"http:\/\/debateplural.com\/?p=22865"},"modified":"2018-02-19T15:09:40","modified_gmt":"2018-02-19T19:09:40","slug":"turquia-no-tiene-confirmacion-de-que-las-fuerzas-sirias-entraran-en-afrin","status":"publish","type":"post","link":"https:\/\/debateplural.net\/site\/2018\/02\/19\/turquia-no-tiene-confirmacion-de-que-las-fuerzas-sirias-entraran-en-afrin\/","title":{"rendered":"Turqu\u00eda no tiene confirmaci\u00f3n de que las fuerzas sirias entrar\u00e1n en Afr\u00edn"},"content":{"rendered":"<div class=\"b-article__lead\">\n<p>La entrada de las fuerzas gubernamentales sirias a Afr\u00edn provocar\u00e1 una cat\u00e1strofe, advirti\u00f3 el vice primer ministro turco Bekir Bozdag.<\/p>\n<\/div>\n<div class=\"b-article__text\">\n<p class=\"marker-quote1\">\"Si el r\u00e9gimen sirio entra all\u00ed para apoyar a las Unidades de Protecci\u00f3n Popular (YPG), esto abrir\u00e1 paso a una cat\u00e1strofe\", dijo a la prensa.<\/p>\n<p>Bozdag precis\u00f3 que Turqu\u00eda de momento carece de confirmaci\u00f3n sobre los planes de las fuerzas sirias de entrar en Afr\u00edn.<\/p>\n<p class=\"marker-quote1\">\"Por los canales oficiales esta informaci\u00f3n no fue confirmada; seg\u00fan nuestros datos, por ahora no se trata de que las fuerzas del r\u00e9gimen sirio se enviar\u00e1n all\u00ed\", dijo.<\/p>\n<p>El 18 de febrero, varios medios informaron que el Ej\u00e9rcito sirio y las fuerzas kurdas de autodefensa acordaron que durante los pr\u00f3ximos dos d\u00edas las tropas gubernamentales ocupen posiciones en la frontera con Turqu\u00eda y en la ciudad de Afr\u00edn.<\/p>\n<p>Este 19 de febrero la agencia siria SANA\u00a0comunic\u00f3\u00a0que las fuerzas sirias populares se desplazar\u00e1n a Afr\u00edn en cuesti\u00f3n de horas para hacer frente a las tropas turcas y apoyar a los kurdos.<\/p>\n<p>El pasado 20 de enero, Turqu\u00eda y sus aliados del opositor Ej\u00e9rcito Libre Sirio\u00a0lanzaron\u00a0la Operaci\u00f3n Rama de Olivo dirigida contra grupos yihadistas y las milicias kurdas que controlan la zona de Afr\u00edn.<\/p>\n<p>El Partido kurdo de la Uni\u00f3n Democr\u00e1tica (PYD) y su brazo armado, las Unidades de Protecci\u00f3n Popular (YPG), son para Turqu\u00eda organizaciones terroristas afines al Partido de los Trabajadores del Kurdist\u00e1n (PKK) y reciben el mismo trato que los militantes del autodenominado Estado Isl\u00e1mico o Daesh, la red designada terrorista por el Consejo de Seguridad de la ONU y prohibida en numerosos pa\u00edses, entre ellos Rusia.<\/p>\n<p>Damasco conden\u00f3 la intervenci\u00f3n turca subrayando que es parte inalienable del territorio sirio.<\/p>\n<p>Rusia, cogarante del proceso de paz en Siria junto con Turqu\u00eda e Ir\u00e1n, llama a la moderaci\u00f3n y el respeto a la integridad territorial de Siria.<\/p>\n<\/div>\n","protected":false},"excerpt":{"rendered":"<p>La entrada de las fuerzas gubernamentales sirias a Afr\u00edn provocar\u00e1 una cat\u00e1strofe, advirti\u00f3 el vice primer ministro turco Bekir Bozdag. \"Si el r\u00e9gimen sirio entra all\u00ed para apoyar a las Unidades de Protecci\u00f3n Popular (YPG), esto abrir\u00e1 paso a una cat\u00e1strofe\", dijo a la prensa. Bozdag precis\u00f3 que Turqu\u00eda de momento carece de confirmaci\u00f3n sobre [&hellip;]<\/p>\n","protected":false},"author":1,"featured_media":22866,"comment_status":"open","ping_status":"open","sticky":false,"template":"","format":"standard","meta":{"footnotes":""},"categories":[14,12],"tags":[],"class_list":["post-22865","post","type-post","status-publish","format-standard","has-post-thumbnail","hentry","category-internacionales","category-politica-3"],"_links":{"self":[{"href":"https:\/\/debateplural.net\/site\/wp-json\/wp\/v2\/posts\/22865"}],"collection":[{"href":"https:\/\/debateplural.net\/site\/wp-json\/wp\/v2\/posts"}],"about":[{"href":"https:\/\/debateplural.net\/site\/wp-json\/wp\/v2\/types\/post"}],"author":[{"embeddable":true,"href":"https:\/\/debateplural.net\/site\/wp-json\/wp\/v2\/users\/1"}],"replies":[{"embeddable":true,"href":"https:\/\/debateplural.net\/site\/wp-json\/wp\/v2\/comments?post=22865"}],"version-history":[{"count":1,"href":"https:\/\/debateplural.net\/site\/wp-json\/wp\/v2\/posts\/22865\/revisions"}],"predecessor-version":[{"id":22867,"href":"https:\/\/debateplural.net\/site\/wp-json\/wp\/v2\/posts\/22865\/revisions\/22867"}],"wp:featuredmedia":[{"embeddable":true,"href":"https:\/\/debateplural.net\/site\/wp-json\/wp\/v2\/media\/22866"}],"wp:attachment":[{"href":"https:\/\/debateplural.net\/site\/wp-json\/wp\/v2\/media?parent=22865"}],"wp:term":[{"taxonomy":"category","embeddable":true,"href":"https:\/\/debateplural.net\/site\/wp-json\/wp\/v2\/categories?post=22865"},{"taxonomy":"post_tag","embeddable":true,"href":"https:\/\/debateplural.net\/site\/wp-json\/wp\/v2\/tags?post=22865"}],"curies":[{"name":"wp","href":"https:\/\/api.w.org\/{rel}","templated":true}]}}