{"id":23087,"date":"2018-03-01T06:04:04","date_gmt":"2018-03-01T10:04:04","guid":{"rendered":"http:\/\/debateplural.com\/?p=23087"},"modified":"2018-02-28T13:09:19","modified_gmt":"2018-02-28T17:09:19","slug":"informe-de-ai-destaca-la-apatridia-haitiana-en-rd","status":"publish","type":"post","link":"https:\/\/debateplural.net\/site\/2018\/03\/01\/informe-de-ai-destaca-la-apatridia-haitiana-en-rd\/","title":{"rendered":"Informe de AI destaca la apatridia haitiana en RD"},"content":{"rendered":"<p>Amnist\u00eda Internacional (AI) denunci\u00f3 ayer mi\u00e9rcoles \u201clos escasos avances en la resoluci\u00f3n de la crisis de apatridia\u201d que afecta a decenas de miles de personas de origen haitiano nacidas en Rep\u00fablica Dominicana.<\/p>\n<p>En su informe de 2017 sobre la situaci\u00f3n de los derechos humanos en el mundo, AI se\u00f1ala que este pa\u00eds continu\u00f3 \u201cincumpliendo sus obligaciones internacionales en materia de derechos humanos\u201d respecto de un gran numero de personas ap\u00e1tridas nacidas en el pa\u00eds a las que se priv\u00f3 \u201cde manera arbitraria y retroactiva de la nacionalidad dominicana en septiembre de 2013\u201d.<\/p>\n<p>Seg\u00fan AI, la ley 169-14, la norma de naturalizaci\u00f3n con la que se trat\u00f3 de ofrecer una soluci\u00f3n a las personas de origen haitiano, se sigui\u00f3 \u201caplicando de manera deficiente\u201d.<\/p>\n<p>AI recoge que, seg\u00fan estad\u00edsticas oficiales, s\u00f3lo 13,500 personas pertenecientes al denominado \u201cGrupo A\u201d (de 61,000 personas), creado por la Ley 169-14, pudieron acceder a alg\u00fan tipo de documento de identidad que demostrara que eran de nacionalidad dominicana.<\/p>\n<p>En cuanto a las personas del \u201cGrupo B\u201d (aquellas cuyo nacimiento no se hab\u00eda inscrito en el Registro Civil dominicano), de las 8,755 personas que pudieron inscribirse (el 16% de las 53,000 personas estimadas, seg\u00fan el Gobierno), tan solo 6,545 hab\u00edan recibido la aprobaci\u00f3n de sus expedientes por parte de las autoridades.<\/p>\n<p>Al finalizar el a\u00f1o \u201cno se sab\u00eda de nadie que hubiera sido naturalizado en virtud del nuevo plan\u201d, seg\u00fan el informe.<\/p>\n<p>Asimismo, AI indica que las autoridades no elaboraron ni implementaron nuevas soluciones para garantizar el derecho a la nacionalidad a las decenas de miles de personas nacidas en la Rep\u00fablica Dominicana que no pod\u00edan beneficiarse de la Ley 169-14, en particular el 84% restante de las personas pertenecientes al \u201cGrupo B\u201d, y todas aquellas a las que no cubr\u00eda la legislaci\u00f3n de 2014.<\/p>\n<p>Tambi\u00e9n destaca que las autoridades fueron incapaces de tramitar la mayor\u00eda de los casos de personas migrantes en situaci\u00f3n irregular recibidos durante el Plan Nacional de Regularizaci\u00f3n de Extranjeros en situaci\u00f3n irregular, que se aplic\u00f3 entre 2014 y 2015.<\/p>\n<p>Por otro lado, AI se\u00f1ala que la polic\u00eda hizo un uso excesivo de la fuerza y que, seg\u00fan cifras de la Procuradur\u00eda General de la Rep\u00fablica, hubo 110 homicidios cometidos por las fuerzas de seguridad entre enero y octubre, mientras que la tasa de homicidios es elevada, de casi 16 por cada 100,000 habitantes durante la primera mitad del a\u00f1o.<\/p>\n<p><strong>VIOLACIONES EN LATINOAM\u00c9RICA<\/strong><br \/>\nLa crisis venezolana, el aumento de las restricciones en Cuba, el retroceso en la pol\u00edtica migratoria en EE.UU. y la violencia contra la mujer y las minor\u00edas, demuestran que en Am\u00e9rica a\u00fan falta mucho por hacer en materia de derechos humanos, seg\u00fan el informe presentado ayer.<\/p>\n<p>En su an\u00e1lisis sobre cada pa\u00eds, AI dedica un lugar especial a Venezuela, donde se afronta \u201cuna de las peores crisis de derechos humanos de su historia reciente, alimentada por una escalada de violencia promovida por el Gobierno\u201d. La organizaci\u00f3n denuncia que \u201ccientos de personas fueron detenidas arbitrariamente y muchas m\u00e1s sufrieron las consecuencias del uso excesivo e indebido de la fuerza por los cuerpos de seguridad.<\/p>\n","protected":false},"excerpt":{"rendered":"<p>Amnist\u00eda Internacional (AI) denunci\u00f3 ayer mi\u00e9rcoles \u201clos escasos avances en la resoluci\u00f3n de la crisis de apatridia\u201d que afecta a decenas de miles de personas de origen haitiano nacidas en Rep\u00fablica Dominicana. En su informe de 2017 sobre la situaci\u00f3n de los derechos humanos en el mundo, AI se\u00f1ala que este pa\u00eds continu\u00f3 \u201cincumpliendo sus [&hellip;]<\/p>\n","protected":false},"author":1,"featured_media":23088,"comment_status":"open","ping_status":"open","sticky":false,"template":"","format":"standard","meta":{"footnotes":""},"categories":[5,12],"tags":[],"class_list":["post-23087","post","type-post","status-publish","format-standard","has-post-thumbnail","hentry","category-nacionales","category-politica-3"],"_links":{"self":[{"href":"https:\/\/debateplural.net\/site\/wp-json\/wp\/v2\/posts\/23087"}],"collection":[{"href":"https:\/\/debateplural.net\/site\/wp-json\/wp\/v2\/posts"}],"about":[{"href":"https:\/\/debateplural.net\/site\/wp-json\/wp\/v2\/types\/post"}],"author":[{"embeddable":true,"href":"https:\/\/debateplural.net\/site\/wp-json\/wp\/v2\/users\/1"}],"replies":[{"embeddable":true,"href":"https:\/\/debateplural.net\/site\/wp-json\/wp\/v2\/comments?post=23087"}],"version-history":[{"count":1,"href":"https:\/\/debateplural.net\/site\/wp-json\/wp\/v2\/posts\/23087\/revisions"}],"predecessor-version":[{"id":23089,"href":"https:\/\/debateplural.net\/site\/wp-json\/wp\/v2\/posts\/23087\/revisions\/23089"}],"wp:featuredmedia":[{"embeddable":true,"href":"https:\/\/debateplural.net\/site\/wp-json\/wp\/v2\/media\/23088"}],"wp:attachment":[{"href":"https:\/\/debateplural.net\/site\/wp-json\/wp\/v2\/media?parent=23087"}],"wp:term":[{"taxonomy":"category","embeddable":true,"href":"https:\/\/debateplural.net\/site\/wp-json\/wp\/v2\/categories?post=23087"},{"taxonomy":"post_tag","embeddable":true,"href":"https:\/\/debateplural.net\/site\/wp-json\/wp\/v2\/tags?post=23087"}],"curies":[{"name":"wp","href":"https:\/\/api.w.org\/{rel}","templated":true}]}}