{"id":2318,"date":"2015-12-02T15:28:37","date_gmt":"2015-12-02T15:28:37","guid":{"rendered":"http:\/\/debateplural.com\/?p=2318"},"modified":"2016-06-23T14:19:47","modified_gmt":"2016-06-23T14:19:47","slug":"rusia-tendra-que-responder-la-otan-invita-a-montenegro-a-engrosar-sus-filas","status":"publish","type":"post","link":"https:\/\/debateplural.net\/site\/2015\/12\/02\/rusia-tendra-que-responder-la-otan-invita-a-montenegro-a-engrosar-sus-filas\/","title":{"rendered":"\"Rusia tendr\u00e1 que responder\": La OTAN invita a Montenegro a engrosar sus filas"},"content":{"rendered":"<div class=\"arcticle-summary\">\n<div id=\"attachment_627\" style=\"width: 511px\" class=\"wp-caption aligncenter\"><img loading=\"lazy\" decoding=\"async\" aria-describedby=\"caption-attachment-627\" class=\" wp-image-627\" src=\"http:\/\/tripletecnologia.com\/website\/debateplural\/wp-content\/uploads\/2015\/12\/otan-1.jpg\" alt=\"Otan\" width=\"501\" height=\"394\" \/><p id=\"caption-attachment-627\" class=\"wp-caption-text\">Otan<\/p><\/div>\n<p style=\"text-align:justify;\">La<a href=\"http:\/\/localhost\/debateplural\/tag\/otan\"> OTAN<\/a> ha vuelto a mostrar su af\u00e1n de expansi\u00f3n invitando este mi\u00e9rcoles\u00a0 a Montenegro a formar parte de la alianza. La \"decisi\u00f3n hist\u00f3rica\" ha sido tomada en la reuni\u00f3n final de este a\u00f1o del Consejo ministerial de la OTAN celebrada en Bruselas.<\/p>\n<\/div>\n<p><!--more--><\/p>\n<div class=\"arcticle-content\">\n<p style=\"text-align:justify;\">La <a href=\"https:\/\/actualidad.rt.com\/actualidad\/166345-organizacion-tratado-atlantico-norte-otan\" target=\"_blank\">OTAN<\/a>\u00a0ha decidido invitar a sus filas a Montenegro durante la reuni\u00f3n de ministros de Relaciones Exteriores de la alianza, la \u00faltima de este a\u00f1o. El evento ha comenzado este martes en Bruselas y durar\u00e1 dos d\u00edas.<\/p>\n<p><iframe loading=\"lazy\" width=\"810\" height=\"456\" src=\"https:\/\/www.youtube.com\/embed\/8LD96lKDVTA?feature=oembed\" frameborder=\"0\" allowfullscreen><\/iframe><\/p>\n<p style=\"text-align:justify;\">\"Los ministros de Exteriores de los pa\u00edses miembros de la OTAN han tomado la decisi\u00f3n hist\u00f3rica de invitar a Montenegro a convertirse en el miembro 29 de la alianza\", reza un comunicado en Twitter de la representante oficial de la OTAN, Oana Lungescu.<\/p>\n<p style=\"text-align:justify;\">\"Felicitamos a Montenegro. Este es el comienzo de una alianza muy bonita\", ha comentado el secretario general de la OTAN, Jens Stoltenberg.\u00a0Seg\u00fan \u00e9l, se trata de una \"decisi\u00f3n hist\u00f3rica\" y es solo el inicio del camino que incluye un proceso de negociaciones.<\/p>\n<p style=\"text-align:justify;\">\"Nos esperar\u00e1 un gran trabajo, tanto en relaci\u00f3n a las reformas que garanticen el imperio de la ley en ese pa\u00eds como para asegurar el apoyo de la opini\u00f3n p\u00fablica a la adhesi\u00f3n de Montenegro a la OTAN\", subray\u00f3.\u00a0Stoltenberg ha asegurado que el proceso de incorporaci\u00f3n llevar\u00e1 tiempo y terminar\u00e1 dentro de 18 meses.<\/p>\n<p style=\"text-align:justify;\">Asimismo, el secretario general de la OTAN ha recalcado que Bosnia y Herzegovina, Georgia y Macedonia est\u00e1n avanzando hacia la adhesi\u00f3n a la alianza. Stoltenberg ha agregado que la organizaci\u00f3n ha decidido volver a convocar el consejo <a href=\"http:\/\/localhost\/debateplural\/tag\/rusia\">Rusia<\/a>-OTAN \"para reanudar la cooperaci\u00f3n con Rusia\".<\/p>\n<h3>\u00bfC\u00f3mo ha reaccionado Rusia?<\/h3>\n<p style=\"text-align:justify;\">Rusia, por su parte, ha reaccionado a la noticia afirmando que rechazar\u00e1 los programas conjuntos con Montenegro, incluida la cooperaci\u00f3n t\u00e9cnico-militar, si este entra en la OTAN.<\/p>\n<p style=\"text-align:justify;\">\"Desde el punto de vista de la seguridad colectiva en Europa, desde el punto de vista de uni\u00f3n de cara a los nuevos desaf\u00edos y amenazas, cualquier expansi\u00f3n de la OTAN es un paso hacia atr\u00e1s y no hacia adelante\", ha declarado el jefe del Comit\u00e9 de Asuntos Internacionales del Consejo de la Federaci\u00f3n, Konstant\u00edn Kosachov.<\/p>\n<p style=\"text-align:justify;\">Asimismo, Rusia ha advertido que tomar\u00e1 medidas para fortalecer su capacidad defensiva y preparaci\u00f3n para el combate si Montenegro entra en la OTAN.<\/p>\n<p style=\"text-align:justify;\">Por su parte el portavoz de la presidencia rusa, Dmitri Peskov, ha comentado que la expansi\u00f3n hacia el este de la infraestructura militar de la OTAN no puede sino provocar una acci\u00f3n de represalia por parte de Rusia.<\/p>\n<p style=\"text-align:justify;\">\"El control de los Balcanes siempre ha sido estrat\u00e9gico si se quiere mantener una presi\u00f3n sobre Rusia\", afirm\u00f3 a RT el miembro de la Plataforma contra la Guerra y el Fascismo, Marcos Sedano.\u00a0En este contexto, Sedano se\u00f1al\u00f3 que aqu\u00ed \"no est\u00e1 jugando la pol\u00edtica, juega la estrateg\u00eda de guerra y de presi\u00f3n sobre Rusia\".<\/p>\n<\/div>\n","protected":false},"excerpt":{"rendered":"<p>La OTAN ha vuelto a mostrar su af\u00e1n de expansi\u00f3n invitando este mi\u00e9rcoles\u00a0 a Montenegro a formar parte de la alianza. La \"decisi\u00f3n hist\u00f3rica\" ha sido tomada en la reuni\u00f3n final de este a\u00f1o del Consejo ministerial de la OTAN celebrada en Bruselas.<\/p>\n","protected":false},"author":1,"featured_media":8382,"comment_status":"open","ping_status":"open","sticky":false,"template":"","format":"standard","meta":{"footnotes":""},"categories":[14],"tags":[38,40],"class_list":["post-2318","post","type-post","status-publish","format-standard","has-post-thumbnail","hentry","category-internacionales","tag-otan","tag-rusia"],"_links":{"self":[{"href":"https:\/\/debateplural.net\/site\/wp-json\/wp\/v2\/posts\/2318"}],"collection":[{"href":"https:\/\/debateplural.net\/site\/wp-json\/wp\/v2\/posts"}],"about":[{"href":"https:\/\/debateplural.net\/site\/wp-json\/wp\/v2\/types\/post"}],"author":[{"embeddable":true,"href":"https:\/\/debateplural.net\/site\/wp-json\/wp\/v2\/users\/1"}],"replies":[{"embeddable":true,"href":"https:\/\/debateplural.net\/site\/wp-json\/wp\/v2\/comments?post=2318"}],"version-history":[{"count":1,"href":"https:\/\/debateplural.net\/site\/wp-json\/wp\/v2\/posts\/2318\/revisions"}],"predecessor-version":[{"id":8383,"href":"https:\/\/debateplural.net\/site\/wp-json\/wp\/v2\/posts\/2318\/revisions\/8383"}],"wp:featuredmedia":[{"embeddable":true,"href":"https:\/\/debateplural.net\/site\/wp-json\/wp\/v2\/media\/8382"}],"wp:attachment":[{"href":"https:\/\/debateplural.net\/site\/wp-json\/wp\/v2\/media?parent=2318"}],"wp:term":[{"taxonomy":"category","embeddable":true,"href":"https:\/\/debateplural.net\/site\/wp-json\/wp\/v2\/categories?post=2318"},{"taxonomy":"post_tag","embeddable":true,"href":"https:\/\/debateplural.net\/site\/wp-json\/wp\/v2\/tags?post=2318"}],"curies":[{"name":"wp","href":"https:\/\/api.w.org\/{rel}","templated":true}]}}