{"id":2337,"date":"2015-12-03T14:47:03","date_gmt":"2015-12-03T14:47:03","guid":{"rendered":"http:\/\/debateplural.com\/?p=2337"},"modified":"2016-06-23T14:19:37","modified_gmt":"2016-06-23T14:19:37","slug":"el-principal-mensaje-de-putin-explicado-en-7-puntos","status":"publish","type":"post","link":"https:\/\/debateplural.net\/site\/2015\/12\/03\/el-principal-mensaje-de-putin-explicado-en-7-puntos\/","title":{"rendered":"El principal mensaje de Putin explicado en 7 puntos"},"content":{"rendered":"<div id=\"attachment_1437\" style=\"width: 715px\" class=\"wp-caption aligncenter\"><img loading=\"lazy\" decoding=\"async\" aria-describedby=\"caption-attachment-1437\" class=\"size-full wp-image-1437\" src=\"http:\/\/tripletecnologia.com\/website\/debateplural\/wp-content\/uploads\/2015\/12\/vladimir-putin-presidente-de-rusia-3.jpg\" alt=\"Primer Ministro Ruso Vladimir Putin\" width=\"705\" height=\"531\" \/><p id=\"caption-attachment-1437\" class=\"wp-caption-text\">Primer Ministro Ruso Vladimir Putin<\/p><\/div>\n<p style=\"text-align:justify;\">La amenaza terrorista internacional y la necesidad de que los pa\u00edses unan sus fuerzas en esta lucha ha sido el tema clave del tradicional discurso de <a href=\"http:\/\/localhost\/debateplural\/tag\/vladimir-putin\">Vlad\u00edmir Putin<\/a> ante la Asamblea Federal rusa. Asimismo, el presidente ruso ha abordado con especial atenci\u00f3n el reciente derribo del avi\u00f3n ruso Su-24 por <a href=\"http:\/\/localhost\/debateplural\/tag\/turquia\">Turqu\u00eda<\/a> en<a href=\"http:\/\/localhost\/debateplural\/tag\/siria\"> Siria<\/a>.\u00a0<!--more--><\/p>\n<p style=\"text-align:justify;\"><iframe loading=\"lazy\" width=\"810\" height=\"456\" src=\"https:\/\/www.youtube.com\/embed\/bx337r-FuwU?feature=oembed\" frameborder=\"0\" allowfullscreen><\/iframe><\/p>\n<p style=\"text-align:justify;\">\"<a href=\"http:\/\/localhost\/debateplural\/tag\/rusia\">Rusia<\/a> se encuentra desde hace mucho tiempo en las primeras filas de la lucha antiterrorista, que es una lucha por la libertad, la verdad y la justicia\", ha afirmado Putin.<\/p>\n<h3>\"A los terroristas hay que eliminarlos a distancia\"<\/h3>\n<p style=\"text-align:justify;\">\"En Siria nuestras Fuerzas Armadas luchan, ante todo, por Rusia, protegiendo la seguridad de nuestros ciudadanos\", ha se\u00f1alado Putin precisando que la mayor amenaza proviene de los terroristas concentrados en Siria. \"Reciben dinero y armamento, acumulan fuerzas. Y, si se hacen m\u00e1s fuertes, vencen all\u00ed, inevitablemente llegar\u00e1n aqu\u00ed para sembrar el miedo y el odio, provocar explosiones, matar y torturar a la gente\", ha a\u00f1adido el mandatario.<\/p>\n<p style=\"text-align:justify;\">\"Estamos obligados a recibirlos y eliminarlos a largas distancias\", ha enfatizado Putin, a\u00f1adiendo que por esa raz\u00f3n se tom\u00f3 la decisi\u00f3n de llevar a cabo el operativo militar en Siria a partir de la solicitud oficial de las autoridades leg\u00edtimas sirias.<\/p>\n<h3><strong>\"No se puede derrotar el terrorismo internacional contando con la fuerza de un solo pa\u00eds\"<\/strong><\/h3>\n<p style=\"text-align:justify;\">\"Es imposible vencer el terrorismo internacional con las fuerzas de un solo pa\u00eds, sobre todo en un contexto en el que las fronteras en el mundo est\u00e1n pr\u00e1cticamente abiertas y el mundo est\u00e1 viviendo una nueva migraci\u00f3n de los pueblos, y cuando los terroristas reciben una ayuda financiera constante\", ha declarado el presidente.<\/p>\n<h3>\"Se debe crear un pu\u00f1o com\u00fan<\/h3>\n<p style=\"text-align:justify;\">Vlad\u00edmir Putin ha insistido en numerosas ocasiones en la necesidad de una acci\u00f3n antiterrorista global. \"Es necesario dejar las discusiones y los desacuerdos, crear un pu\u00f1o fuerte, un frente antiterrorista unido que act\u00fae a partir del derecho internacional y bajo la \u00e9gida de la Organizaci\u00f3n de las Naciones Unidas\", ha dicho el mandatario ruso.<\/p>\n<h3>\"No se puede permitir ning\u00fan negocio criminal con el terrorismo\"<\/h3>\n<p style=\"text-align:justify;\">\"Todo Estado civilizado debe contribuir a la derrota de los terroristas, confirmar su solidaridad no con declaraciones sino con acciones concretas, y esto significa nada de refugio para los criminales, nada de dobles raseros, nada de contactos con ning\u00fan tipo de organizaci\u00f3n terrorista, ning\u00fan intento de usarlos para sus propios fines, ning\u00fan negocio criminal, sangriento con los terroristas\", ha manifestado Putin.<\/p>\n<h3>\"Sabemos qui\u00e9n se est\u00e1 llenando los bolsillos en Turqu\u00eda\"<\/h3>\n<div class=\"arcticle__read-more read-more\">\n<div class=\"read-more__title\" style=\"text-align:justify;\">\"Sabemos qui\u00e9n se est\u00e1 llenando los bolsillos en Turqu\u00eda y permite a los terroristas ganar dinero\", ha afirmado Vlad\u00edmir Putin. Al mismo tiempo, el mandatario ha se\u00f1alado que \"el pueblo turco es bueno, trabajador y talentoso\" y que en Turqu\u00eda Rusia tiene \"muchos viejos amigos fieles\". \"Y voy a subrayar que no los comparamos con una parte de la c\u00fapula gobernante que es la responsable directa de la muerte de nuestros militares en Siria\", ha afirmado Putin.\u00a0\"No nos olvidaremos de esta complicidad con los terroristas\", ha agregado el presidente.<\/div>\n<\/div>\n<h3>\"Turqu\u00eda se arrepentir\u00e1 m\u00e1s de una vez de lo que ha hecho\"<\/h3>\n<p style=\"text-align:justify;\">\"No vamos a blandir las armas, pero si alguien piensa que se librar\u00e1 con tomates o alg\u00fan tipo de restricciones en el \u00e1mbito de la construcci\u00f3n u otros tras haber cometido un infame crimen de guerra, el asesinato de nuestra gente, est\u00e1 profundamente equivocado\",<a href=\"https:\/\/actualidad.rt.com\/actualidad\/193190-putin-turquia-arrepentirse-hecho\" target=\"_blank\">ha afirmado<\/a>\u00a0Vlad\u00edmir Putin en relaci\u00f3n a Turqu\u00eda.<\/p>\n<p style=\"text-align:justify;\">\"Les recordaremos m\u00e1s de una vez lo que han hecho y se arrepentir\u00e1n m\u00e1s de una vez de lo cometido\", ha aseverado el residente.\u00a0\"Sabemos qu\u00e9 hay que hacer\", ha agregado.<\/p>\n<h3>\"Al\u00e1 decidi\u00f3 castigar a los gobernantes turcos quit\u00e1ndoles la raz\u00f3n\"<\/h3>\n<p style=\"text-align:justify;\">\"M\u00e1s a\u00fan, est\u00e1bamos dispuestos a colaborar con Turqu\u00eda en las cuestiones m\u00e1s delicadas para ella y est\u00e1bamos dispuestos a ir m\u00e1s lejos de lo que sus aliados quer\u00edan\", ha se\u00f1alado el presidente.\u00a0\"Solo Al\u00e1 sabr\u00e1 por qu\u00e9 lo hicieron. Y, por lo visto, Al\u00e1 decidi\u00f3 castigar a los gobernadores turcos al privarles del juicio y de la raz\u00f3n\", <a href=\"https:\/\/actualidad.rt.com\/actualidad\/193189-putin-ala-castigar-gobernantes-turquia\" target=\"_blank\">ha a\u00f1adido<\/a>\u00a0Putin.<\/p>\n","protected":false},"excerpt":{"rendered":"<p>La amenaza terrorista internacional y la necesidad de que los pa\u00edses unan sus fuerzas en esta lucha ha sido el tema clave del tradicional discurso de Vlad\u00edmir Putin ante la Asamblea Federal rusa. Asimismo, el presidente ruso ha abordado con especial atenci\u00f3n el reciente derribo del avi\u00f3n ruso Su-24 por Turqu\u00eda en Siria.\u00a0<\/p>\n","protected":false},"author":1,"featured_media":8370,"comment_status":"open","ping_status":"open","sticky":false,"template":"","format":"standard","meta":{"footnotes":""},"categories":[14],"tags":[40,41,51,42],"class_list":["post-2337","post","type-post","status-publish","format-standard","has-post-thumbnail","hentry","category-internacionales","tag-rusia","tag-siria","tag-turquia","tag-vladimir-putin"],"_links":{"self":[{"href":"https:\/\/debateplural.net\/site\/wp-json\/wp\/v2\/posts\/2337"}],"collection":[{"href":"https:\/\/debateplural.net\/site\/wp-json\/wp\/v2\/posts"}],"about":[{"href":"https:\/\/debateplural.net\/site\/wp-json\/wp\/v2\/types\/post"}],"author":[{"embeddable":true,"href":"https:\/\/debateplural.net\/site\/wp-json\/wp\/v2\/users\/1"}],"replies":[{"embeddable":true,"href":"https:\/\/debateplural.net\/site\/wp-json\/wp\/v2\/comments?post=2337"}],"version-history":[{"count":1,"href":"https:\/\/debateplural.net\/site\/wp-json\/wp\/v2\/posts\/2337\/revisions"}],"predecessor-version":[{"id":8371,"href":"https:\/\/debateplural.net\/site\/wp-json\/wp\/v2\/posts\/2337\/revisions\/8371"}],"wp:featuredmedia":[{"embeddable":true,"href":"https:\/\/debateplural.net\/site\/wp-json\/wp\/v2\/media\/8370"}],"wp:attachment":[{"href":"https:\/\/debateplural.net\/site\/wp-json\/wp\/v2\/media?parent=2337"}],"wp:term":[{"taxonomy":"category","embeddable":true,"href":"https:\/\/debateplural.net\/site\/wp-json\/wp\/v2\/categories?post=2337"},{"taxonomy":"post_tag","embeddable":true,"href":"https:\/\/debateplural.net\/site\/wp-json\/wp\/v2\/tags?post=2337"}],"curies":[{"name":"wp","href":"https:\/\/api.w.org\/{rel}","templated":true}]}}