{"id":2366,"date":"2015-12-05T14:03:54","date_gmt":"2015-12-05T14:03:54","guid":{"rendered":"http:\/\/debateplural.com\/?p=2366"},"modified":"2016-06-23T14:18:45","modified_gmt":"2016-06-23T14:18:45","slug":"al-desplegar-sus-tropas-en-irak-turquia-viola-el-derecho-internacional","status":"publish","type":"post","link":"https:\/\/debateplural.net\/site\/2015\/12\/05\/al-desplegar-sus-tropas-en-irak-turquia-viola-el-derecho-internacional\/","title":{"rendered":"\"Al desplegar sus tropas en Irak, Turqu\u00eda viola el derecho internacional\""},"content":{"rendered":"<div class=\"arcticle-summary\">\n<div id=\"attachment_2367\" style=\"width: 715px\" class=\"wp-caption aligncenter\"><img loading=\"lazy\" decoding=\"async\" aria-describedby=\"caption-attachment-2367\" class=\"size-full wp-image-2367\" src=\"http:\/\/tripletecnologia.com\/website\/debateplural\/wp-content\/uploads\/2015\/12\/tanques-turcos-en-irak-7.jpg\" alt=\"Tanques turcos en Irak\" width=\"705\" height=\"397\" \/><p id=\"caption-attachment-2367\" class=\"wp-caption-text\">Tanques turcos en Irak\u00a0<\/p><\/div>\n<p style=\"text-align:justify;\">El presidente de <a href=\"http:\/\/localhost\/debateplural\/tag\/irak\">Irak<\/a>, Fuad Masum, ha definido el despliegue de varios centenares de soldados turcos cerca de la ciudad iraqu\u00ed de Mosul como \"una violaci\u00f3n de las normas y el derecho internacional\" y ha advertido que esto aumentar\u00e1 las tensiones en la regi\u00f3n, informa Reuters.<\/p>\n<\/div>\n<p><!--more--><\/p>\n<div class=\"arcticle-content\">\n<p style=\"text-align:justify;\">El presidente iraqu\u00ed, Fuad Masum, ha llamado a <a href=\"http:\/\/localhost\/debateplural\/tag\/turquia\">Turqu\u00eda<\/a> a retirar las fuerzas y ha pedido al Ministerio de Exteriores de Irak tomar las medidas necesarias para preservar la soberan\u00eda y la independencia del pa\u00eds, <a href=\"http:\/\/www.reuters.com\/article\/us-mideast-crisis-iraq-turkey-idUSKBN0TO0AU20151205?feedType=RSS&amp;feedName=topNews&amp;utm_source=twitter#GbMZsSBpqh2gvv0x.97\" target=\"_blank\">informa<\/a>\u00a0Reuters.<\/p>\n<p style=\"text-align:justify;\">Tras confirmarse la informaci\u00f3n sobre el despliegue de las tropas, el primer ministro del pa\u00eds, Haider Al-Abadi, denunci\u00f3 que \"la presencia no autorizada de las tropas turcas en la provincia de Mosul es una seria violaci\u00f3n de la soberan\u00eda de Irak\".<\/p>\n<div class=\"arcticle__read-more read-more\">\n<div class=\"read-more__title\" style=\"text-align:justify;\">\"Las autoridades iraqu\u00edes llaman a Turqu\u00eda a respetar las buenas relaciones de vecinos y retirarse inmediatamente del territorio iraqu\u00ed\", a\u00f1adi\u00f3 el primer ministro en su\u00a0<a href=\"http:\/\/pmo.iq\/pme\/press2015en\/5-12-20151en.htm\" target=\"_blank\">comunicado<\/a>\u00a0publicado el jueves.<\/div>\n<\/div>\n<p style=\"text-align:justify;\">El Ministerio de Exteriores iraqu\u00ed respondi\u00f3 a dicha medida <a href=\"https:\/\/actualidad.rt.com\/actualidad\/193341-irak-incursion-tropas-turquia-retiro\" target=\"_blank\">calific\u00e1ndola<\/a>\u00a0de \"incursi\u00f3n\" y exigi\u00f3 su retirada.<\/p>\n<h3>Turqu\u00eda despliega tropas cerca de Mosul<\/h3>\n<p style=\"text-align:justify;\">El viernes pasado, una fuente de seguridad de Turqu\u00eda comunic\u00f3 sobre el despliegue de las tropas para entrenar a soldados iraqu\u00edes cerca de Mosul, una ciudad de m\u00e1s de un mill\u00f3n de habitantes que se encuentra bajo el control del <a href=\"http:\/\/localhost\/debateplural\/tag\/estado-islamico\">Estado Isl\u00e1mico<\/a> desde julio de 2014.<\/p>\n<p style=\"text-align:justify;\">\"Los soldados turcos han llegado a Bashiqa, en la regi\u00f3n de Mosul. Est\u00e1n all\u00ed como parte de ejercicios de entrenamiento rutinarios. Un batall\u00f3n ha cruzado a la regi\u00f3n\", afirm\u00f3 la fuente.<\/p>\n<p style=\"text-align:justify;\">Otro funcionario turco dijo\u00a0que los soldados se encontraban en esta regi\u00f3n para entrenar a los combatientes kurdos peshmerga. \"Es parte de la lucha contra Daesh [Estado Isl\u00e1mico]\", ha dicho, precisando que los soldados estaban acompa\u00f1ados por unos 20 veh\u00edculos blindados como medio de protecci\u00f3n.<\/p>\n<\/div>\n","protected":false},"excerpt":{"rendered":"<p>El presidente de Irak, Fuad Masum, ha definido el despliegue de varios centenares de soldados turcos cerca de la ciudad iraqu\u00ed de Mosul como \"una violaci\u00f3n de las normas y el derecho internacional\" y ha advertido que esto aumentar\u00e1 las tensiones en la regi\u00f3n, informa Reuters.<\/p>\n","protected":false},"author":1,"featured_media":8350,"comment_status":"open","ping_status":"open","sticky":false,"template":"","format":"standard","meta":{"footnotes":""},"categories":[14],"tags":[54,45,51],"class_list":["post-2366","post","type-post","status-publish","format-standard","has-post-thumbnail","hentry","category-internacionales","tag-estado-islamico","tag-irak","tag-turquia"],"_links":{"self":[{"href":"https:\/\/debateplural.net\/site\/wp-json\/wp\/v2\/posts\/2366"}],"collection":[{"href":"https:\/\/debateplural.net\/site\/wp-json\/wp\/v2\/posts"}],"about":[{"href":"https:\/\/debateplural.net\/site\/wp-json\/wp\/v2\/types\/post"}],"author":[{"embeddable":true,"href":"https:\/\/debateplural.net\/site\/wp-json\/wp\/v2\/users\/1"}],"replies":[{"embeddable":true,"href":"https:\/\/debateplural.net\/site\/wp-json\/wp\/v2\/comments?post=2366"}],"version-history":[{"count":1,"href":"https:\/\/debateplural.net\/site\/wp-json\/wp\/v2\/posts\/2366\/revisions"}],"predecessor-version":[{"id":8351,"href":"https:\/\/debateplural.net\/site\/wp-json\/wp\/v2\/posts\/2366\/revisions\/8351"}],"wp:featuredmedia":[{"embeddable":true,"href":"https:\/\/debateplural.net\/site\/wp-json\/wp\/v2\/media\/8350"}],"wp:attachment":[{"href":"https:\/\/debateplural.net\/site\/wp-json\/wp\/v2\/media?parent=2366"}],"wp:term":[{"taxonomy":"category","embeddable":true,"href":"https:\/\/debateplural.net\/site\/wp-json\/wp\/v2\/categories?post=2366"},{"taxonomy":"post_tag","embeddable":true,"href":"https:\/\/debateplural.net\/site\/wp-json\/wp\/v2\/tags?post=2366"}],"curies":[{"name":"wp","href":"https:\/\/api.w.org\/{rel}","templated":true}]}}