{"id":23825,"date":"2018-04-03T16:21:54","date_gmt":"2018-04-03T20:21:54","guid":{"rendered":"http:\/\/debateplural.com\/?p=23825"},"modified":"2018-04-03T16:21:54","modified_gmt":"2018-04-03T20:21:54","slug":"muere-winnie-madikizela-activista-y-exesposa-de-nelson-mandela","status":"publish","type":"post","link":"https:\/\/debateplural.net\/site\/2018\/04\/03\/muere-winnie-madikizela-activista-y-exesposa-de-nelson-mandela\/","title":{"rendered":"Muere Winnie Madikizela, activista y exesposa de Nelson Mandela"},"content":{"rendered":"<p>Con el pu\u00f1o al aire, concentrando toda la fuerza de su car\u00e1cter en un gesto de resistencia. As\u00ed quedar\u00e1 sellada para la historia\u00a0Winnie Madikizela-Mandela, la mujer m\u00e1s emblem\u00e1tica de la lucha contra el\u00a0<em>apartheid<\/em>\u00a0en la Sud\u00e1frica racista. Carism\u00e1tica y controvertida, combativa desde ni\u00f1a, la activista y pol\u00edtica brill\u00f3 con luz y personalidad propia, adem\u00e1s de acompa\u00f1ar durante m\u00e1s de tres d\u00e9cadas, con un matrimonio marcado por la distancia y la c\u00e1rcel, al icono\u00a0Nelson Mandela.<\/p>\n<p>Hija de profesores de una aldea del Cabo Oriental \u2014de donde tambi\u00e9n procede Nelson Mandela\u2014 Winnie creci\u00f3 despuntando ya con un car\u00e1cter fuerte e inconformista. Arrastrada por sus convicciones, llega joven y espl\u00e9ndida a la gran ciudad, Johannesburgo, para ser trabajadora social. En la monstruosa capital econ\u00f3mica sudafricana, pronto conoce al abogado que marcar\u00e1 el resto su vida personal y pol\u00edtica: tiene casi 40 a\u00f1os y se llama Nelson Mandela. Winnie y Nelson se casan en 1958, pero la represi\u00f3n del r\u00e9gimen y el compromiso pol\u00edtico de su marido cortan el matrimonio con una cadena perpetua. En 1964, Nelson Mandela es enviado a Robben Island, mientras Winnie Mandela se queda al cargo de sus dos hijos y de la lucha, desde su casa de\u00a0Soweto. Atosigada por las fuerzas de seguridad, arrestada y torturada, Winnie no baja el pu\u00f1o; toma el relevo de la batalla por las libertades y se erige como pilar de la lucha\u00a0<em>antiapartheid<\/em>\u00a0y punta de lanza del Congreso Nacional Africano. En su detenci\u00f3n m\u00e1s dura y larga, Winnie llega a pasar 17 meses en la c\u00e1rcel, la mayor\u00eda del tiempo aislada.<\/p>\n<p>Su posici\u00f3n se radicaliza y sus m\u00e9todos controvertidos cruzan barreras que ensucian la imagen de la \u201cmadre de la naci\u00f3n\u201d \u2014as\u00ed la siguen llamando muchos sudafricanos\u2014. Su c\u00edrculo cercano del Club de Futbol Mandela United (MUFC), que opera como una especie de milicia y de guardia de Winnie, son acusados de brutalidad y Winnie acaba involucrada por complicidad en el secuestro de un joven militante, Stompie Seipei.<\/p>\n<p>El nombre de Winnie se ensombrece con los a\u00f1os, pero la fascinaci\u00f3n y admiraci\u00f3n que genera siguen vivos mientras Sud\u00e1frica se acerca al fin del\u00a0<em>apartheid<\/em>\u00a0y a la democracia y, cuando Nelson Mandela es finalmente liberado despu\u00e9s de 27 a\u00f1os de reclusi\u00f3n, Winnie est\u00e1 a su lado, acompa\u00f1ando sus primeros pasos en libertad. La imagen hist\u00f3rica del cambio pol\u00edtico en Sud\u00e1frica es tambi\u00e9n la de un matrimonio reencontrado que no se reconocer\u00e1.<\/p>\n<p>Pol\u00e9mica e indomable, Winnie Mandela no deja de generar convulsiones. Es apartada del primer Gobierno democr\u00e1tico por insubordinaci\u00f3n, despu\u00e9s de haber sido nombrada viceministra de Artes y Cultura, y en 1996, el matrimonio entre dos de las figuras m\u00e1s fuertes de la historia de Sud\u00e1frica, Winnie y Nelson, se rompe definitivamente. Los dos iconos se divorcian, y cada uno, con su car\u00e1cter marcado por d\u00e9cadas de lucha, desde las calles, la clandestinidad y las c\u00e1rceles, cada uno sigue su camino, aunque siempre siguieron teniendo un v\u00ednculo muy cercano.<\/p>\n<p>Aunque controvertida, el carisma y fortaleza de Winnie han forjado a Winnie, \u201cla madre de la naci\u00f3n\u201d, como uno de los iconos m\u00e1s queridos y respetados de Sud\u00e1frica.<\/p>\n","protected":false},"excerpt":{"rendered":"<p>Con el pu\u00f1o al aire, concentrando toda la fuerza de su car\u00e1cter en un gesto de resistencia. As\u00ed quedar\u00e1 sellada para la historia\u00a0Winnie Madikizela-Mandela, la mujer m\u00e1s emblem\u00e1tica de la lucha contra el\u00a0apartheid\u00a0en la Sud\u00e1frica racista. Carism\u00e1tica y controvertida, combativa desde ni\u00f1a, la activista y pol\u00edtica brill\u00f3 con luz y personalidad propia, adem\u00e1s de acompa\u00f1ar [&hellip;]<\/p>\n","protected":false},"author":1,"featured_media":23826,"comment_status":"open","ping_status":"open","sticky":false,"template":"","format":"standard","meta":{"footnotes":""},"categories":[14,12],"tags":[],"class_list":["post-23825","post","type-post","status-publish","format-standard","has-post-thumbnail","hentry","category-internacionales","category-politica-3"],"_links":{"self":[{"href":"https:\/\/debateplural.net\/site\/wp-json\/wp\/v2\/posts\/23825"}],"collection":[{"href":"https:\/\/debateplural.net\/site\/wp-json\/wp\/v2\/posts"}],"about":[{"href":"https:\/\/debateplural.net\/site\/wp-json\/wp\/v2\/types\/post"}],"author":[{"embeddable":true,"href":"https:\/\/debateplural.net\/site\/wp-json\/wp\/v2\/users\/1"}],"replies":[{"embeddable":true,"href":"https:\/\/debateplural.net\/site\/wp-json\/wp\/v2\/comments?post=23825"}],"version-history":[{"count":1,"href":"https:\/\/debateplural.net\/site\/wp-json\/wp\/v2\/posts\/23825\/revisions"}],"predecessor-version":[{"id":23827,"href":"https:\/\/debateplural.net\/site\/wp-json\/wp\/v2\/posts\/23825\/revisions\/23827"}],"wp:featuredmedia":[{"embeddable":true,"href":"https:\/\/debateplural.net\/site\/wp-json\/wp\/v2\/media\/23826"}],"wp:attachment":[{"href":"https:\/\/debateplural.net\/site\/wp-json\/wp\/v2\/media?parent=23825"}],"wp:term":[{"taxonomy":"category","embeddable":true,"href":"https:\/\/debateplural.net\/site\/wp-json\/wp\/v2\/categories?post=23825"},{"taxonomy":"post_tag","embeddable":true,"href":"https:\/\/debateplural.net\/site\/wp-json\/wp\/v2\/tags?post=23825"}],"curies":[{"name":"wp","href":"https:\/\/api.w.org\/{rel}","templated":true}]}}