{"id":23893,"date":"2018-04-06T12:06:59","date_gmt":"2018-04-06T16:06:59","guid":{"rendered":"http:\/\/debateplural.com\/?p=23893"},"modified":"2018-04-06T12:06:59","modified_gmt":"2018-04-06T16:06:59","slug":"fabre-geffrard-y-la-guerra-restauradora-2","status":"publish","type":"post","link":"https:\/\/debateplural.net\/site\/2018\/04\/06\/fabre-geffrard-y-la-guerra-restauradora-2\/","title":{"rendered":"Fabr\u00e9 Geffrard y la Guerra Restauradora"},"content":{"rendered":"<p>Petronila Dotel (El Universitario, agosto 2017)<\/p>\n<p>&nbsp;<\/p>\n<p>Luego de la proclamaci\u00f3n del 27 de febrero de 1844, hecha por los Trinitarios, la naciente Rep\u00fa- blica qued\u00f3 en manos de hombres \u201csin juicio y sin coraz\u00f3n\u201d, como dijo el padre fundador de nuestra nacionalidad, Juan Pablo Duarte. Esos malos hijos de la patria mataron la soberan\u00eda, aniquilaron la libertad. La guerra restauradora fue la respuesta m\u00e1s contundente dada a la anexi\u00f3n llevada a cabo por Pedro Santana el 18 de marzo de 1861. En ella los dominicanos reafi rmaron su convicci\u00f3n de ser libres e independientes. La misma es catalogada por muchos como una aut\u00e9ntica lucha de liberaci\u00f3n nacional y para otros como la verdadera guerra de la independencia.<\/p>\n<p>Ante el consumado hecho la reacci\u00f3n del gobierno haitiano de aquel entonces no se hizo esperar. El apoyo directo o indirecto que proporcion\u00f3 a la lucha restauradora fue de suma importancia. La actitud Fabr\u00e9 Geff rard dio un interesante giro a la las relaciones de las dos rep\u00fablicas de la isla de Santo Domingo un tanto diferente a la concebida por sus mentores originales. \u00bfCu\u00e1les motivos movieron a este gobernante del vecino pa\u00eds a dar su apoyo a los combatientes dominicanos? \u00bfQu\u00e9 hizo Espa\u00f1a al respecto? \u00bfQu\u00e9 tan signifi cativa fue la postura del gobierno haitiano ante nuestra Guerra Restauradora?.<\/p>\n<p>\u00bfQui\u00e9n era Fabr\u00e9 Geff rard? Pedro M. Archambault considera a Geff rard como un \u201chombre muy inteligente y fi no diplom\u00e1tico\u201d.<\/p>\n<p>Jean Chrisostome Dorsainvil, en su libro Manual de Historia de Hait\u00ed, nos describe de forma muy breve el origen y los rasgos del car\u00e1cter de Geffrard: \u201cHijo p\u00f3stumo del general Nicol\u00e1s Geffrard, nacido en Anse- \u00e0-Veau, el 9 de septiembre de 1806, fue educado por su hermanastro, el coronel Fabr\u00e9. Soldado a los quince a\u00f1os, Capit\u00e1n en 1843, su parte activa en la revoluci\u00f3n de Praslin le vali\u00f3 ser promovido a General de Brigada, Comandante del Distrito de Jacmel, General de Divisi\u00f3n.<\/p>\n<p>Siguiendo a Dorsainvil, Geffrard fue uno de los gobernantes haitianos m\u00e1s progresistas. El mandato de Fabr\u00e9 se caracteriz\u00f3, entre otras cosas, por aplicar un conjunto de reformas en la educaci\u00f3n, la industria, la agricultura, el comercio, el ej\u00e9rcito y las finanzas. En materia educativa dio impulso a la creaci\u00f3n de m\u00e1s escuelas primarias con un car\u00e1cter laico. De igual manera favoreci\u00f3 la ense\u00f1anza superior. Facilit\u00f3 la construcci\u00f3n de importantes obras de infraestructura. De igual modo incentiv\u00f3 la inmigraci\u00f3n de familias negras de Estados Unidos hacia el territorio haitiano.<\/p>\n<p>\u00bfQu\u00e9 papel jug\u00f3 Geffrard a favor de nuestra causa restauradora? Cuando Fabr\u00e9 Geffrard asumi\u00f3 el gobierno de Hait\u00ed, tras derrocar a Soulouque, enfrent\u00f3 de forma inmediata dos cuestiones claves: a) la situaci\u00f3n de crisis general que ahogaba a la sociedad haitiana y b) la pol\u00edtica exterior que deb\u00eda seguir su gobierno en torno al caso dominicano.<\/p>\n<p>Al proclamarse la anexi\u00f3n a Espa\u00f1a el 18 de marzo de 1861 el gobierno encabezado por Geffrard no se qued\u00f3 de brazos cruzados. El temor haitiano a perder su libertad tan celosamente defendida estaba en peligro a juicio de sus representantes. En consecuencia el gobierno actu\u00f3. Me permito clasificar de la siguiente manera su respuesta a este hecho abominable, ruin y antipatri\u00f3tico.<\/p>\n<p>a) La protesta P\u00fablica<\/p>\n<p>La primera acci\u00f3n del gobierno haitiano fue hacer p\u00fablica una protesta el 6 de abril de 1861 en la que fi jaba su posici\u00f3n al respecto. La misma fue publicada en franc\u00e9s y espa\u00f1ol y estaba dirigida a ambos pueblos. He aqu\u00ed uno de sus argumentos: \u201c.\u00bfcon cu\u00e1les derechos el general Santana y su facci\u00f3n entregan, a Espa\u00f1a, el territorio dominicano? Es voluntad del pueblo, dicen. Afirmaci\u00f3n falaz. La poblaci\u00f3n estremecida bajo el r\u00e9gimen de terror organizado por el general Santana, est\u00e1 incapacitada para manifestar su voluntad. Multitud de ciudadanos esclarecidos y honorables, de abnegados patriotas de la Rep\u00fablica Dominicana, expulsados de su patria por el general Santana, protestan, con todas sus energ\u00edas, contra esa enajenaci\u00f3n de la patria, a la cual califican de vil traici\u00f3n\u201d.<\/p>\n<p>b) \u201cLlamado a las Armas\u201d<\/p>\n<p>Mediante un documento dirigido al ej\u00e9rcito de Hait\u00ed, el 18 de abril de 1961, el presidente Geffrard, hace un en\u00e9rgico llamado a las armas. Los t\u00e9rminos de dicho documento tal como cuenta Price-Mars son tan \u201cinflamados\u201d que debieron provocar una guerra entre Espa\u00f1a y Hait\u00ed de forma inmediata. \u201c\u00a1A las armas haitianos! \u00a1Corramos a las armas para rechazar a las hordas invasoras! \u00a1Qu\u00e9 vuestra consigna sea la frase inmortal que sirvi\u00f3 de divisa a los fundadores de la Rep\u00fablica: Libertad o muerte. \u00a1Respondamos a la fuerza con la fuerza!.<\/p>\n<p>c) Memor\u00e1ndum a los gobiernos de Francia e Inglaterra<\/p>\n<p>En un amplio documento el gobierno haitiano hace una valoraci\u00f3n profunda del da\u00f1o que representa la anexi\u00f3n al tiempo que hace un llamado a Francia e Inglaterra, como naciones \u201cque marchan a la cabeza de la civilizaci\u00f3n\u201d y que ejercen tan \u201csaludable influencia\u201d en esta parte del mundo a que vean la anexi\u00f3n como un problema que de seguro les afectar\u00e1 a ellas tambi\u00e9n. Dicho memor\u00e1ndum fue redactado en fecha 24 de abril de 1861<\/p>\n<p>d) Apoyo a los patriotas \u201c<\/p>\n<p>He pisado el territorio de la Rep\u00fablica, entrando por Hait\u00ed, porque no pod\u00eda entrar por otra parte, exigi\u00e9ndolo as\u00ed, adem\u00e1s, la buena combinaci\u00f3n y porque estoy persuadido de que esta Rep\u00fablica con quien, ayer cuando era imperio, combat\u00edamos por nuestra nacionalidad, est\u00e1 hoy tan empe\u00f1ada como nosotros, la conservemos merced a la pol\u00edtica de un gabinete republicano sabio y justo\u201d. Es la voz de Francisco del Rosario S\u00e1nchez quien desde Saint Tomas lanz\u00f3 un Manifiesto en repudio a la anexi\u00f3n, hecho que seg\u00fan sus palabras era un \u201ccrimen casi nuevo en la historia\u201d.<\/p>\n<p>En estas primeras palabras de S\u00e1nchez est\u00e1 claro el apoyo del gobierno haitiano al movimiento insurreccional. Estando a\u00fan en territorio haitiano nos cuenta Archambault, recibi\u00f3 S\u00e1nchez un \u201cemisario de Santiago Rodr\u00edguez, por entonces, maestro de escuela en Sabaneta, al joven Jos\u00e9 Cabrera, que luego fue el eminente restaurador. Llevaba el encargo de asegurarle al pr\u00f3cer de la Puerta del Conde la correspondencia del Cibao a su alta iniciativa reivindicadora\u201d. Desde la capital haitiana parti\u00f3 el patriota en el mes de junio de 1861 a tierras dominicanas por la frontera sur llegando a San Juan de la Maguana.<\/p>\n<p>Enterado el gobierno espa\u00f1ol del apoyo del gobierno haitiano a los patriotas, tom\u00f3 medidas contundentes obligando a Geffrard a retirar el apoyo de forma inmediata. Esto le cost\u00f3 la vida al patriota.<\/p>\n<p>El apoyo haitiano no se limit\u00f3 a su gobierno. Refiere Archambault \u201cEntre los colaboradores de nuestra segunda independencia no deben olvidarse a Alejandro Pouget, fot\u00f3grafo haitiano, Juan Cooper, venezolano que hab\u00eda vivido largo tiempo en Santiago de los Caballeros; a Tom\u00e1s de Aquino Rodr\u00edguez, y a dos comerciantes haitianos en la ciudad del Cabo que compraron mucha p\u00f3lvora y elementos de guerra, uno de apellido Crosnot y llamado Salnave\u201d. El citado autor se\u00f1ala que incluso la masoner\u00eda de Cabo haitiano, dio su respaldo a la lucha restauradora.<\/p>\n<p>e) Intermediaci\u00f3n final<\/p>\n<p>La forma heroica con que los dominicanos llevaron la guerra restauradora, oblig\u00f3 a Espa\u00f1a a decretar la salida de sus tropas del territorio nacional. Antes de llegar el decreto con la orden de salida inmediata, el general Jos\u00e9 de La G\u00e1ndara, capit\u00e1n general de Santo Domingo, y general en jefe de las tropas expedicionarias, busc\u00f3 la mediaci\u00f3n del presidente haitiano Fabr\u00e9 Geffrard. Gracias a su participaci\u00f3n los patriotas dominicanos aceptaron un acuerdo para intercambiar prisioneros de guerra. En su libro, Anexi\u00f3n-Restauraci\u00f3n, el historiador y periodista, C\u00e9sar Herrera da cuenta de las gestiones de Geffrard en esta etapa de la lucha, y de la angustia de La G\u00e1ndara, quien quer\u00eda salir del pa\u00eds, en el cual hab\u00eda sido vencido. Hoy las relaciones con el vecino pa\u00eds van de tensas a peligrosas, pues algunos sectores promueven odio, racismo y xenobia contra los inmigrantes haitianos y contra dominicanos de descendencia haitiana. El tema ha de ser tratado con la altura que merece. Como isla y como naciones pero sobre todo como seres humanos estamos compelidos a buscar soluciones que apunten siempre hacia el bien.<\/p>\n","protected":false},"excerpt":{"rendered":"<p>Petronila Dotel (El Universitario, agosto 2017) &nbsp; Luego de la proclamaci\u00f3n del 27 de febrero de 1844, hecha por los Trinitarios, la naciente Rep\u00fa- blica qued\u00f3 en manos de hombres \u201csin juicio y sin coraz\u00f3n\u201d, como dijo el padre fundador de nuestra nacionalidad, Juan Pablo Duarte. Esos malos hijos de la patria mataron la soberan\u00eda, [&hellip;]<\/p>\n","protected":false},"author":1,"featured_media":23894,"comment_status":"open","ping_status":"open","sticky":false,"template":"","format":"standard","meta":{"footnotes":""},"categories":[5,17],"tags":[],"class_list":["post-23893","post","type-post","status-publish","format-standard","has-post-thumbnail","hentry","category-nacionales","category-sociedad"],"_links":{"self":[{"href":"https:\/\/debateplural.net\/site\/wp-json\/wp\/v2\/posts\/23893"}],"collection":[{"href":"https:\/\/debateplural.net\/site\/wp-json\/wp\/v2\/posts"}],"about":[{"href":"https:\/\/debateplural.net\/site\/wp-json\/wp\/v2\/types\/post"}],"author":[{"embeddable":true,"href":"https:\/\/debateplural.net\/site\/wp-json\/wp\/v2\/users\/1"}],"replies":[{"embeddable":true,"href":"https:\/\/debateplural.net\/site\/wp-json\/wp\/v2\/comments?post=23893"}],"version-history":[{"count":1,"href":"https:\/\/debateplural.net\/site\/wp-json\/wp\/v2\/posts\/23893\/revisions"}],"predecessor-version":[{"id":23895,"href":"https:\/\/debateplural.net\/site\/wp-json\/wp\/v2\/posts\/23893\/revisions\/23895"}],"wp:featuredmedia":[{"embeddable":true,"href":"https:\/\/debateplural.net\/site\/wp-json\/wp\/v2\/media\/23894"}],"wp:attachment":[{"href":"https:\/\/debateplural.net\/site\/wp-json\/wp\/v2\/media?parent=23893"}],"wp:term":[{"taxonomy":"category","embeddable":true,"href":"https:\/\/debateplural.net\/site\/wp-json\/wp\/v2\/categories?post=23893"},{"taxonomy":"post_tag","embeddable":true,"href":"https:\/\/debateplural.net\/site\/wp-json\/wp\/v2\/tags?post=23893"}],"curies":[{"name":"wp","href":"https:\/\/api.w.org\/{rel}","templated":true}]}}