{"id":24077,"date":"2018-04-14T09:29:30","date_gmt":"2018-04-14T13:29:30","guid":{"rendered":"http:\/\/debateplural.com\/?p=24077"},"modified":"2018-04-14T09:29:30","modified_gmt":"2018-04-14T13:29:30","slug":"para-la-historia-del-caribe-1500-1559","status":"publish","type":"post","link":"https:\/\/debateplural.net\/site\/2018\/04\/14\/para-la-historia-del-caribe-1500-1559\/","title":{"rendered":"Para la historia del Caribe (1500-1559)"},"content":{"rendered":"<p>Emilia Pereyra (D. Libre. 13-4-18)<\/p>\n<p>&nbsp;<\/p>\n<p>Al presentar \u201cLa Espa\u00f1ola y el Caribe, 1501-1559\u201d, del autor espa\u00f1ol Justo del R\u00edo Moreno, el historiador Frank Moya Pons resalt\u00f3 que el libro es \u201cun verdadero tratado de historia econ\u00f3mica que examina acad\u00e9micamente los ciclos por los que pas\u00f3 la econom\u00eda espa\u00f1olense durante en el siglo XVI, al igual que las causas de las crisis que lastraron y, al final, quebraron los m\u00e1s importantes sectores productivos de la isla.<\/p>\n<p>El expositor destac\u00f3 los valores del tercer volumen de la trilog\u00eda de estudios econ\u00f3micos acerca de la vida espa\u00f1olense en el siglo XVI, escritos por el historiador espa\u00f1ol Justo del R\u00edo Moreno, de la cual la Academia Dominicana de la Historia ha publicado ya los dos primeros.<\/p>\n<p>Moya Pons dijo que Del R\u00edo ha hecho el estudio de mayor amplitud y m\u00e1s profundidad de la temprana historia econ\u00f3mica colonial dominicana realizado hasta la fecha.<\/p>\n<p>Expres\u00f3 que las tensiones que generaban esas crisis derivaron en numerosos conflictos entre los actores econ\u00f3micos y que estos repercutieron pol\u00edticamente en la colonia involucrando a casi toda la poblaci\u00f3n de la ciudad de Santo Domingo, la cual se acostumbr\u00f3 a una vida de litigios, jur\u00eddicos y de otro orden, que repercut\u00edan continuamente en el Consejo de Indias, en Sevilla.<\/p>\n<p>\u201cLas luces que arroja este estudio sobre todo aquellos complicados procesos permiten entender mejor la formaci\u00f3n de una sociedad colonial que se empobrec\u00eda paulatinamente, pero que todav\u00eda jugaba un papel pivotal en la temprana expansi\u00f3n del imperio espa\u00f1ol en el 'Nuevo Mundo&#8217;\u201d, enfatiz\u00f3 Moya Pons en un acto realizado en la Academia Dominicana de la Historia.<\/p>\n<p>Manifest\u00f3 que la obra ilumina muchos aspectos hasta ahora insuficientemente explicados de la temprana historia espa\u00f1olense que los especialistas apreciar\u00e1n en su justa medida cuando descubran lo mucho que aporta al conocimiento historiogr\u00e1fico moderno.<\/p>\n<p>\u201cPor la copiosa riqueza de sus datos y por sus mismos planteamientos te\u00f3ricos, estamos seguros de que esta obra estimular\u00e1 a muchos a adentrarse con entusiasmo en la investigaci\u00f3n acerca de la vida econ\u00f3mica y social de la Espa\u00f1ola en el siglo XVI\u201d, se\u00f1al\u00f3.<\/p>\n<p>Seg\u00fan el historiador, los lectores de la obra podr\u00e1n seguir en detalle los pasos que dieron los primeros pobladores europeos para importar y aclimatar en la isla Espa\u00f1ola semillas y plantas que compon\u00edan la base de la agricultura peninsular, como fue el caso del trigo, el arroz y otros cereales, la vid, las jud\u00edas, los garbanzos y otras legumbres, el mel\u00f3n, los d\u00e1tiles, los c\u00edtricos y otras frutas, y las hortalizas, entre otros.<\/p>\n<p>Dijo que en el libro se describen los primeros experimentos agr\u00edcolas realizados por gentes que tuvieron que adaptarse a la mudanza de un ambiente mediterr\u00e1neo otro tropical.<\/p>\n<p>\u201cPara ello Del R\u00edo Moreno se vale de una descripci\u00f3n del mundo agr\u00edcola en Andaluc\u00eda y otras partes de Espa\u00f1a, as\u00ed como de las pol\u00edticas agrarias de la Corona espa\u00f1ola en aquellos a\u00f1os. Parte de esos experimentos fueron realizados con especies procedentes de \u00c1frica y Asia, como ocurri\u00f3 con los pl\u00e1tanos y otras mus\u00e1ceas, con la ca\u00f1af\u00edstula, el jengibre y la ca\u00f1a de az\u00facar\u201d, agreg\u00f3.<\/p>\n<p>Afirm\u00f3 que esas plantas probaron ser muy rentables al ser cultivadas en plantaciones manejadas por mano de obra esclava y terminaron convertidas en los principales pilares de la agricultura comercial dominicana en el siglo XVI.<\/p>\n<div class=\"entretitulo\">Aclimataci\u00f3n de especies<\/div>\n<div class=\"text\">\n<p>Moya Pons indic\u00f3 que adem\u00e1s de los procesos de aclimataci\u00f3n de especies y del desarrollo de un sistema de plantaciones en la Espa\u00f1ola, Del R\u00edo Moreno estudia y describe c\u00f3mo esos experimentos fueron reproducidos luego en el continente a medida que los espa\u00f1oles conquistaban las sociedades abor\u00edgenes y establec\u00edan reg\u00edmenes de dominaci\u00f3n basados en los repartimientos y encomiendas de indios.<\/p>\n<p>\u201cEsto quiere decir que esta obra conecta la temprana historia dominicana con la temprana historia colonial americana, particularmente con la mejicana y peruana o, dicho de otra manera, con la mesoamericana y la andina\u201d, manifest\u00f3.<\/p>\n<p>Afirm\u00f3 que esta es una perspectiva muy novedosa porque hasta la aparici\u00f3n de esta obra la historiograf\u00eda pon\u00eda m\u00e1s atenci\u00f3n en las conexiones y continuidades pol\u00edticas entre la Espa\u00f1ola y el continente que entre sus sistemas econ\u00f3micos, en especial sus sistemas agr\u00edcolas y ganaderos.<\/p>\n<p>A\u00f1adi\u00f3 que Del R\u00edo Moreno es tambi\u00e9n autor de otras dos obras emparentadas, una de las cuales trata de los comienzos de la agricultura europea en las Antillas, y la otra estudia la introducci\u00f3n de los caballos y \u00e9quidos durante la conquista de Am\u00e9rica en el siglo XVI.<\/p>\n<p>\u201cEn todos estos libros, este respetado autor enfoca su atenci\u00f3n en el desarrollo de la base econ\u00f3mica de las primeras colonias hisp\u00e1nicas en el Nuevo Mundo, y lo hace utilizando numerosas fuentes in\u00e9ditas depositadas en el Archivo General de Indias, en Sevilla, expres\u00f3.<\/p>\n<\/div>\n","protected":false},"excerpt":{"rendered":"<p>Emilia Pereyra (D. Libre. 13-4-18) &nbsp; Al presentar \u201cLa Espa\u00f1ola y el Caribe, 1501-1559\u201d, del autor espa\u00f1ol Justo del R\u00edo Moreno, el historiador Frank Moya Pons resalt\u00f3 que el libro es \u201cun verdadero tratado de historia econ\u00f3mica que examina acad\u00e9micamente los ciclos por los que pas\u00f3 la econom\u00eda espa\u00f1olense durante en el siglo XVI, al [&hellip;]<\/p>\n","protected":false},"author":1,"featured_media":24078,"comment_status":"open","ping_status":"open","sticky":false,"template":"","format":"standard","meta":{"footnotes":""},"categories":[18,16],"tags":[],"class_list":["post-24077","post","type-post","status-publish","format-standard","has-post-thumbnail","hentry","category-cultura","category-libros"],"_links":{"self":[{"href":"https:\/\/debateplural.net\/site\/wp-json\/wp\/v2\/posts\/24077"}],"collection":[{"href":"https:\/\/debateplural.net\/site\/wp-json\/wp\/v2\/posts"}],"about":[{"href":"https:\/\/debateplural.net\/site\/wp-json\/wp\/v2\/types\/post"}],"author":[{"embeddable":true,"href":"https:\/\/debateplural.net\/site\/wp-json\/wp\/v2\/users\/1"}],"replies":[{"embeddable":true,"href":"https:\/\/debateplural.net\/site\/wp-json\/wp\/v2\/comments?post=24077"}],"version-history":[{"count":1,"href":"https:\/\/debateplural.net\/site\/wp-json\/wp\/v2\/posts\/24077\/revisions"}],"predecessor-version":[{"id":24079,"href":"https:\/\/debateplural.net\/site\/wp-json\/wp\/v2\/posts\/24077\/revisions\/24079"}],"wp:featuredmedia":[{"embeddable":true,"href":"https:\/\/debateplural.net\/site\/wp-json\/wp\/v2\/media\/24078"}],"wp:attachment":[{"href":"https:\/\/debateplural.net\/site\/wp-json\/wp\/v2\/media?parent=24077"}],"wp:term":[{"taxonomy":"category","embeddable":true,"href":"https:\/\/debateplural.net\/site\/wp-json\/wp\/v2\/categories?post=24077"},{"taxonomy":"post_tag","embeddable":true,"href":"https:\/\/debateplural.net\/site\/wp-json\/wp\/v2\/tags?post=24077"}],"curies":[{"name":"wp","href":"https:\/\/api.w.org\/{rel}","templated":true}]}}