{"id":2429,"date":"2015-12-08T20:57:01","date_gmt":"2015-12-08T20:57:01","guid":{"rendered":"http:\/\/debateplural.com\/?p=2429"},"modified":"2020-01-24T13:51:24","modified_gmt":"2020-01-24T17:51:24","slug":"en-republica-dominicana-las-fuerzas-gubernamentales-reeleccionistas-para-2016-arrecian-su-proyecto-continuista-influyendo-en-el-derrumbe-del-programa-de-tv-mas-libre-transparente-y-fidedigno-de-la-hi","status":"publish","type":"post","link":"https:\/\/debateplural.net\/site\/2015\/12\/08\/en-republica-dominicana-las-fuerzas-gubernamentales-reeleccionistas-para-2016-arrecian-su-proyecto-continuista-influyendo-en-el-derrumbe-del-programa-de-tv-mas-libre-transparente-y-fidedigno-de-la-hi\/","title":{"rendered":"En Rep\u00fablica Dominicana las fuerzas gubernamentales reeleccionistas para 2016 arrecian su proyecto continuista influyendo en el derrumbe del programa de TV m\u00e1s libre, transparente y fidedigno de la historia de las comunicaciones en Santo Domingo"},"content":{"rendered":"<p>Por: Angel Moreta<\/p>\n<p style=\"text-align: justify;\">El cierre y la extinci\u00f3n intencional y repentina del programa \"El Despertador\", que desde hace 7 a\u00f1os conducen los comunicadores Marino Zapete y Edith Febles, y que trata privilegiadamente de problemas nacionales, constituye una agresi\u00f3n grosera a la libertad de pensamiento y a la libre comunicaci\u00f3n de las ideas en<a href=\"http:\/\/localhost\/debateplural\/tag\/republica-dominicana\"> Rep\u00fablica Dominicana<\/a>.<!--more--><\/p>\n<p style=\"text-align: justify;\">\"El Despertador\" ha sido silenciado y asesinado. \u00bfQui\u00e9n o quienes lo hicieron?\u00a0\u00bfQui\u00e9n o quienes se atrevieron a matar de manera traidora un programa de televisi\u00f3n veraz, puntual, cr\u00edtico y oportuno como \"El Despertador\"?. Nosotros tenemos la respuesta.<\/p>\n<p style=\"text-align: justify;\">Ese programa, de vital importancia para la vida nacional; y esos comunicadores atropellados de manera desleal Marino Zapete y Edith Febles, han sido excluidos \u00a0en este momento de la televisi\u00f3n dominicana por los grupos empresariales, comunicadores-propietarios de medios y espacios comunicacionales comprometidos y en contubernio con la \u00e9lite estatal corporativa del presente, en un concierto procaz que busca la reelecci\u00f3n del presidente-candidato actual.<\/p>\n<p style=\"text-align: justify;\">Se trata de una verdadera tramoya del grupo corporativo del Palacio Nacional, empe\u00f1ado febrilmente en aplastar a todo aquel que ose o se atreva a disentir del proyecto de reelecci\u00f3n del actual jefe del Poder Ejecutivo. Aquel, <a href=\"http:\/\/localhost\/debateplural\/tag\/danilo-medina\">Danilo Medina<\/a>, que una vez se lament\u00f2 de haber sido aplastado por el Estado, es hoy quien se permite usar el Estado para aplastar terriblemente a los disidentes, a los discrepantes, y particularmente, a aquellos comunicadores sociales que no dejan pasar oportunidad de buscar y expresar la verdad que emana de la realidad social dominicana de manera cotidiana.<\/p>\n<p style=\"text-align: justify;\">Marino Zapete y Edith Febles no han vendido su trayectoria limpia ni su \u00e9tica profesional; ni la han cambiado antojadizamente por el dinero que emana a torrentes de los bolsillos de las \u00e9lites corporativas cuando quieren adue\u00f1arse y comprar conciencias y almas, arranc\u00e1ndoles su autenticidad.<\/p>\n<p style=\"text-align: justify;\">Se trata de dos comunicadores cotidianos de la sociedad dominicana que expresan siempre la verdad, que investigan los hechos ocurrentes y contradictorios, que buscan lo oculto en la superficie de lo aparente; que asumen posiciones vitales, valientes y transparentes en el espacio televisivo denominado \"El Despertador\"; y por esa causa han sido castigados, precisamente en el momento en que se desarrolla el inicio de una carrera reeleccionista\u00a0y una campa\u00f1a electoral\u00a0que saldr\u00e1 muy cara a la sociedad dominicana, que crear\u00e0 indudablemente un \"hoyo fiscal\" de m\u00e0s de quinientos mil millones de pesos.<\/p>\n<p style=\"text-align: justify;\"><strong>Entre esos quinientos mil millones de pesos que el gobierno del candidato-presidente necesitar\u00e1 para la campa\u00f1a reeleccionista se encuentran los fondos del endeudamiento externo incontrolable; las ventajas que <a href=\"http:\/\/localhost\/debateplural\/tag\/venezuela\">Venezuela<\/a> concede generosamente a\u00a0Rep\u00fablica\u00a0Dominicana a\u00a0trav\u00e9s\u00a0del\u00a0convenio\u00a0petrocaribe;\u00a0tambi\u00e9n\u00a0los m\u00e1s de mil millones de\u00a0d\u00f3lares\u00a0de la proyectada\u00a0obra\u00a0termoel\u00e9ctrica\u00a0de <a href=\"http:\/\/localhost\/debateplural\/tag\/punta-catalina\">Punta Catalina<\/a>, en terrenos de la\u00a0familia Vicini; los fondos de precios exagerados de los combustibles, que a pesar de que el barril de petroleo ha bajado un 70 % a nivel mundial, los dominicanos continuamos pagando 4\u00a0d\u00f3lares\u00a0por\u00a0gal\u00f3n;\u00a0\u00a0se\u00a0encuentran tambi\u00e9n los itbis, que enero\u00a0subir\u00e1n\u00a0a 28 %; los fondos y ventajas del contrato con Barrick Gold; las migajas del\u00a0capital del empresariado tur\u00edstico; los aumentos solapados de la tarifa el\u00e9ctrica, en un 50 % sin aviso previo ni\u00a0justificaci\u00f3n\u00a0de ninguna especie;\u00a0tambi\u00e9n\u00a0los\u00a0aumentos de precios de la canasta familiar, en un 40 %, donde el empresariado industrial se chupa la sangre del pueblo dominicano con productos en el mercado cada vez m\u00e1s caros y con menor cantidad y calidad, intensific\u00e1ndose as\u00ed la explotaci\u00f3n social de los sectores populares, de trabajadores y clases medias en la Rep\u00fablica Dominicana.<\/strong><\/p>\n<p style=\"text-align: justify;\">\u00bfSabr\u00e1 ese\u00a0grupo corporativo corrupto lo que ha hecho?&#8230; \u00bfSabr\u00e1n los \"empresarios comunicacionales\" lo que han hecho contra el pueblo dominicano, contra la verdad y la transparencia, por unas cuantas monedas?; \u00bfCu\u00e1nto habr\u00e1 costado al desesperado grupo corporativo del Palacio Nacional el lograr la repentina extinci\u00f3n y liquidaci\u00f3n de tan importante, vital, valiente y transparente espacio televisivo diario en el canal 9?.<\/p>\n<p style=\"text-align: justify;\">La mutual de empresarios comunicacionales Ortega-Hasb\u00fan en alg\u00fan momento de sus vidas tendr\u00e1n que preguntarse genuflexamente y excusarse desde lo m\u00e1s hondo de su coraz\u00f3n ante el altar de la verdad, de la transparencia \u00a0y de la historia, por lo que han hecho.<\/p>\n<p style=\"text-align: justify;\">\u00bfCu\u00e1ntas monedas se habr\u00e1n gastado para silenciar \"El Despertador\"?&#8230; \u00bfAyudar\u00e1 a silenciar ese grupo corporativo, en su fiebre de poder y ambici\u00f3n de permanencia, espacios de internet y sitios webs como del que ahora hablamos?&#8230;<\/p>\n<p style=\"text-align: justify;\">El binomio din\u00e1mico de los activos empresarios comunicadores Ortega-Hasb\u00fan, gracias al poder inmenso del oro y el imperio del dinero, permiti\u00f3 humillaci\u00f3n a comunicadores de la talla de Marino Zapete y Edith Febles, sac\u00e1ndoles del programa abruptamente y de manera desconsiderada, escandalosamente burda y turiferaria, despu\u00e9s de 7 a\u00f1os de duro batallar en su trayectoria profesional.<\/p>\n<p style=\"text-align: justify;\">Es tambi\u00e9n un trato desconsiderado y desleal a la sociedad dominicana, a la cual se deben hist\u00f3ricamente.<\/p>\n<p style=\"text-align: justify;\">\n","protected":false},"excerpt":{"rendered":"<p>Por: Angel Moreta El cierre y la extinci\u00f3n intencional y repentina del programa \"El Despertador\", que desde hace 7 a\u00f1os conducen los comunicadores Marino Zapete y Edith Febles, y que trata privilegiadamente de problemas nacionales, constituye una agresi\u00f3n grosera a la libertad de pensamiento y a la libre comunicaci\u00f3n de las ideas en Rep\u00fablica Dominicana.<\/p>\n","protected":false},"author":2,"featured_media":8312,"comment_status":"open","ping_status":"open","sticky":false,"template":"","format":"standard","meta":{"footnotes":""},"categories":[5,12],"tags":[31,29,6,10],"class_list":["post-2429","post","type-post","status-publish","format-standard","has-post-thumbnail","hentry","category-nacionales","category-politica-3","tag-danilo-medina","tag-punta-catalina","tag-republica-dominicana","tag-venezuela"],"_links":{"self":[{"href":"https:\/\/debateplural.net\/site\/wp-json\/wp\/v2\/posts\/2429"}],"collection":[{"href":"https:\/\/debateplural.net\/site\/wp-json\/wp\/v2\/posts"}],"about":[{"href":"https:\/\/debateplural.net\/site\/wp-json\/wp\/v2\/types\/post"}],"author":[{"embeddable":true,"href":"https:\/\/debateplural.net\/site\/wp-json\/wp\/v2\/users\/2"}],"replies":[{"embeddable":true,"href":"https:\/\/debateplural.net\/site\/wp-json\/wp\/v2\/comments?post=2429"}],"version-history":[{"count":2,"href":"https:\/\/debateplural.net\/site\/wp-json\/wp\/v2\/posts\/2429\/revisions"}],"predecessor-version":[{"id":38532,"href":"https:\/\/debateplural.net\/site\/wp-json\/wp\/v2\/posts\/2429\/revisions\/38532"}],"wp:featuredmedia":[{"embeddable":true,"href":"https:\/\/debateplural.net\/site\/wp-json\/wp\/v2\/media\/8312"}],"wp:attachment":[{"href":"https:\/\/debateplural.net\/site\/wp-json\/wp\/v2\/media?parent=2429"}],"wp:term":[{"taxonomy":"category","embeddable":true,"href":"https:\/\/debateplural.net\/site\/wp-json\/wp\/v2\/categories?post=2429"},{"taxonomy":"post_tag","embeddable":true,"href":"https:\/\/debateplural.net\/site\/wp-json\/wp\/v2\/tags?post=2429"}],"curies":[{"name":"wp","href":"https:\/\/api.w.org\/{rel}","templated":true}]}}