{"id":24312,"date":"2018-04-24T10:11:23","date_gmt":"2018-04-24T14:11:23","guid":{"rendered":"http:\/\/debateplural.com\/?p=24312"},"modified":"2018-04-24T10:11:23","modified_gmt":"2018-04-24T14:11:23","slug":"la-legion-del-caribe-patriotas-politicos-y-mercenarios-1946-1950","status":"publish","type":"post","link":"https:\/\/debateplural.net\/site\/2018\/04\/24\/la-legion-del-caribe-patriotas-politicos-y-mercenarios-1946-1950\/","title":{"rendered":"La Legi\u00f3n del Caribe: patriotas, pol\u00edticos y mercenarios, 1946-1950"},"content":{"rendered":"<p>Jes\u00fas R. Navarro (D. Libre, 29-10-16)<\/p>\n<p>&nbsp;<\/p>\n<p>El 16 de agOSTO\u00a0de este a\u00f1o la Academia Dominicana de la Historia celebr\u00f3 su octog\u00e9simo quinto aniversario de fundada, durante ese tiempo esta instituci\u00f3n ha conformado una colecci\u00f3n editorial que supera los 140 vol\u00famenes. Desde el 2001 la Academia a\u00f1adi\u00f3, a su ya importante colecci\u00f3n, la cantidad de 66 nuevos t\u00edtulos. Es decir, en solo tres lustros se publicaron casi la misma cantidad de libros que en las siete d\u00e9cadas anteriores. Esto se debi\u00f3 a las excelentes gestiones de los m\u00e1s recientes acad\u00e9micos que la han presidido: Roberto Cass\u00e1, Jos\u00e9 Chez Checo, Emilio Cordero Michel, Frank Moya Pons y Bernardo Vega. En la actualidad, por primera vez una mujer, Mu-Kien Sang Ben, preside la Junta Directiva, y promete seguir incrementando el acervo bibliogr\u00e1fico sobre la historia dominicana.<\/p>\n<p>En esta ocasi\u00f3n vamos a rese\u00f1ar el libro\u00a0<i>La Legi\u00f3n del Caribe: patriotas, pol\u00edticos y mercenarios, 1946-1950<\/i>, que fue publicado por primera vez en espa\u00f1ol en el a\u00f1o 2015 y cuenta con 264 p\u00e1ginas. Su autor, Charles D. Ameringer (1926) fue profesor de Historia de Am\u00e9rica Latina en la Universidad Estatal de Pensilvania. Este orient\u00f3 su labor investigativa a estudiar los procesos pol\u00edticos latinoamericanos en las d\u00e9cadas del cuarenta y cincuenta del pasado siglo, dedicando especial atenci\u00f3n a Centroam\u00e9rica y el Caribe. Entre sus libros publicados se encuentran:\u00a0<i>Philippe Bunau-Varilla and the Panama Canal (1958)<\/i>;\u00a0<i>The democratic left in exile; the antidictatorial struggle in the Caribbean, 1945-1959 (1974)<\/i>;\u00a0<i>Don Pepe: A political biography of Jose Figueres of Costa Rica (1978)<\/i>;\u00a0<i>Democracy in Costa Rica<\/i>;\u00a0<i>The Cuban Democratic Experience (1982)<\/i>;\u00a0<i>U.S. Foreign Intelligence. The secret side of American History (1990)<\/i>; y\u00a0<i>The Caribbean Legion: patriots, politicians, soldiers of fortune, 1946-1950 (1996)<\/i>.<\/p>\n<p>En este libro, el Dr. Ameringer analiza los procesos democratizadores que se estaban suscitando en el Caribe despu\u00e9s de finalizada la Segunda Guerra Mundial. \u00c9l considera que esos procesos fueron \u00abm\u00e1s evolutivos que repentinos\u00bb; sustenta esa afirmaci\u00f3n en base a los cambios sociales que se produjeron en la regi\u00f3n a partir de 1914, debido a la escasez de manufacturas por motivo de la Primera Guerra Mundial. Esa situaci\u00f3n propici\u00f3 un insipiente desarrollo industrial en la regi\u00f3n, que trajo como consecuencia un proceso de urbanizaci\u00f3n que cre\u00f3 una nueva estructura social compuesta por obreros, profesionales, gerentes, intelectuales y empresarios. Esos cambios sociales y sucesos como: la Revoluci\u00f3n Mexicana, la Revoluci\u00f3n Rusa, la crisis econ\u00f3mica de 1929 y el\u00a0<i>New Deal\u00a0<\/i>de Roosevelt; contribuyeron \u2013seg\u00fan el autor\u2013 a formar l\u00edderes pol\u00edticos caribe\u00f1os que buscaban cambios socioecon\u00f3micos en sus respectivos pa\u00edses.<\/p>\n<p>En ese contexto hist\u00f3rico-pol\u00edtico surgieron en la Rep\u00fablica Dominicana l\u00edderes como: Juan Bosch, Juancito Rodr\u00edguez, Miguel \u00c1ngel Ram\u00edrez, Juan Isidro Jimenes Grull\u00f3n y Leovigildo Cuello, entre otros. En el contexto internacional se encontraban: R\u00f3mulo Betancourt, Jos\u00e9 Figueres, Jacobo Arbenz, Rosendo Arg\u00fcello, Toribio Tijerino y Abelardo Cuadra. Estos enfrentaron las dictaduras de Trujillo en la Rep\u00fablica Dominicana, Somoza en Nicaragua, Jorge Ubico en Guatemala, Tiburcio Carias en Honduras, Mart\u00ednez Hern\u00e1ndez en El Salvador y P\u00e9rez Jim\u00e9nez en Venezuela. Durante la d\u00e9cada del cuarenta del siglo XX, esos l\u00edderes pol\u00edticos caribe\u00f1os prodemocr\u00e1ticos conformaron la llamada \u00abLegi\u00f3n del Caribe\u00bb, la cual represent\u00f3 la lucha antidictatorial en el Caribe en un periodo de transici\u00f3n entre la finalizaci\u00f3n de la Segunda Guerra Mundial y el inicio de la Guerra Fr\u00eda. En el aspecto geopol\u00edtico, los Gobiernos de la regi\u00f3n van a sentir la influencia de los Estados Unidos, nueva superpotencia mundial, que actuar\u00e1 en consonancia con su nueva doctrina de defensa anticomunista.<\/p>\n<p>El libro est\u00e1 dividido en cinco cap\u00edtulos, cada uno dedicado a cada a\u00f1o del quinquenio que trabaj\u00f3 el autor: I.- 1946: Mister Braden agita el avispero; II.- 1947: Cayo Confites; III.- 1948: Costa Rica; IV.- 1949: Luper\u00f3n; y V.- 1950: La OEA pone la tapa al caldero. Como podemos ver, los a\u00f1os 1947 y 1949, Ameringer los dedic\u00f3 a dos importantes sucesos acontecidos en la Rep\u00fablica Dominicana, y eso no es de extra\u00f1ar, ya que la participaci\u00f3n de los exiliados dominicanos en la \u00abLegi\u00f3n del Caribe\u00bb fue de cimera relevancia. Esta obra cuenta con cuatro ap\u00e9ndices, uno m\u00e1s que la edici\u00f3n en ingl\u00e9s, porque para esta edici\u00f3n en espa\u00f1ol se agregaron fotograf\u00edas \u2013Ap\u00e9ndice D\u2013 que ser\u00e1n de valiosa utilidad para los lectores.<\/p>\n<p>Con la publicaci\u00f3n de este libro, la Academia Dominicana de la Historia, pone a la disposici\u00f3n del p\u00fablico hispanoparlante un trabajo de alta calidad investigativa, que nos arroja luces sobre una organizaci\u00f3n pol\u00edtico-militar que ha sido casi olvidada, y ciertamente, poco estudiada desde la perspectiva en la que el profesor Ameringer lo hace.<\/p>\n","protected":false},"excerpt":{"rendered":"<p>Jes\u00fas R. Navarro (D. Libre, 29-10-16) &nbsp; El 16 de agOSTO\u00a0de este a\u00f1o la Academia Dominicana de la Historia celebr\u00f3 su octog\u00e9simo quinto aniversario de fundada, durante ese tiempo esta instituci\u00f3n ha conformado una colecci\u00f3n editorial que supera los 140 vol\u00famenes. Desde el 2001 la Academia a\u00f1adi\u00f3, a su ya importante colecci\u00f3n, la cantidad de [&hellip;]<\/p>\n","protected":false},"author":1,"featured_media":24314,"comment_status":"open","ping_status":"open","sticky":false,"template":"","format":"standard","meta":{"footnotes":""},"categories":[18,16],"tags":[],"class_list":["post-24312","post","type-post","status-publish","format-standard","has-post-thumbnail","hentry","category-cultura","category-libros"],"_links":{"self":[{"href":"https:\/\/debateplural.net\/site\/wp-json\/wp\/v2\/posts\/24312"}],"collection":[{"href":"https:\/\/debateplural.net\/site\/wp-json\/wp\/v2\/posts"}],"about":[{"href":"https:\/\/debateplural.net\/site\/wp-json\/wp\/v2\/types\/post"}],"author":[{"embeddable":true,"href":"https:\/\/debateplural.net\/site\/wp-json\/wp\/v2\/users\/1"}],"replies":[{"embeddable":true,"href":"https:\/\/debateplural.net\/site\/wp-json\/wp\/v2\/comments?post=24312"}],"version-history":[{"count":1,"href":"https:\/\/debateplural.net\/site\/wp-json\/wp\/v2\/posts\/24312\/revisions"}],"predecessor-version":[{"id":24315,"href":"https:\/\/debateplural.net\/site\/wp-json\/wp\/v2\/posts\/24312\/revisions\/24315"}],"wp:featuredmedia":[{"embeddable":true,"href":"https:\/\/debateplural.net\/site\/wp-json\/wp\/v2\/media\/24314"}],"wp:attachment":[{"href":"https:\/\/debateplural.net\/site\/wp-json\/wp\/v2\/media?parent=24312"}],"wp:term":[{"taxonomy":"category","embeddable":true,"href":"https:\/\/debateplural.net\/site\/wp-json\/wp\/v2\/categories?post=24312"},{"taxonomy":"post_tag","embeddable":true,"href":"https:\/\/debateplural.net\/site\/wp-json\/wp\/v2\/tags?post=24312"}],"curies":[{"name":"wp","href":"https:\/\/api.w.org\/{rel}","templated":true}]}}