{"id":24374,"date":"2018-04-26T12:20:25","date_gmt":"2018-04-26T16:20:25","guid":{"rendered":"http:\/\/debateplural.com\/?p=24374"},"modified":"2018-04-26T12:20:25","modified_gmt":"2018-04-26T16:20:25","slug":"hay-fidel-para-rato-y-ii","status":"publish","type":"post","link":"https:\/\/debateplural.net\/site\/2018\/04\/26\/hay-fidel-para-rato-y-ii\/","title":{"rendered":"Hay Fidel para rato (y II)"},"content":{"rendered":"<p>Angel Guerra (teleSur, 26-4-18)<\/p>\n<p>&nbsp;<\/p>\n<p>La sucesi\u00f3n presidencial en Cuba ha estado marcada por la continuidad de la Revoluci\u00f3n y el socialismo como objetivo principal del nuevo gobierno. Tambi\u00e9n por la anticipada planificaci\u00f3n del tr\u00e1nsito generacional. No dejar al espontane\u00edsmo la idoneidad y representatividad en los cargos electivos y no electivos. Cuidar que reflejen la composici\u00f3n social, etaria, de g\u00e9nero y \u00e9tnica del pa\u00eds: j\u00f3venes, mujeres, negros, mestizos, cient\u00edficos, intelectuales y personas de la tercera edad. Es lo m\u00e1s democr\u00e1tico y es crucial porque los gobernantes cubanos deber\u00e1n continuar lidiando por tiempo indefinido con la hostilidad de Estados Unidos. Hacerlo requiere de los l\u00edderes y \u00f3rganos dirigentes una combinaci\u00f3n de firmeza en los principios y flexibilidad pol\u00edtica de la que ning\u00fan improvisado es capaz. Contrariamente a lo que podr\u00eda pensarse desde una postura liberal, en la isla este proceso y el de toma de decisiones, no solo son muy democr\u00e1ticos; pueden serlo cada vez m\u00e1s. As\u00ed se plasmar\u00e1 en la nueva Constituci\u00f3n de la rep\u00fablica, cuyo proyecto ser\u00e1 consultado a los electores y luego sometido a referendo.<\/p>\n<p>Ello se desprende de los complementarios y fundamentales discursos pronunciados despu\u00e9s de la elecci\u00f3n del Consejo de Estado por el nuevo presidente D\u00edaz-Canel y por Ra\u00fal Castro en su condici\u00f3n de primer secretario del Partido Comunista de Cuba(PCC) hasta 2021. Como tambi\u00e9n es evidente la inconformidad y aguda mirada autocr\u00edtica de Ra\u00fal y D\u00edaz-Canel con lo logrado. Igual, quien hable con personas del pueblo llano, con profesionales, intelectuales y artistas, e incluso con los nuevos peque\u00f1os empresarios privados sabe que sus frecuentes opiniones cr\u00edticas van, en su mayor\u00eda, dirigidas a preservar las conquistas revolucionarias y perfeccionar la construcci\u00f3n socialista. Ellos no desean el regreso al capitalismo. Instrumento probado e imprescindible de unidad y cohesi\u00f3n nacional, continuar\u00e1 el papel del PCC como fuerza dirigente superior de la sociedad.<\/p>\n<p>Con la ratificaci\u00f3n de Esteban Lazo como presidente, Ana Mar\u00eda Mari Machado, vicepresidenta y Miriam Brito, secretaria, la Asamblea Nacional del Poder Popular(ANPP) se dota de su \u00f3rgano directivo. Esta elecci\u00f3n y la del Consejo de Estado, su presidente, 6 vicepresidentes y secretario ha sido precedida de un proceso electoral muy participativo. En este caso el proceso ha durado 10 meses desde que en junio de 2017 el Consejo de Estado anunciara la convocatoria a elecciones generales. Esto implica, como primer paso, la elecci\u00f3n de los delegados de circunscripci\u00f3n(concejales), realizada el 22 y 29 de octubre, la segunda fecha para los casos en que se requiri\u00f3 una segunda vuelta por no haber alcanzado m\u00e1s del 50 por ciento de los votos ninguno de los candidatos. Los delegados de circunscripci\u00f3n conforman las Asambleas Municipales del Poder Popular(AMPP) y son electos entre dos o m\u00e1s nominados por los vecinos en asambleas. En estos comicios fueron elegidos 12 215 delegados entre 27 271 candidatos.<\/p>\n<p>El 11 de marzo de 2018, resultaron electos 1265 delegados a las Asambleas Provinciales del Poder Popular y 605 diputados a la ANPP(parlamento unicameral), previamente nominados por las AMPP. De ellos, el 47.4 son delegados de circunscripci\u00f3n. A estos pasos los antecedi\u00f3 la constituci\u00f3n de las Comisiones Electorales y las Comisiones de Candidatura desde la circunscripci\u00f3n a la instancia nacional, y sus intensos procesos de capacitaci\u00f3n. El proceso se gu\u00eda por lo dispuesto en la Constituci\u00f3n y la ley electoral y las comisiones las forman representantes de todas las organizaciones de masa, incluyendo de mujeres, vecinos, las centrales sindical, campesina y las organizaciones estudiantiles. Imposible explicar en este espacio todos los detalles que muestran la riqueza pol\u00edtica y car\u00e1cter democr\u00e1tico de este proceso.<\/p>\n<p>La participaci\u00f3n en las elecciones del 11 de marzo, en un pa\u00eds donde el voto es voluntario, fue de 85.65 por ciento, superior a la de las elecciones de 2012-2013 y probablemente la m\u00e1s alta del mundo. Los votos v\u00e1lidos ascendieron casi a 92 por ciento. El parlamento qued\u00f3 integrado por un 59.34 por ciento de blancos, un 40.66 de negros y mestizos y un 53.22 de mujeres.<\/p>\n<p>Cuba continuar\u00e1 con una pol\u00edtica exterior independiente, solidaria, latinoamericanista, favorable a la unidad e integraci\u00f3n de nuestra Am\u00e9rica, a la paz mundial y al multipolarismo. \u00bfQui\u00e9n dijo que Fidel ha muerto? Sus ideas, vivas y llamadas a ser enriquecidas, contin\u00faan trazando el presente y el futuro de la patria.<\/p>\n","protected":false},"excerpt":{"rendered":"<p>Angel Guerra (teleSur, 26-4-18) &nbsp; La sucesi\u00f3n presidencial en Cuba ha estado marcada por la continuidad de la Revoluci\u00f3n y el socialismo como objetivo principal del nuevo gobierno. Tambi\u00e9n por la anticipada planificaci\u00f3n del tr\u00e1nsito generacional. No dejar al espontane\u00edsmo la idoneidad y representatividad en los cargos electivos y no electivos. Cuidar que reflejen la [&hellip;]<\/p>\n","protected":false},"author":1,"featured_media":22361,"comment_status":"open","ping_status":"open","sticky":false,"template":"","format":"standard","meta":{"footnotes":""},"categories":[14,12],"tags":[],"class_list":["post-24374","post","type-post","status-publish","format-standard","has-post-thumbnail","hentry","category-internacionales","category-politica-3"],"_links":{"self":[{"href":"https:\/\/debateplural.net\/site\/wp-json\/wp\/v2\/posts\/24374"}],"collection":[{"href":"https:\/\/debateplural.net\/site\/wp-json\/wp\/v2\/posts"}],"about":[{"href":"https:\/\/debateplural.net\/site\/wp-json\/wp\/v2\/types\/post"}],"author":[{"embeddable":true,"href":"https:\/\/debateplural.net\/site\/wp-json\/wp\/v2\/users\/1"}],"replies":[{"embeddable":true,"href":"https:\/\/debateplural.net\/site\/wp-json\/wp\/v2\/comments?post=24374"}],"version-history":[{"count":1,"href":"https:\/\/debateplural.net\/site\/wp-json\/wp\/v2\/posts\/24374\/revisions"}],"predecessor-version":[{"id":24375,"href":"https:\/\/debateplural.net\/site\/wp-json\/wp\/v2\/posts\/24374\/revisions\/24375"}],"wp:featuredmedia":[{"embeddable":true,"href":"https:\/\/debateplural.net\/site\/wp-json\/wp\/v2\/media\/22361"}],"wp:attachment":[{"href":"https:\/\/debateplural.net\/site\/wp-json\/wp\/v2\/media?parent=24374"}],"wp:term":[{"taxonomy":"category","embeddable":true,"href":"https:\/\/debateplural.net\/site\/wp-json\/wp\/v2\/categories?post=24374"},{"taxonomy":"post_tag","embeddable":true,"href":"https:\/\/debateplural.net\/site\/wp-json\/wp\/v2\/tags?post=24374"}],"curies":[{"name":"wp","href":"https:\/\/api.w.org\/{rel}","templated":true}]}}