{"id":24450,"date":"2018-04-28T12:56:46","date_gmt":"2018-04-28T16:56:46","guid":{"rendered":"http:\/\/debateplural.com\/?p=24450"},"modified":"2018-05-01T09:59:20","modified_gmt":"2018-05-01T13:59:20","slug":"las-claves-de-la-declaracion-de-panmunjom-el-acuerdo-firmado-entre-corea-del-norte-y-corea-del-sur-fuente-emol-com-http-www-emol-com-noticias-internacional-2018-04-27-904145-las-claves-de-l","status":"publish","type":"post","link":"https:\/\/debateplural.net\/site\/2018\/04\/28\/las-claves-de-la-declaracion-de-panmunjom-el-acuerdo-firmado-entre-corea-del-norte-y-corea-del-sur-fuente-emol-com-http-www-emol-com-noticias-internacional-2018-04-27-904145-las-claves-de-l\/","title":{"rendered":"Las claves de la \"Declaraci\u00f3n de Panmunjom\", el acuerdo firmado entre Corea del Norte y Corea del Sur"},"content":{"rendered":"<p>Han pasado 65 a\u00f1os desde el cese al fuego entre Corea del Norte y Corea del Sur y, aunque se firm\u00f3 un armisticio, ambos pa\u00edses no han establecido un acuerdo de paz. En su intento por acercarse a ello el l\u00edder norcoreano, Kim Jong-un, y su par del Sur, Moon Jae-in, firmaron este viernes una declaraci\u00f3n conjunta en el marco de su in\u00e9dita reuni\u00f3n celebrada en la zona desmilitarizada surcoreana de Panmunjom.<\/p>\n<p>Con sus manos tomadas y alzadas al aire en signo de victoria, seguido de un abrazo, las dos m\u00e1ximas autoridades sellaron la firma del documento titulado \"Declaraci\u00f3n de Panmunjom para la Paz, la Prosperidad y la Unificaci\u00f3n de la Pen\u00ednsula Coreana\", que establece los nuevos compromisos que adquirir\u00e1n ambos pa\u00edses &#8211; en estricto rigor, a\u00fan en guerra- en esta nueva etapa.<\/p>\n<p>\"Los dos l\u00edderes declaran solemnemente ante 80 millones de coreanos y ante todo el mundo que no habr\u00e1 m\u00e1s guerra en la Pen\u00ednsula Coreana y que una nueva era de paz ha comenzado\", dice la declaraci\u00f3n que fue revelada despu\u00e9s de una jornada de reuniones que marcaron la primera visita de un jefe de Estado norcoreano al Sur desde 1953.<\/p>\n<p>A continuaci\u00f3n te mostramos las claves de hist\u00f3rico acuerdo.<\/p>\n<p>Desnuclearizaci\u00f3n de la pen\u00ednsula<\/p>\n<p>Uno de los objetivos m\u00e1s importantes que se hab\u00edan planteado para la cumbre ten\u00eda que ver con poner fin al programa nuclear de Corea del Norte \u2013 foco principal de sus disputas con EE.UU. \u2013, pero tambi\u00e9n eliminar el armamento nuclear que posee Corea del Sur, bajo el alero de Washington.<\/p>\n<p>\"Corea del Sur y Corea del Norte confirman el objetivo com\u00fan de obtener, a trav\u00e9s de una desnuclearizaci\u00f3n total, una pen\u00ednsula coreana no nuclear\", reza el texto. \"Comparten el punto de vista seg\u00fan el cual las medidas iniciadas por Corea del Norte son muy significativas y cruciales para la desnuclearizaci\u00f3n de la pen\u00ednsula coreana y acuerdan desempe\u00f1ar sus respectivos papeles y asumir sus responsabilidades en este sentido\", a\u00f1ade.<\/p>\n<p>Por \u00faltimo, el documento asegura que los dos estados \"acuerdan buscar activamente el apoyo y la cooperaci\u00f3n de la comunidad internacional con vistas a la desnuclearizaci\u00f3n de la pen\u00ednsula coreana\".<\/p>\n<p>R\u00e9gimen de paz y participaci\u00f3n de terceros<\/p>\n<p>En la declaraci\u00f3n, las Coreas dan cuenta de su compromiso por poner fin a las hostilidades que han mantenido desde el armisticio de 1953, asegurando que cooperar\u00e1n por establecer un r\u00e9gimen de paz en la pen\u00ednsula. En ese sentido, reafirmaron su acuerdo de \"no agresi\u00f3n\" y pactaron llevar a cabo un desarme por etapas \"a medida que las tensiones militares se apacig\u00fcen y que se realicen avances sustanciales para establecer la confianza militar\".<\/p>\n<p>Pero adem\u00e1s, en el texto, los dos pa\u00edses se hacen cargo de la participaci\u00f3n de estados extranjeros en la pacificaci\u00f3n de la zona, principalmente de dos potencias internacionales. \"Durante este a\u00f1o, que marca el 65\u00ba aniversario del armisticio, Corea del Sur y Corea del Norte acuerdan buscar activamente encuentros trilaterales que impliquen a las dos Coreas y a EE.UU.; o cuatripartitos implicando a las dos Coreas, EE.UU. y China, con vistas a declarar el fin de la guerra y establecer un r\u00e9gimen de paz permanente y s\u00f3lido\".<\/p>\n<p>Reencuentros familiares y reuniones<\/p>\n<p>Una de las materias m\u00e1s sensibles para los ciudadanos coreanos tiene que ver con la separaci\u00f3n de familias debido a la guerra. Una situaci\u00f3n que conoce de cerca el Presidente Moon Jae-in, quien proviene de una familia de refugiados norcoreanos.<\/p>\n<p>Ante ello, el documento establece que ambos estados se comprometen a \"intentar solucionar las cuestiones humanitarias resultantes de la divisi\u00f3n de la naci\u00f3n y organizar una reuni\u00f3n intercoreana de la Cruz Roja para discutir y solucionar diversas cuestiones, incluida la reuni\u00f3n de familias separadas\". Adem\u00e1s, consigna que continuar\u00e1 \u201cel programa de reuni\u00f3n de familias separadas con motivo del D\u00eda de la Liberaci\u00f3n Nacional, el 15 de agosto de este a\u00f1o\".<\/p>\n<p>Reuniones pol\u00edticas y deportivas<\/p>\n<p>En el plano internacional, las dos partes acordaron hacer demostraci\u00f3n de su sensatez, sus talentos y su solidaridad colectivas participando conjuntamente en eventos deportivos internacionales como los Juegos Asi\u00e1ticos de 2018&#8243;, dice el texto. La medida llega luego de que en febrero pasado, las Coreas decidieran que sus respectivas delegaciones desfilar\u00edan juntas en la apertura de los Juegos Ol\u00edmpicos de Invierno.<\/p>\n<p>Asimismo, como una forma de mantener la cooperaci\u00f3n entre ambos gobiernos, el texto consigna que se acord\u00f3 \"mantener discusiones regulares y francas a trav\u00e9s de encuentros y por contacto telef\u00f3nico directo sobre cuestiones vitales para la naci\u00f3n\".<\/p>\n<p>Ello, \"con el fin de reforzar la confianza mutua y buscar juntos el refuerzo del impulso positivo para continuar haciendo que avancen las relaciones intercoreanas, as\u00ed como la paz, la prosperidad y la unificaci\u00f3n de la pen\u00ednsula coreana\". Adem\u00e1s, se adelant\u00f3 que el Presidente Moon Jae-in acept\u00f3 realizar una visita a Pyongyang en \"oto\u00f1o\", es decir, entre los meses de septiembre y noviembre.<\/p>\n<p>&nbsp;<\/p>\n","protected":false},"excerpt":{"rendered":"<p>Han pasado 65 a\u00f1os desde el cese al fuego entre Corea del Norte y Corea del Sur y, aunque se firm\u00f3 un armisticio, ambos pa\u00edses no han establecido un acuerdo de paz. En su intento por acercarse a ello el l\u00edder norcoreano, Kim Jong-un, y su par del Sur, Moon Jae-in, firmaron este viernes una [&hellip;]<\/p>\n","protected":false},"author":1,"featured_media":24451,"comment_status":"open","ping_status":"open","sticky":false,"template":"","format":"standard","meta":{"footnotes":""},"categories":[14,12],"tags":[],"class_list":["post-24450","post","type-post","status-publish","format-standard","has-post-thumbnail","hentry","category-internacionales","category-politica-3"],"_links":{"self":[{"href":"https:\/\/debateplural.net\/site\/wp-json\/wp\/v2\/posts\/24450"}],"collection":[{"href":"https:\/\/debateplural.net\/site\/wp-json\/wp\/v2\/posts"}],"about":[{"href":"https:\/\/debateplural.net\/site\/wp-json\/wp\/v2\/types\/post"}],"author":[{"embeddable":true,"href":"https:\/\/debateplural.net\/site\/wp-json\/wp\/v2\/users\/1"}],"replies":[{"embeddable":true,"href":"https:\/\/debateplural.net\/site\/wp-json\/wp\/v2\/comments?post=24450"}],"version-history":[{"count":2,"href":"https:\/\/debateplural.net\/site\/wp-json\/wp\/v2\/posts\/24450\/revisions"}],"predecessor-version":[{"id":24453,"href":"https:\/\/debateplural.net\/site\/wp-json\/wp\/v2\/posts\/24450\/revisions\/24453"}],"wp:featuredmedia":[{"embeddable":true,"href":"https:\/\/debateplural.net\/site\/wp-json\/wp\/v2\/media\/24451"}],"wp:attachment":[{"href":"https:\/\/debateplural.net\/site\/wp-json\/wp\/v2\/media?parent=24450"}],"wp:term":[{"taxonomy":"category","embeddable":true,"href":"https:\/\/debateplural.net\/site\/wp-json\/wp\/v2\/categories?post=24450"},{"taxonomy":"post_tag","embeddable":true,"href":"https:\/\/debateplural.net\/site\/wp-json\/wp\/v2\/tags?post=24450"}],"curies":[{"name":"wp","href":"https:\/\/api.w.org\/{rel}","templated":true}]}}