{"id":2446,"date":"2015-12-09T16:48:30","date_gmt":"2015-12-09T16:48:30","guid":{"rendered":"http:\/\/debateplural.com\/?p=2446"},"modified":"2016-06-23T14:17:38","modified_gmt":"2016-06-23T14:17:38","slug":"cuatro-aviones-de-la-coalicion-vistos-cerca-del-lugar-del-ataque-contra-las-tropas-sirias","status":"publish","type":"post","link":"https:\/\/debateplural.net\/site\/2015\/12\/09\/cuatro-aviones-de-la-coalicion-vistos-cerca-del-lugar-del-ataque-contra-las-tropas-sirias\/","title":{"rendered":"Cuatro aviones de la coalici\u00f3n, vistos cerca del lugar del ataque contra las tropas sirias"},"content":{"rendered":"<div class=\"arcticle-summary\">\n<div id=\"attachment_2254\" style=\"width: 715px\" class=\"wp-caption aligncenter\"><img loading=\"lazy\" decoding=\"async\" aria-describedby=\"caption-attachment-2254\" class=\"size-full wp-image-2254\" src=\"http:\/\/tripletecnologia.com\/website\/debateplural\/wp-content\/uploads\/2015\/12\/avion-su-24-atacado-por-turquia-1.jpg\" alt=\"Avion Su-24 atacado por Turquia\" width=\"705\" height=\"397\" \/><p id=\"caption-attachment-2254\" class=\"wp-caption-text\">Avion Su-24 atacado por Turquia<\/p><\/div>\n<p style=\"text-align:justify;\">Cuatro aviones de combate de la coalici\u00f3n occidental fueron vistos en las inmediaciones de la localidad<a href=\"http:\/\/localhost\/debateplural\/tag\/siria\"> Siria<\/a> de Deir ez Zor, cerca del lugar del ataque contra las tropas sirias el 6 de diciembre, afirm\u00f3 el portavoz del Ministerio de Defensa de <a href=\"http:\/\/localhost\/debateplural\/tag\/rusia\">Rusia<\/a>, \u00cdgor Konash\u00e9nkov. No obstante, los representantes del Pent\u00e1gono prefieren no hablar de la presencia de estas aeronaves en la zona.<\/p>\n<\/div>\n<p><!--more--><\/p>\n<div class=\"arcticle-content\">\n<p style=\"text-align:justify;\">Seg\u00fan el Estado Mayor sirio, el ataque del 6 de diciembre se sald\u00f3 con 4 muertos y 12 heridos. Adem\u00e1s, fueron destruidos tres veh\u00edculos de combate de infanter\u00eda y cuatro veh\u00edculos equipados con ametralladoras pesadas. Damasco asegura que <a href=\"https:\/\/actualidad.rt.com\/actualidad\/193593-siria-onu-condenar-ataque-coalicion-ejercito\" target=\"_blank\" rel=\"up\">el ataque a\u00e9reo<\/a>\u00a0contra las posiciones de sus tropas fue realizado por la coalici\u00f3n liderada por Washington.<\/p>\n<h3 style=\"text-align:justify;\">Aviones rusos no estaban en la zona<\/h3>\n<p style=\"text-align:justify;\">La agencia Reuters inform\u00f3, citando a fuentes an\u00f3nimas en el Pent\u00e1gono, sobre la posible participaci\u00f3n de aviones rusos en el ataque a\u00e9reo contra las posiciones de las tropas gubernamentales sirias en la zona de Deir ez Zor el pasado 6 de diciembre.<\/p>\n<p style=\"text-align:justify;\">Konash\u00e9nkov afirma que los aparatos de la Fuerza A\u00e9rea rusa no se encontraban en el \u00e1rea en el momento del ataque.\u00a0Seg\u00fan el portavoz ministerial ruso, todas las operaciones a\u00e9reas rusas est\u00e1n coordinadas con el Estado Mayor sirio. Adem\u00e1s, de acuerdo con el memorando, las fuerzas rusas comunican a los representantes de la Fuerza A\u00e9rea de <a href=\"http:\/\/localhost\/debateplural\/tag\/estados-unidos\">Estados Unidos<\/a> sobre el tiempo, la altitud de vuelo y rutas de sus aviones en el cielo sirio.<\/p>\n<h3 style=\"text-align:justify;\">\u00bfPor qu\u00e9 el Pent\u00e1gono no habla de los aviones de la coalici\u00f3n?<\/h3>\n<p style=\"text-align:justify;\">Por su parte, el Pent\u00e1gono ha reconocido que en aquel momento las aeronaves estadounidenses sobrevolaban en la zona, pero su objetivo estaba a unos 55 kil\u00f3metros del lugar del ataque.<\/p>\n<p style=\"text-align:justify;\">No obstante, en los cielos de Deir ez Zor tambi\u00e9n hab\u00eda otros cuatro aviones de combate de dos pa\u00edses de la coalici\u00f3n antiterrorista, liderada por EE.UU.<\/p>\n<p style=\"text-align:justify;\">\"Si ellos no est\u00e1n involucrados en este ataque, \u00bfpor qu\u00e9 los representantes del Pent\u00e1gono, as\u00ed como l\u00edderes de la coalici\u00f3n contra el <a href=\"http:\/\/localhost\/debateplural\/tag\/estado-islamico\">Estado Isl\u00e1mico<\/a>, no hablan de la presencia el 6 de diciembre de los aviones de sus aliados en las inmediaciones de Deir ez Zor?\", se pregunta el portavoz ministerial.<\/p>\n<p style=\"text-align:justify;\">Konash\u00e9nkov considera que es posible que las autoridades de EE.UU. prefieran no mencionar la presencia de los aviones de sus aliados en el lugar, porque las fuerzas de la coalici\u00f3n reciben toda la informaci\u00f3n sobre los objetivos del Estado Isl\u00e1mico del Pent\u00e1gono.<\/p>\n<h3 style=\"text-align:justify;\">\"Medios extranjeros distraen al p\u00fablico de la tragedia del Su-24 con varios rumores\"<\/h3>\n<p style=\"text-align:justify;\">\"Despu\u00e9s del ataque del caza turco F-16 al bombardero ruso Su-24, algunos medios de comunicaci\u00f3n extranjeros han tratado de distraer al p\u00fablico de la tragedia con varios rumores. Inicialmente, un peri\u00f3dico kuwait\u00ed poco conocido public\u00f3 informaci\u00f3n de la agencia Reuters sobre el supuesto despliegue de una nueva base a\u00e9rea rusa cerca de Shayrat\", indic\u00f3\u00a0Konash\u00e9nkov.<\/p>\n<p style=\"text-align:justify;\">No obstante,\u00a0Mosc\u00fa\u00a0<a href=\"https:\/\/actualidad.rt.com\/actualidad\/193713-rusia-desplegar-bases-aereas-siria\" target=\"_blank\" rel=\"up\">no tiene la intenci\u00f3n<\/a>\u00a0de desplegar bases a\u00e9reas adicionales en Siria dado que no es necesario.<\/p>\n<p style=\"text-align:justify;\">\"Desde la base a\u00e9rea de Jmeimim en Siria, donde tiene base el grupo de aviaci\u00f3n ruso, se tardar\u00eda solo unos 30-40 minutos de vuelo en llegar hasta cualquier punto del pa\u00eds. Por lo tanto, no hay necesidad operativa para desplegar bases a\u00e9reas adicionales en el territorio de Siria\", explic\u00f3 el\u00a0portavoz.<\/p>\n<\/div>\n","protected":false},"excerpt":{"rendered":"<p>Cuatro aviones de combate de la coalici\u00f3n occidental fueron vistos en las inmediaciones de la localidad Siria de Deir ez Zor, cerca del lugar del ataque contra las tropas sirias el 6 de diciembre, afirm\u00f3 el portavoz del Ministerio de Defensa de Rusia, \u00cdgor Konash\u00e9nkov. No obstante, los representantes del Pent\u00e1gono prefieren no hablar de [&hellip;]<\/p>\n","protected":false},"author":1,"featured_media":8304,"comment_status":"open","ping_status":"open","sticky":false,"template":"","format":"standard","meta":{"footnotes":""},"categories":[14],"tags":[54,8,40,41],"class_list":["post-2446","post","type-post","status-publish","format-standard","has-post-thumbnail","hentry","category-internacionales","tag-estado-islamico","tag-estados-unidos","tag-rusia","tag-siria"],"_links":{"self":[{"href":"https:\/\/debateplural.net\/site\/wp-json\/wp\/v2\/posts\/2446"}],"collection":[{"href":"https:\/\/debateplural.net\/site\/wp-json\/wp\/v2\/posts"}],"about":[{"href":"https:\/\/debateplural.net\/site\/wp-json\/wp\/v2\/types\/post"}],"author":[{"embeddable":true,"href":"https:\/\/debateplural.net\/site\/wp-json\/wp\/v2\/users\/1"}],"replies":[{"embeddable":true,"href":"https:\/\/debateplural.net\/site\/wp-json\/wp\/v2\/comments?post=2446"}],"version-history":[{"count":1,"href":"https:\/\/debateplural.net\/site\/wp-json\/wp\/v2\/posts\/2446\/revisions"}],"predecessor-version":[{"id":8305,"href":"https:\/\/debateplural.net\/site\/wp-json\/wp\/v2\/posts\/2446\/revisions\/8305"}],"wp:featuredmedia":[{"embeddable":true,"href":"https:\/\/debateplural.net\/site\/wp-json\/wp\/v2\/media\/8304"}],"wp:attachment":[{"href":"https:\/\/debateplural.net\/site\/wp-json\/wp\/v2\/media?parent=2446"}],"wp:term":[{"taxonomy":"category","embeddable":true,"href":"https:\/\/debateplural.net\/site\/wp-json\/wp\/v2\/categories?post=2446"},{"taxonomy":"post_tag","embeddable":true,"href":"https:\/\/debateplural.net\/site\/wp-json\/wp\/v2\/tags?post=2446"}],"curies":[{"name":"wp","href":"https:\/\/api.w.org\/{rel}","templated":true}]}}