{"id":24715,"date":"2018-05-11T12:29:32","date_gmt":"2018-05-11T16:29:32","guid":{"rendered":"http:\/\/debateplural.com\/?p=24715"},"modified":"2018-05-11T12:29:32","modified_gmt":"2018-05-11T16:29:32","slug":"cuba-reitera-su-compromiso-con-la-cooperacion-solidaria","status":"publish","type":"post","link":"https:\/\/debateplural.net\/site\/2018\/05\/11\/cuba-reitera-su-compromiso-con-la-cooperacion-solidaria\/","title":{"rendered":"Cuba reitera su compromiso con la cooperaci\u00f3n solidaria"},"content":{"rendered":"<div class=\"entradilla\">Miguel D\u00edaz-Canel Berm\u00fadez (Cubadebate, 10-5-18)<\/div>\n<p>&nbsp;<\/p>\n<p>Discurso pronunciado por Miguel D\u00edaz-Canel Berm\u00fadez, Presidente de los Consejos de Estado y de Ministros de la Rep\u00fablica de Cuba, en la inauguraci\u00f3n del Trig\u00e9simo S\u00e9ptimo Per\u00edodo de Sesiones de la Comisi\u00f3n Econ\u00f3mica para Am\u00e9rica Latina y el Caribe (Cepal), en el Palacio de Convenciones, el 8 de mayo de 2 018, \u201cA\u00f1o 60 de la Revoluci\u00f3n\u201d. (Versiones Taquigr\u00e1ficas \u2013 Consejo de Estado)<\/p>\n<div id=\"TextoNoticia\">\n<p>Excelent\u00edsimo se\u00f1or Ant\u00f3nio Guterres, secretario general de las Naciones Unidas:<\/p>\n<p>Excelent\u00edsima se\u00f1ora Alicia B\u00e1rcena, secretaria ejecutiva de la Cepal:<\/p>\n<p>Distinguidos ministros, jefes de delegaciones, delegados e invitados:<\/p>\n<p>Perm\u00edtanme darles la bienvenida a nuestro pa\u00eds, que se honra en acoger este 37 per\u00edodo de sesiones con la presencia de todos ustedes.<\/p>\n<p>Quisiera destacar la importancia de esta reuni\u00f3n, que se efect\u00faa al calor del aniversario 70 de la Cepal. Se cumplen 10 a\u00f1os, adem\u00e1s, de que la se\u00f1ora Alicia B\u00e1rcena asumiera la conducci\u00f3n de la Comisi\u00f3n, y cuyos \u00e9xitos al frente de esta son dignos de felicitaci\u00f3n.<\/p>\n<p>La Cepal, que ha constituido durante d\u00e9cadas un referente del conocimiento econ\u00f3mico y social en la Am\u00e9rica Latina y el Caribe, a nivel regional y global, ha contribuido decisivamente a situar la equidad en el centro del desarrollo, ha demostrado que la regi\u00f3n sigue siendo la m\u00e1s desigual del planeta, y ha estudiado determinadas causas estructurales del problema, que seguramente ser\u00e1n abordadas en esta reuni\u00f3n.<\/p>\n<p>Es preciso transformar la cultura de la desigualdad, asociada al pasado colonial de nuestras naciones y que particularmente afecta a las poblaciones ind\u00edgenas, personas afrodescendientes, a las ni\u00f1as y a las mujeres. Es tambi\u00e9n, en nuestra opini\u00f3n, consecuencia del imperialismo, el neoliberalismo, de pol\u00edticas macroecon\u00f3micas que durante d\u00e9cadas favorecieron a las transnacionales e hicieron m\u00e1s profundas las diferencias: de clases, por el color de la piel, territorios y poblaci\u00f3n urbana y rural.<\/p>\n<p>Habr\u00e1 que enfrentar asimismo serios desaf\u00edos que incluyen el lento crecimiento de la productividad, la falta de diversificaci\u00f3n de la estructura productiva y la pobre modernizaci\u00f3n tecnol\u00f3gica.<\/p>\n<p>No hay m\u00e1s opci\u00f3n que avanzar en la integraci\u00f3n regional y el desarrollo con equidad, que nos conduzcan a revertir la pir\u00e1mide por la cual, en los principales pa\u00edses de la regi\u00f3n, el 1 % m\u00e1s rico de la poblaci\u00f3n se apropia de una enorme parte de las riquezas.<\/p>\n<p>Cuando en febrero de 2010 decidimos la creaci\u00f3n de la Comunidad de Estados Latinoamericanos y Caribe\u00f1os (Celac), con la que los pa\u00edses de Nuestra Am\u00e9rica destacamos la intenci\u00f3n de promover la unidad en la diversidad, nos comprometimos a \u201cconcentrar los esfuerzos de pol\u00edtica social en la poblaci\u00f3n en situaci\u00f3n de mayor vulnerabilidad para responder al desaf\u00edo de la pobreza, la desigualdad y el hambre, y alcanzar el mayor desarrollo econ\u00f3mico y social de los pueblos latinoamericanos y caribe\u00f1os sobre la base de la integralidad, la no discriminaci\u00f3n y el reconocimiento de la persona como sujeto de derecho. Continuaremos impulsando, por lo tanto, pol\u00edticas de desarrollo social para asegurar dentro de los \u00e1mbitos nacionales un enfoque que priorice los programas dirigidos a la reducci\u00f3n de la pobreza, la desigualdad y el hambre\u201d.<\/p>\n<p>La Proclama de la Am\u00e9rica Latina y el Caribe como Zona de Paz traza una ruta indispensable. Sabemos que no habr\u00e1 desarrollo sin paz, ni paz sin desarrollo.<\/p>\n<p>Estimados delegados:<\/p>\n<p>Como bien apunta el informe preparado por la Cepal, \u00abla desigualdad tiene no solo implicaciones econ\u00f3micas, sino tambi\u00e9n pol\u00edticas, sociales y culturales\u00bb.<\/p>\n<p>La distribuci\u00f3n de los ingresos y la riqueza constituye el elemento central para cerrar esa brecha y para ello ha de garantizarse por parte de los Estados el acceso de todos a la alimentaci\u00f3n, al trabajo, a la educaci\u00f3n de calidad, a la salud, a la cultura y a mejores condiciones de existencia.<\/p>\n<p>Si bien es cierto que debemos abordar, como reza el tema central de esta reuni\u00f3n, \u00abla ineficiencia de la desigualdad\u00bb, el verdadero objetivo tiene que ser la \u00abb\u00fasqueda de la igualdad de oportunidades y la justicia social\u00bb y, por consiguiente, la reducci\u00f3n y eliminaci\u00f3n de la creciente pobreza, que padecen cientos de millones de latinoamericanos y caribe\u00f1os.<\/p>\n<p>La historia reciente de la regi\u00f3n demostr\u00f3 que pol\u00edticas p\u00fablicas adecuadas condujeron a exitosos resultados de progreso social y crecimiento econ\u00f3mico que sacaron del hambre, el analfabetismo y la incultura a decenas de millones de personas, como registran los informes de la Cepal. Ser\u00eda inadmisible y cruel el intento de imponer una oleada neoliberal como la que ya hizo retroceder una d\u00e9cada a nuestros pueblos.<\/p>\n<p>Es preciso luchar por convertir en realidad el tema que preside la Agenda de Desarrollo Sostenible 2030, o sea, que realmente no se \u201cdeje a nadie atr\u00e1s\u201d.<\/p>\n<p>Con el Acuerdo de Par\u00eds se puede haber iniciado un camino conducente al enfrentamiento al cambio clim\u00e1tico, que nos afecta a todos en una u otra medida; pero en los Estados del Caribe estas amenazas se multiplican e imponen enormes tensiones a sus econom\u00edas que requieren un trato especial y diferenciado, y, a la vez, mayor apoyo, solidaridad y cooperaci\u00f3n.<\/p>\n<p>Es esencial que, al abordar el tema de la desigualdad, tambi\u00e9n lo hagamos con el acceso al conocimiento.<\/p>\n<p>Las tecnolog\u00edas de la informaci\u00f3n y las comunicaciones favorecen el desarrollo. Para reducir la separaci\u00f3n entre \u00ablos que tienen\u00bb y \u00ablos que no tienen\u00bb, y entre pa\u00edses ricos y pobres, ser\u00e1 fundamental tratar de eliminar la diferencia entre \u201clos que saben\u201d y \u201clos que no saben\u201d, entre el conocimiento y la ignorancia.<\/p>\n<p>Debemos apostar por un uso de dichas tecnolog\u00edas que promueva la solidaridad social, cree valores, contribuya a la paz y a la sostenibilidad econ\u00f3mica, cultural y pol\u00edtica de nuestras naciones.<\/p>\n<p>Del mismo modo, nos obliga a la reflexi\u00f3n y el an\u00e1lisis permanente la creciente monopolizaci\u00f3n de los medios y el intento de imponer, a trav\u00e9s de ellos, un pensamiento \u00fanico, el consumismo, la manipulaci\u00f3n de la voluntad de las personas y valores muy alejados de las realidades y aspiraciones de nuestros pa\u00edses.<\/p>\n<p>Distinguidas delegaciones:<\/p>\n<p>Por nuestra parte, a pesar de las dificultades que enfrenta la econom\u00eda cubana, muy particularmente debido al recrudecimiento del bloqueo impuesto contra Cuba por casi seis d\u00e9cadas, seguiremos enfocados en las metas de desarrollo fijadas a fin de preservar, ampliar y profundizar los logros obtenidos.<\/p>\n<p>Trabajamos en la elaboraci\u00f3n de un Plan Nacional de Desarrollo Econ\u00f3mico y Social hasta 2030, cuyos ejes estrat\u00e9gicos est\u00e1n entrelazados con los Objetivos de Desarrollo Sostenible, como parte del proceso de actualizaci\u00f3n del Modelo Econ\u00f3mico y Social, iniciado en el a\u00f1o 2011, regido por la premisa inviolable de no dejar a ning\u00fan ciudadano desamparado. Nunca aplicaremos las conocidas terapias de choque que solo afectan a los m\u00e1s necesitados.<\/p>\n<p>De manera particular, reiteramos en este foro el compromiso de Cuba con la cooperaci\u00f3n solidaria hacia otros pa\u00edses, sobre la base del respeto mutuo, la ayuda desinteresada y la complementariedad. Pese a carencias y dificultades, mantendremos esta voluntad, siguiendo el principio de compartir lo que tenemos, no lo que nos sobra.<\/p>\n<p>Hemos recibido la presidencia pro t\u00e9mpore de la Cepal para el per\u00edodo 2018-2020, y de dos de sus \u00f3rganos subsidiarios: el Comit\u00e9 de Cooperaci\u00f3n Sur-Sur y el Foro de los Pa\u00edses de Am\u00e9rica Latina y el Caribe sobre Desarrollo Sostenible.<\/p>\n<p>Lo hacemos con un alto compromiso y conciencia de los retos que enfrentamos, enfocados en continuar promoviendo la cooperaci\u00f3n entre los pa\u00edses de la regi\u00f3n en la materializaci\u00f3n de la nueva Agenda 2030. Pondremos nuestros esfuerzos en apoyar la vocaci\u00f3n de la Cepal de impulsar la b\u00fasqueda de un mundo justo, equitativo e inclusivo que reconozca a las personas como el elemento central del desarrollo sostenible. Nos esforzaremos por promover la unidad dentro de la diversidad.<\/p>\n<p>Deseo reconocer al gobierno mexicano por el trabajo desarrollado desde el Trig\u00e9simo Sexto Per\u00edodo de Sesiones durante su mandato como Presidente pro t\u00e9mpore de la Comisi\u00f3n.<\/p>\n<p>Les deseo \u00e9xitos en las sesiones de trabajo que sostendr\u00e1n en los pr\u00f3ximos d\u00edas y les reitero el firme compromiso de Cuba con la Cepal, con la integraci\u00f3n latinoamericana y caribe\u00f1a, con la hermandad y la solidaridad entre nuestras naciones y en la lucha com\u00fan por el desarrollo econ\u00f3mico y social de la Am\u00e9rica Latina y el Caribe, ratificando la tesis de Jos\u00e9 Mart\u00ed: \u00abes preferible el bien de muchos a la opulencia de pocos\u00bb.<\/p>\n<p>Muchas gracias<\/p>\n<\/div>\n","protected":false},"excerpt":{"rendered":"<p>Miguel D\u00edaz-Canel Berm\u00fadez (Cubadebate, 10-5-18) &nbsp; Discurso pronunciado por Miguel D\u00edaz-Canel Berm\u00fadez, Presidente de los Consejos de Estado y de Ministros de la Rep\u00fablica de Cuba, en la inauguraci\u00f3n del Trig\u00e9simo S\u00e9ptimo Per\u00edodo de Sesiones de la Comisi\u00f3n Econ\u00f3mica para Am\u00e9rica Latina y el Caribe (Cepal), en el Palacio de Convenciones, el 8 de mayo [&hellip;]<\/p>\n","protected":false},"author":1,"featured_media":23928,"comment_status":"open","ping_status":"open","sticky":false,"template":"","format":"standard","meta":{"footnotes":""},"categories":[14,12],"tags":[],"class_list":["post-24715","post","type-post","status-publish","format-standard","has-post-thumbnail","hentry","category-internacionales","category-politica-3"],"_links":{"self":[{"href":"https:\/\/debateplural.net\/site\/wp-json\/wp\/v2\/posts\/24715"}],"collection":[{"href":"https:\/\/debateplural.net\/site\/wp-json\/wp\/v2\/posts"}],"about":[{"href":"https:\/\/debateplural.net\/site\/wp-json\/wp\/v2\/types\/post"}],"author":[{"embeddable":true,"href":"https:\/\/debateplural.net\/site\/wp-json\/wp\/v2\/users\/1"}],"replies":[{"embeddable":true,"href":"https:\/\/debateplural.net\/site\/wp-json\/wp\/v2\/comments?post=24715"}],"version-history":[{"count":1,"href":"https:\/\/debateplural.net\/site\/wp-json\/wp\/v2\/posts\/24715\/revisions"}],"predecessor-version":[{"id":24716,"href":"https:\/\/debateplural.net\/site\/wp-json\/wp\/v2\/posts\/24715\/revisions\/24716"}],"wp:featuredmedia":[{"embeddable":true,"href":"https:\/\/debateplural.net\/site\/wp-json\/wp\/v2\/media\/23928"}],"wp:attachment":[{"href":"https:\/\/debateplural.net\/site\/wp-json\/wp\/v2\/media?parent=24715"}],"wp:term":[{"taxonomy":"category","embeddable":true,"href":"https:\/\/debateplural.net\/site\/wp-json\/wp\/v2\/categories?post=24715"},{"taxonomy":"post_tag","embeddable":true,"href":"https:\/\/debateplural.net\/site\/wp-json\/wp\/v2\/tags?post=24715"}],"curies":[{"name":"wp","href":"https:\/\/api.w.org\/{rel}","templated":true}]}}