{"id":2498,"date":"2015-12-11T21:37:59","date_gmt":"2015-12-11T21:37:59","guid":{"rendered":"http:\/\/debateplural.com\/?p=2498"},"modified":"2016-10-03T16:25:50","modified_gmt":"2016-10-03T20:25:50","slug":"el-actual-gobierno-dominicano-de-danilo-medina-inicia-el-proceso-de-privatizacion-de-las-dos-plantas-a-carbon-mineral-que-se-construyen-en-el-sitio-punta-catalina-provincia-peravia","status":"publish","type":"post","link":"https:\/\/debateplural.net\/site\/2015\/12\/11\/el-actual-gobierno-dominicano-de-danilo-medina-inicia-el-proceso-de-privatizacion-de-las-dos-plantas-a-carbon-mineral-que-se-construyen-en-el-sitio-punta-catalina-provincia-peravia\/","title":{"rendered":"El actual gobierno dominicano de Danilo Medina inicia el proceso de privatizaci\u00f3n de las dos plantas a carb\u00f3n mineral que se construyen en el sitio Punta Catalina, Provincia Peravia"},"content":{"rendered":"<p><strong>Por: Angel Moreta (Autor-Editor)<\/strong><\/p>\n<p style=\"text-align: justify;\">En ocasiones anteriores hemos hecho referencia a las posibilidades concretas de que el actual gobierno reeleccionista del candidato-presidente <a href=\"http:\/\/localhost\/debateplural\/tag\/danilo-medina\">Danilo Medina<\/a> decidiera la suerte del proyecto de construcci\u00f3n de dos plantas a carb\u00f3n mineral que se construyen en el sitio <a href=\"http:\/\/localhost\/debateplural\/tag\/punta-catalina\">Punta Catalina<\/a> de la Provincia Peravia, en el sentido de su privatizaci\u00f3n.<!--more--><\/p>\n<p style=\"text-align: justify;\">Ahora, concretamente el mismo presidente-candidato anuncia p\u00fablicamente la posibilidad de que las \u00e9lites empresariales interesadas en el negocio el\u00e9ctrico participen con sus inversiones de capital en el referido proyecto de las termoel\u00e9ctricas. El presidente Medina acaba de invitar al empresariado a invertir en las plantas a carb\u00f3n mineral, que se construyen en terrenos de la familia Vicini, lo cual quiere decir que dicha obra de generaci\u00f3n el\u00e9ctrica tiene el destino de la privatizaci\u00f3n en manos capitalistas privadas.<\/p>\n<p style=\"text-align: justify;\">Hemos establecido con anterioridad en distintos art\u00edculos sobre el proceso de privatizaci\u00f3n en <a href=\"http:\/\/localhost\/debateplural\/tag\/republica-dominicana\">Rep\u00fablica Dominicana<\/a>, que el Estado dominicano lleva a cabo desde el a\u00f1o 1996, cuando surge el primer gobierno del autodenominado partido de la liberaci\u00f3n dominicana, que el modelo neoliberal a que se debe dicho partido requiere de la ampliaci\u00f3n e intensificaci\u00f3n del proceso de privatizaci\u00f3n de todas las actividades comerciales, econ\u00f3micas, industriales y financieras de la Rep\u00fablica Dominicana.<\/p>\n<p style=\"text-align: justify;\">Innumerables actividades empresariales van siendo comprometidas con el proceso de privatizaci\u00f3n y m\u00e1s de 50 empresas estatales han sido desmanteladas, destruidas y saqueadas por la ambici\u00f3n de los sectores \u00e9lites del pa\u00eds y los altos funcionarios del Estado dominicano; entre ellos basta mencionar 13 ingenios azucareros estatales y m\u00e1s de 30 empresas comerciales e industriales que fueron heredadas por el pueblo dominicano del patrimonio creado por la dictadura del periodo 1930-1961.<\/p>\n<p style=\"text-align: justify;\">Los ingenios ya no producen az\u00facar ni bagazo ni melaza; han sido desmantelados en su gran mayor\u00eda y todos sus equipos e instalaciones, bienes de capital e inmensas cantidades de terrenos ca\u00f1eros han sido robados con la complicidad del Consejo Estatal del Az\u00facar (CEA), el Fomper y otros organismos que han permitido tal situaci\u00f3n calamitosa de la cual se han enriquecido funcionarios y empresarios, con el silencio de la C\u00e1mara de Cuentas de la Rep\u00fablica Dominicana.<\/p>\n<p style=\"text-align: justify;\">Igual suerte ocurre con las empresas comerciales que dej\u00f3 la dictadura. La irresponsabilidad de las \u00e9lites econ\u00f3micas y pol\u00edticas ha dejado sola a la poblaci\u00f3n dominicana en la lucha por el desarrollo nacional.<\/p>\n<p style=\"text-align: justify;\">Justicia y transparencia son conceptos contradictorios, y\u00a0los dif\u00edciles retos y desaf\u00edos del futuro no podr\u00e1n ser vencidos con el af\u00e1n de lucro e enriquecimiento il\u00edcito de los grupos corporativos que d\u00eda tras d\u00eda traicionan al pueblo dominicano y mediante el proceso de privatizaci\u00f3n se apropian de los patrimonios, de las riquezas y de todos los bienes y servicios del Estado dominicano.<\/p>\n<p style=\"text-align: justify;\">Ha dicho el presidente-candidato que los empresarios deben invertir en las plantas a carb\u00f3n; pide a los transportistas privados aliarse con los intereses del gobierno. Abre todas las puertas a la ambici\u00f3n empresarial y a la iglesia cat\u00f3lica, y todos los d\u00edas se enriquecen m\u00e1s y \u00a0m\u00e1s con el modelo neoliberal capitalista que engendra explotaci\u00f3n social, pobreza, escasez de la vida familiar, desproteccion social, desigualdades sociales y discriminaci\u00f3n econ\u00f3mica y social, desproteccion en la seguridad social y laboral, explotaci\u00f3n a trav\u00e9s de la factura el\u00e9ctrica y el precio sobrevaluado de los combustibles, mientras se produce delincuencia de cuello blanco, criminalidad y robo en todas las esferas de la sociedad y del Estado, sin castigo ni sanciones judiciales.<\/p>\n<p style=\"text-align: justify;\">Sin embargo, el presidente-candidato dice: <strong>\"A todos los dominicanos y dominicanas les digo que pueden estar seguros, que estamos juntos en esto (de una justicia transparente); estamos del mismo lado, del lado de la rectitud, de las cosas bien hechas, de la honestidad. Y desde ese lugar vamos a librar juntos esta buena batalla por la transparencia y el imperio de la ley. No vamos a esconder la cabeza. No vamos a mirar para otro lado\" (10 de diciembre 2015)<\/strong>.<\/p>\n<p style=\"text-align: justify;\"><strong>Sin embargo, ocurre todo lo contrario&#8230; El presidente-candidato abre las puertas a la\u00a0privatizaci\u00f3n\u00a0y al modelo neoliberal. Hoy\u00a0d\u00eda se encuentra privatizado todo: el transporte, las telecomunicaciones, las playas, los servicios de peajes en las distintas carreteras del\u00a0pa\u00eds; el\u00a0negocio\u00a0el\u00e9ctrico, gran fuente de enriquecimiento cada cuatro a\u00f1os\u00a0para los funcionarios del gobierno;\u00a0est\u00e1n\u00a0privatizados \u00a0los servicios relacionados con combustibles;\u00a0todas las infraestructuras\u00a0tur\u00edsticas, y pronto lo\u00a0ser\u00e1\u00a0el agua,\u00a0las\u00a0tarifas hospitalarias y los servicios de salud, en manos actualmente de empresas privadas capitalistas como son las dichosas administradoras de fondos de salud (ARS), administradoras de fondos de pensiones y jubilaciones (AFP), \u00a0administradoras de riesgos laborales (ARL), educaci\u00f3n, salud,\u00a0generaci\u00f3n\u00a0el\u00e9ctrica, etc.<\/strong><\/p>\n<p style=\"text-align: justify;\">Se planificaron y presupuestaron m\u00e0s de dos mil millones de d\u00f3lares paras las plantas de Punta Catalina. Fue excluida una empresa de China continental, con maniobras licitatorias, y cuyo presupuesto era de apenas 900 \u00a0millones de d\u00f3lares. Se dict\u00f3 un decreto a mediados de 2014 declarando de emergencia nacional las plantas de Punta Catalina a carb\u00f3n mineral, pero una licitaci\u00f3n internacional de CDEEE entreg\u00f3 el proyecto a la empresa brasile\u00f1a Odebrecht, luego implicada en el famoso caso Petrobras en Brasil, y se diligenciaron los pr\u00e9stamos y financiamientos correspondientes.<\/p>\n<p style=\"text-align: justify;\">Debido a que la obra ha avanzado muy poco en dos a\u00f1os y medio, ahora el candidato-presidente habla de la necesidad de privatizaci\u00f3n, es decir, de colocar en manos capitalistas privadas y familias dominicanas poderosas el proyecto de las famosas plantas a carb\u00f3n mineral, arriba mencionadas.<\/p>\n<p style=\"text-align: justify;\">\u00bfQu\u00e9 se hizo el dinero contemplado como financiamiento? \u00bfQu\u00e9 se hicieron los fondos en d\u00f3lares? \u00bfD\u00f3nde se metieron los fondos parcialmente obtenidos como consecuencia de pr\u00e9stamos internacionales facilitados por el BNDES de Brasil? \u00bfSer\u00e1 que el presidente-candidato ha percibido la imposibilidad de construir dicha obra por parte del Estado dominicano, y finalmente ha decidido entregarla a familias capitalistas tradicionales de la Rep\u00fablica Dominicana y a los grupos corporativos inversionistas dentro del gobierno?.<\/p>\n<p style=\"text-align: justify;\">Ahora la privatizaci\u00f3n es sugerida como vara de salvaci\u00f3n, es pantalla para encubrir el mal uso de fondos obtenidos en fuentes internacionales, fondos que seg\u00fan la diputada Minou Tav\u00e1rez \u00a0Mirabal, ser\u00e1n utilizados en la campa\u00f1a electoral reeleccionista del candidato oficial, actual presidente de la Rep\u00fablica, que impuso una reforma constitucional al vapor para fraguar su candidatura presidencial.<\/p>\n","protected":false},"excerpt":{"rendered":"<p>Por: Angel Moreta (Autor-Editor) En ocasiones anteriores hemos hecho referencia a las posibilidades concretas de que el actual gobierno reeleccionista del candidato-presidente Danilo Medina decidiera la suerte del proyecto de construcci\u00f3n de dos plantas a carb\u00f3n mineral que se construyen en el sitio Punta Catalina de la Provincia Peravia, en el sentido de su privatizaci\u00f3n.<\/p>\n","protected":false},"author":2,"featured_media":8266,"comment_status":"open","ping_status":"open","sticky":false,"template":"","format":"standard","meta":{"footnotes":""},"categories":[5,12],"tags":[31,29,6],"class_list":["post-2498","post","type-post","status-publish","format-standard","has-post-thumbnail","hentry","category-nacionales","category-politica-3","tag-danilo-medina","tag-punta-catalina","tag-republica-dominicana"],"_links":{"self":[{"href":"https:\/\/debateplural.net\/site\/wp-json\/wp\/v2\/posts\/2498"}],"collection":[{"href":"https:\/\/debateplural.net\/site\/wp-json\/wp\/v2\/posts"}],"about":[{"href":"https:\/\/debateplural.net\/site\/wp-json\/wp\/v2\/types\/post"}],"author":[{"embeddable":true,"href":"https:\/\/debateplural.net\/site\/wp-json\/wp\/v2\/users\/2"}],"replies":[{"embeddable":true,"href":"https:\/\/debateplural.net\/site\/wp-json\/wp\/v2\/comments?post=2498"}],"version-history":[{"count":4,"href":"https:\/\/debateplural.net\/site\/wp-json\/wp\/v2\/posts\/2498\/revisions"}],"predecessor-version":[{"id":11328,"href":"https:\/\/debateplural.net\/site\/wp-json\/wp\/v2\/posts\/2498\/revisions\/11328"}],"wp:featuredmedia":[{"embeddable":true,"href":"https:\/\/debateplural.net\/site\/wp-json\/wp\/v2\/media\/8266"}],"wp:attachment":[{"href":"https:\/\/debateplural.net\/site\/wp-json\/wp\/v2\/media?parent=2498"}],"wp:term":[{"taxonomy":"category","embeddable":true,"href":"https:\/\/debateplural.net\/site\/wp-json\/wp\/v2\/categories?post=2498"},{"taxonomy":"post_tag","embeddable":true,"href":"https:\/\/debateplural.net\/site\/wp-json\/wp\/v2\/tags?post=2498"}],"curies":[{"name":"wp","href":"https:\/\/api.w.org\/{rel}","templated":true}]}}