{"id":25450,"date":"2018-06-13T11:03:41","date_gmt":"2018-06-13T15:03:41","guid":{"rendered":"http:\/\/debateplural.com\/?p=25450"},"modified":"2018-06-13T11:03:41","modified_gmt":"2018-06-13T15:03:41","slug":"visita-a-lula","status":"publish","type":"post","link":"https:\/\/debateplural.net\/site\/2018\/06\/13\/visita-a-lula\/","title":{"rendered":"Visita a Lula"},"content":{"rendered":"<p>Frei Betto (Cubadebate, 12-6-18)<\/p>\n<p>&nbsp;<\/p>\n<p>Yo estuve com el expresidente Lula el d\u00eda 4, entre las 4:00 y las 5:15 pm, en la celda que ocupa en la Superintendencia de la Polic\u00eda Federal, en Curitiba. En el recinto de 5 metros cuadrados hay una cama junto a la ventana, una mesa en el centro, una estera para ejercicios f\u00edsicos en una esquina y un armario adosado a la pared divisoria entre la celda y el ba\u00f1o. En la pared, una \u00fanica foto: \u00e9l con sus hijos, sus nietos y su bisnieta.<\/p>\n<p>Lo encontr\u00e9 vestido con una sudadera azul, muy animado, m\u00e1s delgado y bien peinado. Sobre todo, bien informado. Dispone de televisi\u00f3n abierta, por la cual sigue el noticiero y se entretiene con filmes. Prefiere la TV Aparecida, debido a la programaci\u00f3n de m\u00fasica del sert\u00f3n y a que a trav\u00e9s de la cual asiste diariamente a la misa de las 6 pm.<\/p>\n<p>Recibe todas las ma\u00f1anas un resumen de noticias de peri\u00f3dicos, blogs y agencias internacionales, que lo ocupa durante el desayuno. Tiene derecho a dos horas diarias de ba\u00f1o de sol.<\/p>\n<p>Rio mucho cuando le coment\u00e9 que apareci\u00f3 la noticia falsa de que hab\u00eda sufrido un s\u00edndrome de abstinencia alcoh\u00f3lica en los primeros d\u00edas de prisi\u00f3n. Ya en la \u00e9poca de las caravanas se hab\u00eda abstenido del alcohol para no perjudicarse la voz.<\/p>\n<p>La relaci\u00f3n entre \u00e9l y los agentes penitenciarios es respetuosa, sin que exista, sin embargo, una aproximaci\u00f3n amigable. Dos de ellos permanecen de guardia del lado de afuera de la celda, y tuvimos que tocar a la puerta para que vinieran a abrirla cuando me dispuse a salir.<\/p>\n<p>Lula me reafirm\u00f3 que no piensa retirar su candidatura a la presidencia ni apoyar a ninguno de los aspirantes, aunque confiesa su admiraci\u00f3n por Guilherme Boulos, del PSOL. \u201c\u00bfC\u00f3mo me voy a retirar de la contienda electoral si las encuestas demuestran que, yo solo, tengo m\u00e1s votos que la suma de todos los dem\u00e1s aspirantes?\u201d<\/p>\n<p>Admite que no entiende por qu\u00e9 est\u00e1 preso en Curitiba si la pieza de la acusaci\u00f3n \u2013el tr\u00edplex de Guaruj\u00e1\u2014 queda en Sao Paulo\u2026<\/p>\n<p>Considera que la elite brasile\u00f1a, que tanto lo adul\u00f3 durante los 13 a\u00f1os de gobierno del PT, hoy se posiciona en su contra porque est\u00e1 interesada en vender el Estado brasile\u00f1o e indignada con el ascenso social de la mayor\u00eda pobre gracias a las pol\u00edticas de inclusi\u00f3n adoptadas en el per\u00edodo en que \u00e9l y Dilma gobernaron.<\/p>\n<p>Opina que se est\u00e1 preparando un nuevo golpe con la adopci\u00f3n del parlamentarismo v\u00eda el Tribunal Supremo Federal, sin consulta plebiscitaria, como prev\u00e9 la Constituci\u00f3n.<\/p>\n<p>Dice que no le preocupa la cuesti\u00f3n jur\u00eddica y que aguarda sereno el resultado de los procesos en los que figura como reo. Tiene plena conciencia de que el car\u00e1cter pol\u00edtico de las acusaciones que lo llevaron a prisi\u00f3n pesa mucho m\u00e1s.<\/p>\n<p>Hoy los medios de comunicaci\u00f3n lo mostrar\u00e1n de traje y corbata durante su declaraci\u00f3n por videoconferencia en el proceso que involucra a S\u00e9rgio Cabral y las Olimpiadas de R\u00edo.<\/p>\n<p>Antes de despedirme, rezamos juntos la Oraci\u00f3n del Esp\u00edritu Santo.<\/p>\n","protected":false},"excerpt":{"rendered":"<p>Frei Betto (Cubadebate, 12-6-18) &nbsp; Yo estuve com el expresidente Lula el d\u00eda 4, entre las 4:00 y las 5:15 pm, en la celda que ocupa en la Superintendencia de la Polic\u00eda Federal, en Curitiba. En el recinto de 5 metros cuadrados hay una cama junto a la ventana, una mesa en el centro, una [&hellip;]<\/p>\n","protected":false},"author":1,"featured_media":25451,"comment_status":"open","ping_status":"open","sticky":false,"template":"","format":"standard","meta":{"footnotes":""},"categories":[14,12],"tags":[],"class_list":["post-25450","post","type-post","status-publish","format-standard","has-post-thumbnail","hentry","category-internacionales","category-politica-3"],"_links":{"self":[{"href":"https:\/\/debateplural.net\/site\/wp-json\/wp\/v2\/posts\/25450"}],"collection":[{"href":"https:\/\/debateplural.net\/site\/wp-json\/wp\/v2\/posts"}],"about":[{"href":"https:\/\/debateplural.net\/site\/wp-json\/wp\/v2\/types\/post"}],"author":[{"embeddable":true,"href":"https:\/\/debateplural.net\/site\/wp-json\/wp\/v2\/users\/1"}],"replies":[{"embeddable":true,"href":"https:\/\/debateplural.net\/site\/wp-json\/wp\/v2\/comments?post=25450"}],"version-history":[{"count":1,"href":"https:\/\/debateplural.net\/site\/wp-json\/wp\/v2\/posts\/25450\/revisions"}],"predecessor-version":[{"id":25452,"href":"https:\/\/debateplural.net\/site\/wp-json\/wp\/v2\/posts\/25450\/revisions\/25452"}],"wp:featuredmedia":[{"embeddable":true,"href":"https:\/\/debateplural.net\/site\/wp-json\/wp\/v2\/media\/25451"}],"wp:attachment":[{"href":"https:\/\/debateplural.net\/site\/wp-json\/wp\/v2\/media?parent=25450"}],"wp:term":[{"taxonomy":"category","embeddable":true,"href":"https:\/\/debateplural.net\/site\/wp-json\/wp\/v2\/categories?post=25450"},{"taxonomy":"post_tag","embeddable":true,"href":"https:\/\/debateplural.net\/site\/wp-json\/wp\/v2\/tags?post=25450"}],"curies":[{"name":"wp","href":"https:\/\/api.w.org\/{rel}","templated":true}]}}