{"id":2567,"date":"2015-12-21T16:00:06","date_gmt":"2015-12-21T16:00:06","guid":{"rendered":"http:\/\/debateplural.com\/?p=2567"},"modified":"2016-06-23T14:14:53","modified_gmt":"2016-06-23T14:14:53","slug":"el-terror-yihadista-refuerza-la-politica-de-putin-contra-el-estado-islamico","status":"publish","type":"post","link":"https:\/\/debateplural.net\/site\/2015\/12\/21\/el-terror-yihadista-refuerza-la-politica-de-putin-contra-el-estado-islamico\/","title":{"rendered":"El terror yihadista refuerza la pol\u00edtica de Putin contra el Estado Isl\u00e1mico"},"content":{"rendered":"<div class=\"text\">\n<div id=\"attachment_2568\" style=\"width: 703px\" class=\"wp-caption aligncenter\"><img loading=\"lazy\" decoding=\"async\" aria-describedby=\"caption-attachment-2568\" class=\"size-full wp-image-2568\" src=\"http:\/\/tripletecnologia.com\/website\/debateplural\/wp-content\/uploads\/2015\/12\/vladimir-putin-con-los-jefes-militares-y-funcionarios-de-su-gobierno-3.jpg\" alt=\"Vladimir Putin con los jefes militares y funcionarios de su gobierno\" width=\"693\" height=\"370\" \/><p id=\"caption-attachment-2568\" class=\"wp-caption-text\">Vladimir Putin con los jefes militares y funcionarios de su gobierno<\/p><\/div>\n<p style=\"text-align:justify;\">Los ataques terroristas perpetrados por el <a href=\"http:\/\/localhost\/debateplural\/tag\/estado-islamico\">Estado Isl\u00e1mico<\/a> (EI) en Par\u00eds y el siniestro del Airbus con turistas rusos le han dado la raz\u00f3n al presidente de <a href=\"http:\/\/localhost\/debateplural\/tag\/rusia\">Rusia<\/a>, <a href=\"http:\/\/localhost\/debateplural\/tag\/vladimir-putin\">Vlad\u00edmir Putin<\/a>, que llevaba meses reclamando la necesidad de una coalici\u00f3n internacional contra el yihadismo.<\/p>\n<p><!--more--><\/p>\n<p style=\"text-align:justify;\">\u201cLamentablemente, nadie est\u00e1 a salvo de atentados terroristas. Por ejemplo, <a href=\"http:\/\/localhost\/debateplural\/tag\/francia\">Francia<\/a> estaba entre los pa\u00edses que manten\u00edan una postura muy firme contra el presidente sirio<a href=\"http:\/\/localhost\/debateplural\/tag\/bashar-al-asad\"> Bashar al Asad<\/a>. \u00bfQu\u00e9, salv\u00f3 esto a Par\u00eds de los ataques terroristas?. No\u201d, afirm\u00f3 el l\u00edder del Kremlin.<\/p>\n<p style=\"text-align:justify;\">Como demostr\u00f3 la reciente cumbre del G20 en Turqu\u00eda, Putin es el gran beneficiado pol\u00edticamente de la reciente ola de atentados yihadistas, ya que aparece como el \u00fanico l\u00edder mundial que se tom\u00f3 muy en serio desde un principio la grave amenaza que representaba el Estado Isl\u00e1mico.<\/p>\n<p style=\"text-align:justify;\">Putin, que forj\u00f3 su popularidad con la mano dura empleada contra el terrorismo caucasiano, mantuvo siempre que el enemigo n\u00famero uno eran los yihadistas y no Assad, cuyo r\u00e9gimen ser\u00eda la \u00faltima frontera entre el mundo civilizado y la barbarie del \u201ccalifato\u201d islamista.<\/p>\n<p style=\"text-align:justify;\">Tras diez a\u00f1os de ausencia, el l\u00edder ruso regres\u00f3 en septiembre a la tribuna de las Naciones Unidas para alertar al mundo sobre la necesidad de dejar de jugar al gato y al rat\u00f3n con los yihadistas y de utilizarlos como ariete contra los reg\u00edmenes denostados por Occidente en Oriente Medio.<\/p>\n<p style=\"text-align:justify;\">Entonces propuso una \u201camplia coalici\u00f3n internacional\u201d y recibi\u00f3 un \u201cno\u201d como respuesta, ya que tanto el presidente de EE.UU., Barack Obama, como otros l\u00edderes occidentales le acusaron de proteger a toda costa al dictador sirio.<\/p>\n<p style=\"text-align:justify;\">Esto no arredr\u00f3 al jefe del Kremlin que seguidamente decidi\u00f3 lanzar por su cuenta y riesgo una campa\u00f1a de bombardeos a\u00e9reos contra las posiciones del Estado Isl\u00e1mico en el pa\u00eds \u00e1rabe.<\/p>\n<p style=\"text-align:justify;\">Pese a que Rusia actu\u00f3 en respuesta a una petici\u00f3n de Damasco, al contrario que la coalici\u00f3n encabezada por EE.UU., que no contaba con el mandato del Consejo de Seguridad de la ONU, Occidente acus\u00f3 a Mosc\u00fa de violar el derecho internacional.<\/p>\n<p style=\"text-align:justify;\">Durante las \u00faltimas semanas las canciller\u00edas occidentales acusaron a Rusia de atacar objetivos civiles y las posiciones de las milicias de la oposici\u00f3n moderada siria, en vez de las infraestructuras de los yihadistas.<\/p>\n<\/div>\n<p style=\"text-align:justify;\">Pero no han sido los \u00e9xitos militares -el Ej\u00e9rcito sirio ha lanzado la primera contraofensiva en meses y ha recuperado varias plazas importantes-, sino los atentados de Par\u00eds, que causaron 129 muertos y m\u00e1s de 300 heridos, los que han hecho cambiar de opini\u00f3n a Occidente.<\/p>\n<div class=\"text\">\n<p style=\"text-align:justify;\">Ahora, ya no parece que Rusia actu\u00f3 unilateralmente contra el EI, sino que le gan\u00f3 la partida a Occidente a la hora de adelantarse a los acontecimientos, ya que Putin asegur\u00f3 en septiembre que los bombardeos en Siria son la mejor forma de defender a los rusos de la amenaza yihadista.<\/p>\n<p style=\"text-align:justify;\">El derrocamiento de Assad parece que ya no es una prioridad e incluso la transici\u00f3n pol\u00edtica en el pa\u00eds \u00e1rabe es posible, aunque el l\u00edder sirio siga en el poder.<\/p>\n<p style=\"text-align:justify;\">El presidente franc\u00e9s, Fran\u00e7ois Hollande viajar\u00e1 la pr\u00f3xima semana a Mosc\u00fa, despu\u00e9s de ver a Obama en Washington, para forjar una alianza militar provisional con Rusia y coordinar las acciones contra al Estado Isl\u00e1mico.<\/p>\n<p style=\"text-align:justify;\">Incluso antes de que la flotilla francesa comandada por el portaaviones \u201cCharles de Gaulle\u201d llegue al Mediterr\u00e1neo Oriental, la aviaci\u00f3n de ambos pa\u00edses martille\u00f3 sin piedad ayer y hoy la ciudad de Raqa, principal basti\u00f3n yihadista en Siria.<\/p>\n<p style=\"text-align:justify;\">Tras la crisis desencadenada a ra\u00edz del conflicto con Ucrania y las sanciones impuestas por ello a Mosc\u00fa, ahora Rusia ya no es un apestado internacional acusado de apoyar a dictadores en beneficio propio, el culpable del inicio de una nueva Guerra Fr\u00eda, sino que se presenta como un aliado en la lucha contra la lacra terrorista, como ocurriera tras el 11 de septiembre de 2001, despu\u00e9s de los atentados en Estados Unidos.<\/p>\n<p style=\"text-align:justify;\">Adem\u00e1s, Putin ten\u00eda otro as en la manga y lo ha reservado hasta el \u00faltimo momento: la cat\u00e1strofe del Airbus con turistas rusos el pasado 30 de octubre en la pen\u00ednsula egipcia del sina\u00ed.<\/p>\n<p style=\"text-align:justify;\">Tras mantener durante dos semanas un riguroso silencio e insistir el lunes en que la versi\u00f3n terrorista no hab\u00eda sido confirmada y que hab\u00eda que esperar a que se completara la investigaci\u00f3n para sacar conclusiones, anunci\u00f3 ayer que \u201cla venganza (contra el EI) es ineludible\u201d.<\/p>\n<p style=\"text-align:justify;\">El momento para anunciar que una bomba colocada por los yihadistas desintegr\u00f3 en el aire el Airbus no pudo ser m\u00e1s conveniente, ya que ahora, cuando toda la sociedad rusa y occidental est\u00e1n unidas contra el terrorismo, nadie puede culparle de provocar la ira del EI con su intervenci\u00f3n en Siria.<\/p>\n<\/div>\n","protected":false},"excerpt":{"rendered":"<p>Los ataques terroristas perpetrados por el Estado Isl\u00e1mico (EI) en Par\u00eds y el siniestro del Airbus con turistas rusos le han dado la raz\u00f3n al presidente de Rusia, Vlad\u00edmir Putin, que llevaba meses reclamando la necesidad de una coalici\u00f3n internacional contra el yihadismo.<\/p>\n","protected":false},"author":1,"featured_media":8166,"comment_status":"open","ping_status":"open","sticky":false,"template":"","format":"standard","meta":{"footnotes":""},"categories":[14],"tags":[60,54,9,40,42],"class_list":["post-2567","post","type-post","status-publish","format-standard","has-post-thumbnail","hentry","category-internacionales","tag-bashar-al-asad","tag-estado-islamico","tag-francia","tag-rusia","tag-vladimir-putin"],"_links":{"self":[{"href":"https:\/\/debateplural.net\/site\/wp-json\/wp\/v2\/posts\/2567"}],"collection":[{"href":"https:\/\/debateplural.net\/site\/wp-json\/wp\/v2\/posts"}],"about":[{"href":"https:\/\/debateplural.net\/site\/wp-json\/wp\/v2\/types\/post"}],"author":[{"embeddable":true,"href":"https:\/\/debateplural.net\/site\/wp-json\/wp\/v2\/users\/1"}],"replies":[{"embeddable":true,"href":"https:\/\/debateplural.net\/site\/wp-json\/wp\/v2\/comments?post=2567"}],"version-history":[{"count":1,"href":"https:\/\/debateplural.net\/site\/wp-json\/wp\/v2\/posts\/2567\/revisions"}],"predecessor-version":[{"id":8167,"href":"https:\/\/debateplural.net\/site\/wp-json\/wp\/v2\/posts\/2567\/revisions\/8167"}],"wp:featuredmedia":[{"embeddable":true,"href":"https:\/\/debateplural.net\/site\/wp-json\/wp\/v2\/media\/8166"}],"wp:attachment":[{"href":"https:\/\/debateplural.net\/site\/wp-json\/wp\/v2\/media?parent=2567"}],"wp:term":[{"taxonomy":"category","embeddable":true,"href":"https:\/\/debateplural.net\/site\/wp-json\/wp\/v2\/categories?post=2567"},{"taxonomy":"post_tag","embeddable":true,"href":"https:\/\/debateplural.net\/site\/wp-json\/wp\/v2\/tags?post=2567"}],"curies":[{"name":"wp","href":"https:\/\/api.w.org\/{rel}","templated":true}]}}