{"id":25859,"date":"2018-06-29T11:01:42","date_gmt":"2018-06-29T15:01:42","guid":{"rendered":"http:\/\/debateplural.com\/?p=25859"},"modified":"2018-06-29T12:34:35","modified_gmt":"2018-06-29T16:34:35","slug":"in-memoriam-de-lipe-collado-17","status":"publish","type":"post","link":"https:\/\/debateplural.net\/site\/2018\/06\/29\/in-memoriam-de-lipe-collado-17\/","title":{"rendered":"In memoriam de Lipe Collado (17)"},"content":{"rendered":"<h3 style=\"text-align: center;\">Cosas que me asombran de a mucho<\/h3>\n<p>&nbsp;<\/p>\n<p>Lipe Collado (7-9-13)<\/p>\n<p>&nbsp;<\/p>\n<p>Tres cosas, y hasta cuatro, hay en la vida p\u00fablica dominicana que me asombran de a mucho y que no alcanzo a comprender:<\/p>\n<p>1-\u00a0\u00a0\u00a0 La \u201cOfensa\u201d Floral a don Pedro Mir el 3 de Junio \u00faltimo en la muy culta (?), muy acad\u00e9mica (?) y muy primada (\u00a1!) UASD con motivo del centenario del nacimiento de quien fuera proclamado en vida por los diputados como \u201cPoeta Nacional\u201d. En la Biblioteca Pedro Mir se deposit\u00f3 ante su busto una corona de flores que se transmut\u00f3 en una \u201cOfensa Floral\u201d porque la cinta de seda en que habitualmente se escribe la dedicatoria al floreado dec\u00eda as\u00ed: \u201cA don Pedro Mir, en el Sentenario de su nacimiento\u201d.<\/p>\n<p>\u00a1A un cultor de la ortograf\u00eda, de la prosodia y del buen estilo! \u00a1Iron\u00eda del destino!<\/p>\n<p>D\u00e1ndome tres golpecitos en el pecho, rogu\u00e9 esa vez al Dios gramatical: \u201cPerd\u00f3nalos Se\u00f1or, que no saben que Centenario se escribe con ce\u201d.<\/p>\n<p>2-\u00a0\u00a0\u00a0 La sugerencia de mis amigos del Frente de Militares Constitucionalistas al congreso nacional para que despoje al general Antonio Imbert Barreras del merecido t\u00edtulo de H\u00e9roe Nacional por su participaci\u00f3n directa en el ajusticiamiento del s\u00e1trapa Trujillo Molina. Su declaratoria congresual \u2013o no- d\u00e9cadas atr\u00e1s fue por su accionar innegable para liberar al pueblo dominicano de las cadenas oprobiosas de una tiran\u00eda.<\/p>\n<p>En raz\u00f3n de que justifican el pedido por su conducta de entreguismo y de genuflexi\u00f3n en 1965, lo m\u00e1s aconsejable ser\u00eda que propusieran al Congreso Nacional declarar al general Imbert Barreras \u201cTraidor a la Patria\u201d por su accionar innegable de servirle sin condiciones a las tropas invasoras y ocupantes de los Estados Unidos que le ordenaron integrar la Junta de Gobierno de Reconstrucci\u00f3n Nacional a principios de mayo de 1965, para impedir a sangre y fuego la vuelta a la constitucionalidad democr\u00e1tica.<\/p>\n<p>Seg\u00fan mis ideas dominantes (esto es, a mi juicio) el general Imbert Barreras representa el \u00fanico caso contempor\u00e1neo de anverso positivo y reverso negativo: H\u00e9roe Nacional y Traidor a la Patria. \u00bfCu\u00e1l t\u00edtulo se superpone a cu\u00e1l? \u00bfCu\u00e1l arriba? \u00bfCu\u00e1l abajo? \u00bfCu\u00e1l borrar\u00eda cu\u00e1l?\u00a0 \u00bfLo malo quita lo bueno? \u00bfLo bueno quita lo malo? \u00bfO acaso podr\u00edan milagrearse por concomitancia la heroicidad nacional y la traici\u00f3n nacional?<\/p>\n<p>3-\u00a0\u00a0\u00a0 La repentina \u2013y casi m\u00e1gica, y casi manipulada- presentaci\u00f3n, conexi\u00f3n y articulaci\u00f3n p\u00fablica de los actos sexuales deplorables de un Nuncio Apost\u00f3lico y dos sacerdotes.<\/p>\n<p>Asombra que supuestamente ejercieran sus abusivas depravaciones durante mucho tiempo \u2013durante a\u00f1os en los casos de los dos sacerdotes, uno polaco y el otro dominicano- en contacto con el p\u00fablico sin que el liderazgo gerencial cat\u00f3lico sospechara o se enterara de lo que suced\u00eda.<\/p>\n<p>Son dignas de resaltar las declaraciones firmes y reprobatorias de monse\u00f1or Agripino N\u00fa\u00f1ez Collado \u2013mi tocayo de apellido- sobre los dos polacos pederastas guardando distancia y a la vez reivindicando la imagen de la inmensa mayor\u00eda de sacerdotes cat\u00f3licos ajustados a sus preceptos y compromisos con su feligres\u00eda, cual los sacerdotes Rogelio Cruz y Luis Rosario.<\/p>\n<p>4-\u00a0\u00a0\u00a0 El muy suspicaz y, por lo tanto, abandono adrede del Monumento a Fray Antonio de Montesinos, eminente precursor, en diciembre de 1511, de la declaraci\u00f3n y proclamaci\u00f3n de los Derechos del Hombre y del Ciudadano en 1789 por la Revoluci\u00f3n Francesa.<\/p>\n<p>Este monumento y su plaza inmediata, muy concurridos en sus inicios,\u00a0 fueron donados d\u00e9cadas atr\u00e1s por el gobierno de M\u00e9jico porque aqu\u00ed germin\u00f3 la semilla inicial de los derechos humanos \u2013\u201cEl Serm\u00f3n de Montesinos\u201d-, y ha sido remodelado en varias ocasiones con sus intervalos de abandonos manipulados, esto \u00faltimo dentro del esquema de la pol\u00edtica mundial de dominio y eliminaci\u00f3n de la memoria hist\u00f3rica de los dominados, si fu\u00e9ramos a juzgar por la c\u00e9lebre Declaraci\u00f3n del Grupo de los 12 \u2013de los a\u00f1os setenta- cuando mediante el documento de Predicamento Sobre el Destino de la Humanidad decidieron cambiar y dominar al mundo, tanto as\u00ed que son los mismos que bajo su influjo se organizaron aqu\u00ed los sistemas de narcotr\u00e1fico \u2013no hay la tal lucha contra el narcotr\u00e1fico, sino una descomunal y diab\u00f3lica lucha por dominar el mercado s\u00faper mili millonario en d\u00f3lares y euros-, e implantaron el sistema inducido y dirigido del auge de la delincuencia, protegida por el tinglado jur\u00eddico, como factor de control y dominio social de los sometidos a la coyunda del dominio mundial, representados aqu\u00ed por ciertos grupos de la inseguridad del Estado\u2026 que \u201cprivan\u201d en serio.<\/p>\n","protected":false},"excerpt":{"rendered":"<p>Cosas que me asombran de a mucho &nbsp; Lipe Collado (7-9-13) &nbsp; Tres cosas, y hasta cuatro, hay en la vida p\u00fablica dominicana que me asombran de a mucho y que no alcanzo a comprender: 1-\u00a0\u00a0\u00a0 La \u201cOfensa\u201d Floral a don Pedro Mir el 3 de Junio \u00faltimo en la muy culta (?), muy acad\u00e9mica [&hellip;]<\/p>\n","protected":false},"author":1,"featured_media":24628,"comment_status":"open","ping_status":"open","sticky":false,"template":"","format":"standard","meta":{"footnotes":""},"categories":[5,12],"tags":[],"class_list":["post-25859","post","type-post","status-publish","format-standard","has-post-thumbnail","hentry","category-nacionales","category-politica-3"],"_links":{"self":[{"href":"https:\/\/debateplural.net\/site\/wp-json\/wp\/v2\/posts\/25859"}],"collection":[{"href":"https:\/\/debateplural.net\/site\/wp-json\/wp\/v2\/posts"}],"about":[{"href":"https:\/\/debateplural.net\/site\/wp-json\/wp\/v2\/types\/post"}],"author":[{"embeddable":true,"href":"https:\/\/debateplural.net\/site\/wp-json\/wp\/v2\/users\/1"}],"replies":[{"embeddable":true,"href":"https:\/\/debateplural.net\/site\/wp-json\/wp\/v2\/comments?post=25859"}],"version-history":[{"count":1,"href":"https:\/\/debateplural.net\/site\/wp-json\/wp\/v2\/posts\/25859\/revisions"}],"predecessor-version":[{"id":25860,"href":"https:\/\/debateplural.net\/site\/wp-json\/wp\/v2\/posts\/25859\/revisions\/25860"}],"wp:featuredmedia":[{"embeddable":true,"href":"https:\/\/debateplural.net\/site\/wp-json\/wp\/v2\/media\/24628"}],"wp:attachment":[{"href":"https:\/\/debateplural.net\/site\/wp-json\/wp\/v2\/media?parent=25859"}],"wp:term":[{"taxonomy":"category","embeddable":true,"href":"https:\/\/debateplural.net\/site\/wp-json\/wp\/v2\/categories?post=25859"},{"taxonomy":"post_tag","embeddable":true,"href":"https:\/\/debateplural.net\/site\/wp-json\/wp\/v2\/tags?post=25859"}],"curies":[{"name":"wp","href":"https:\/\/api.w.org\/{rel}","templated":true}]}}