{"id":25877,"date":"2018-06-30T10:57:22","date_gmt":"2018-06-30T14:57:22","guid":{"rendered":"http:\/\/debateplural.com\/?p=25877"},"modified":"2018-06-30T10:57:22","modified_gmt":"2018-06-30T14:57:22","slug":"por-que-y-como-se-piensa-desde-eeuu-a-america-latina-1","status":"publish","type":"post","link":"https:\/\/debateplural.net\/site\/2018\/06\/30\/por-que-y-como-se-piensa-desde-eeuu-a-america-latina-1\/","title":{"rendered":"\u00bfPor qu\u00e9 y c\u00f3mo se piensa desde EEUU a Am\u00e9rica Latina? (1)"},"content":{"rendered":"<p>Silvina M. Romano, Tamara Lajtman y An\u00edbal Garc\u00eda (alainet, 25-6-18)<\/p>\n<p>&nbsp;<\/p>\n<p>\u00bfQui\u00e9nes y c\u00f3mo se estudia Am\u00e9rica Latina desde Estados Unidos (EE.UU.)? \u00bfQu\u00e9 temas se consideran clave y cu\u00e1les son los problemas urgentes de la regi\u00f3n? \u00bfHay alguna incidencia del Gobierno estadounidense en la definici\u00f3n de estos problemas? \u00bfExisten intereses privados vinculados a la diagramaci\u00f3n de esta agenda? \u00bfQui\u00e9nes financian a las instituciones dedicadas a estudiar Am\u00e9rica Latina? \u00bfC\u00f3mo es que esta agenda y sus postulados alcanzan a influenciar el modo en que los latinoamericanos percibimos lo que sudede en la regi\u00f3n?<\/p>\n<p>En las \u00faltimas d\u00e9cadas, las relaciones entre Estados Unidos y Am\u00e9rica Latina se caracterizaron por numerosas tensiones en el marco del auge de Gobiernos progresistas. Las cr\u00edticas a tales experiencias fueron sistem\u00e1ticas. La mancuerna sector privado-Gobierno de EE.UU. aglutin\u00f3 a un importante n\u00famero de acad\u00e9micos y voces expertas agrupadas por Think Tanks con importante repercusi\u00f3n en la prensa. \u00c9sta contribuy\u00f3 a construir, difundir y consolidar una perspectiva negativa sobre dichos procesos, calificados como \u201ccorruptos, ineficientes, autoritarios, anti democr\u00e1ticos\u201d, etc.<\/p>\n<p>Esta bater\u00eda de apreciaciones conforma una cosmovisi\u00f3n que se autodefine como objetiva, neutral, apol\u00edtica y cient\u00edfica, que confluye en la conformaci\u00f3n de una agenda sobre Am\u00e9rica Latina: define cu\u00e1les son los principales problemas y c\u00f3mo deber\u00edan enfrentarse. Para ello, el punto de partida es que EE.UU. tiene la \u201cfunci\u00f3n\u201d de influenciar a Gobiernos y sector privado de Am\u00e9rica Latina para orientarlos hacia una determinada concepci\u00f3n\/pr\u00e1ctica de democracia que no se discute y que se corresponde con los intereses del sector privado de EE.UU.<\/p>\n<p>Contribuyen as\u00ed a posicionar determinados temas en la agenda regional, imponiendo desde un inicio la carga\/ percepci\u00f3n (positiva o negativa) que los caracterizar\u00e1. En \u00faltima instancia, esta estrategia es clave para definir c\u00f3mo ser\u00e1 percibida y comprendida Am\u00e9rica Latina desde dentro y desde fuera. En otros t\u00e9rminos: es fundamental en la construcci\u00f3n de una \u201crealidad\u201d sobre el presente y futuro de nuestra regi\u00f3n.<\/p>\n<p>Los Think Tanks, suelen ser definidos como \u201corganizaciones independientes, sin fines de lucro, no vinculadas a partidos pol\u00edticos, que se dedican a estudiar aspectos de pol\u00edtica interna e internacional\u201d. Sin embargo, en la pr\u00e1ctica, sus acciones y alcances trascienden tal definici\u00f3n. Tienen al menos dos funciones1 en el proceso de reproducci\u00f3n de un \u201csentido com\u00fan\u201d que apuntala (de modo directo o indirecto) al neoliberalismo como \u00fanica alternativa posible. 1) La de asesoramiento del Gobierno (en unas relaciones de mutua influencia) donde intervienen fuertemente los intereses del sector privado v\u00eda financiamiento y, 2) la de proveedores de informaci\u00f3n experta para prensa hegem\u00f3nica. Ambas funciones son clave en la manufacturaci\u00f3n de consenso a favor o en contra de determinados procesos.<\/p>\n<p>A continuaci\u00f3n, mostraremos datos concretos sobre el modo en que se construye este consenso, que define c\u00f3mo es percibida Am\u00e9rica Latina desde EE.UU., tomando algunos de los Think Tanks estadounidenses que abordan temas sobre Latinoam\u00e9rica. Expondremos cu\u00e1les son los principales problemas o \u201camenazas\u201d que visualizan en la regi\u00f3n, y la relaci\u00f3n con la pol\u00edtica exterior dise\u00f1ada por el gobierno de EE.UU.<\/p>\n<p>Para ello presentaremos, por un lado, las relaciones de ida y vuelta entre Gobierno y sector privado a partir de mecanismos que caracterizan a estos Think Tanks, como la \u201cpuerta giratoria\u201d o la participaci\u00f3n de representantes de estos organismos en sesiones del Congreso de EE.UU. (recordando que es el Congreso el \u00f3rgano que define la asignaci\u00f3n presupuestaria para diversos proyectos y programas). Por otro lado, daremos cuenta del modo en que se difunden las ideas por medio de una estrecha relaci\u00f3n con la prensa hegem\u00f3nica. Mostraremos, asimismo, el cercano v\u00ednculo con intereses del sector privado a trav\u00e9s del financiamiento que reciben de corporaciones transnacionales, fundaciones, organismos internacionales, millonarios fil\u00e1ntropos, etc.<\/p>\n<p>Advertencia: aun existiendo distancias, tensiones y diferencias entre la postura de los expertos y un Gobierno de turno, como el del republicano Donald Trump, notamos que hay importantes coincidencias en la definici\u00f3n de los principales problemas de Am\u00e9rica Latina y el origen de los mismos. Probablemente, existan diferencias en el discurso y las soluciones para enfrentarlos, pero la confluencia b\u00e1sica -aunque aparezca como \u201cm\u00ednima\u201d, por momentos- tiene gran impacto en la definici\u00f3n de una agenda general para la regi\u00f3n y, sobre todo, en la imagen sobre la regi\u00f3n que se proyecta y se reproduce en los medios de comunicaci\u00f3n hegem\u00f3nicos. As\u00ed, ser\u00e1 percibida como \u201cla realidad\u201d de Am\u00e9rica Latina, hacia dentro y hacia fuera.<\/p>\n<p>Los Think Tanks que hemos seleccionado son los que tienen importante impacto, tanto en la asesor\u00eda sobre pol\u00edticas\/ l\u00edneas de acci\u00f3n o proyectos para Am\u00e9rica Latina en diferentes sectores del Gobierno de EE.UU., as\u00ed como una presencia significativa en los medios hegem\u00f3nicos, contribuyendo a la formaci\u00f3n de opini\u00f3n p\u00fablica sobre Latinoam\u00e9rica.<\/p>\n","protected":false},"excerpt":{"rendered":"<p>Silvina M. Romano, Tamara Lajtman y An\u00edbal Garc\u00eda (alainet, 25-6-18) &nbsp; \u00bfQui\u00e9nes y c\u00f3mo se estudia Am\u00e9rica Latina desde Estados Unidos (EE.UU.)? \u00bfQu\u00e9 temas se consideran clave y cu\u00e1les son los problemas urgentes de la regi\u00f3n? \u00bfHay alguna incidencia del Gobierno estadounidense en la definici\u00f3n de estos problemas? \u00bfExisten intereses privados vinculados a la diagramaci\u00f3n [&hellip;]<\/p>\n","protected":false},"author":1,"featured_media":25473,"comment_status":"open","ping_status":"open","sticky":false,"template":"","format":"standard","meta":{"footnotes":""},"categories":[14,12],"tags":[],"class_list":["post-25877","post","type-post","status-publish","format-standard","has-post-thumbnail","hentry","category-internacionales","category-politica-3"],"_links":{"self":[{"href":"https:\/\/debateplural.net\/site\/wp-json\/wp\/v2\/posts\/25877"}],"collection":[{"href":"https:\/\/debateplural.net\/site\/wp-json\/wp\/v2\/posts"}],"about":[{"href":"https:\/\/debateplural.net\/site\/wp-json\/wp\/v2\/types\/post"}],"author":[{"embeddable":true,"href":"https:\/\/debateplural.net\/site\/wp-json\/wp\/v2\/users\/1"}],"replies":[{"embeddable":true,"href":"https:\/\/debateplural.net\/site\/wp-json\/wp\/v2\/comments?post=25877"}],"version-history":[{"count":1,"href":"https:\/\/debateplural.net\/site\/wp-json\/wp\/v2\/posts\/25877\/revisions"}],"predecessor-version":[{"id":25878,"href":"https:\/\/debateplural.net\/site\/wp-json\/wp\/v2\/posts\/25877\/revisions\/25878"}],"wp:featuredmedia":[{"embeddable":true,"href":"https:\/\/debateplural.net\/site\/wp-json\/wp\/v2\/media\/25473"}],"wp:attachment":[{"href":"https:\/\/debateplural.net\/site\/wp-json\/wp\/v2\/media?parent=25877"}],"wp:term":[{"taxonomy":"category","embeddable":true,"href":"https:\/\/debateplural.net\/site\/wp-json\/wp\/v2\/categories?post=25877"},{"taxonomy":"post_tag","embeddable":true,"href":"https:\/\/debateplural.net\/site\/wp-json\/wp\/v2\/tags?post=25877"}],"curies":[{"name":"wp","href":"https:\/\/api.w.org\/{rel}","templated":true}]}}