{"id":26010,"date":"2018-07-06T13:15:57","date_gmt":"2018-07-06T17:15:57","guid":{"rendered":"http:\/\/debateplural.com\/?p=26010"},"modified":"2018-07-06T13:15:57","modified_gmt":"2018-07-06T17:15:57","slug":"las-perspectivas-apuntan-a-un-posible-cambio-politico-en-comicios-del-2020-2","status":"publish","type":"post","link":"https:\/\/debateplural.net\/site\/2018\/07\/06\/las-perspectivas-apuntan-a-un-posible-cambio-politico-en-comicios-del-2020-2\/","title":{"rendered":"Las perspectivas apuntan a un posible cambio pol\u00edtico en comicios del 2020"},"content":{"rendered":"<p>Juan Bolivar Diaz (Hoy, 7-4-18)<\/p>\n<p>&nbsp;<\/p>\n<p class=\"p1\"><span class=\"s1\">En los \u00e1mbitos de la oposici\u00f3n pol\u00edtica se baraja la posibilidad de un frente electoral<span class=\"Apple-converted-space\">\u00a0\u00a0<\/span>para enfrentar los poderes casi absolutos del Partido de la Liberaci\u00f3n Dominicana (PLD) en las elecciones del 2020, en base a un programa para el rescate de las instituciones democr\u00e1ticas<span class=\"Apple-converted-space\">\u00a0\u00a0<\/span>y un nuevo modelo de desarrollo econ\u00f3mico social.<\/span><\/p>\n<p class=\"p1\"><span class=\"s1\">La profunda divisi\u00f3n interna en el partido gobernante, llamada a profundizarse por<span class=\"Apple-converted-space\">\u00a0\u00a0<\/span>los pujos continuistas de los danilistas, la progresiva reducci\u00f3n de la aprobaci\u00f3n de la gesti\u00f3n del presidente Danilo Medina y el incremento de la insatisfacci\u00f3n ciudadana alientan la posibilidad de vencer o reducir el dominio del Estado de cuatro per\u00edodos.<\/span><\/p>\n<p class=\"p1\"><span class=\"s1\"><b>Indicadores del desgaste<\/b><\/span><\/p>\n<p class=\"p1\"><span class=\"s1\">Las \u00faltimas encuestas y la percepci\u00f3n general indican un deterioro del absoluto dominio que ha ejercido el PLD sobre los poderes del Estado y la sociedad dominicana, con una ca\u00edda de la aprobaci\u00f3n del gobierno de Medina (45-47% en Gallup) al mismo tiempo que se incrementa la insatisfacci\u00f3n ciudadana por la falta de soluciones a la corrupci\u00f3n e impunidad, la inseguridad ciudadana, el desproporcionado endeudamiento del Estado, el escaso empleo y de baja calidad y la precariedad de los servicios b\u00e1sicos.\u00a0<\/span><\/p>\n<p class=\"p1\"><span class=\"s1\">La crisis en que se ha sumido el PLD apuntan a un mayor deterioro por la confrontaci\u00f3n entre los liderazgos de Danilo Medina y Leonel Fern\u00e1ndez por la persistencia del sector dominante en abrir un espacio para otra modiuficaci\u00f3n de la Constituci\u00f3n, que rechaza entre el 67 y 71% de la poblaci\u00f3n, seg\u00fan las encuestas Gallup y Asisa de marzo pasado, mientras los estudios de opini\u00f3n marcan una recuperaci\u00f3n del expresidente.<\/span><\/p>\n<p class=\"p1\"><span class=\"s1\">El deterioro financiero del Estado tuvo efectos el a\u00f1o pasado en una notable reducci\u00f3n del crecimiento econ\u00f3mico, mientras aumentan los temores de que el pa\u00eds se encamina a la insostenibilidad con una deuda que seg\u00fan el Centro de Estrategias Econ\u00f3micas Sostenibles rebas\u00f3 en marzo los 42 mil millones de d\u00f3lares y el 55% del<span class=\"Apple-converted-space\">\u00a0 P<\/span>roducto Interno Bruto, habiendo crecido la deuda un 843% en menos de dos d\u00e9cadas.<\/span><\/p>\n<p class=\"p1\"><span class=\"s1\">Las perspectivas del caso Odebrecht, pendiente de una efectiva investigaci\u00f3n y sanci\u00f3n, los retrasos y problemas por los que atraviesa la obra emblem\u00e1tica de las plantas de carb\u00f3n no apuntan en direcci\u00f3n de satisfacer las expectativas de la poblaci\u00f3n que se ha expresado de forma contundente en el movimiento Marcha Verde que, aunque algo adormecido, seguir\u00eda constituyendo un elemento detonante, tanto como el accionar de los partidos.<\/span><\/p>\n<p class=\"p1\"><span class=\"s1\"><b>Ning\u00fan cambio ser\u00e1 f\u00e1cil<\/b><\/span><\/p>\n<p class=\"p1\"><span class=\"s1\">Nadie cree que ser\u00e1 f\u00e1cil destronar al PLD del dominio pol\u00edtico que ha ejercido en casi dos d\u00e9cadas de gobierno, con un intervalo de 4 a\u00f1os del presidente perrede\u00edsta Hip\u00f3lito Mej\u00eda. Su profunda vocaci\u00f3n de poder le puede llevar a superar sus luchas intestinas si aumentan los indicadores del desgaste que<span class=\"Apple-converted-space\">\u00a0\u00a0<\/span>marcan las encuestas. Aunque esta vez, como nunca antes la confrontaci\u00f3n pol\u00edtica se ha convertido en personal, con enconos y agravios que impulsan temores al retorno de Fern\u00e1ndez al poder dificultando soluciones.<\/span><\/p>\n<p class=\"p1\"><span class=\"s1\">El danilismo que ahora hegemoniza el poder pelede\u00edsta se enfrenta a un Leonel Fern\u00e1ndez ya con meses en campa\u00f1a de retorno, y que tiene a su favor el pacto de unidad mediante<span class=\"Apple-converted-space\">\u00a0\u00a0<\/span>el cual \u00e9l cedi\u00f3 hace tres a\u00f1os por la unidad del partido y que permiti\u00f3 la reelecci\u00f3n de Medina, ahora con mucho mayores dificultades para justificar una nueva reforma a su propia Constituci\u00f3n., aunque es amplia<span class=\"Apple-converted-space\">\u00a0\u00a0<\/span>la convicci\u00f3n de que el reeleccionismo siempre se impone, lo que no fue cierto con Balaguer en 1978, Mej\u00eda en el 2004 y con Fern\u00e1ndez en el 2012. Un sagaz dirigente pelede\u00edsta, del poderoso Comit\u00e9 Pol\u00edtico, y para nada favorecedor de Fern\u00e1ndez, opin\u00f3 a t\u00edtulo confidencial que para salvar de nuevo la unidad partidaria, \u00e9ste ser\u00eda el candidato del 2020.\u00a0<\/span><\/p>\n<p class=\"p1\"><span class=\"s1\">Podr\u00e1n ponerse de acuerdo por amor al poder, pero eso llegar\u00eda a la convenci\u00f3n del 2019 y el deterioro pol\u00edtico tender\u00e1 a crecer. A\u00fan as\u00ed, si evitan la divisi\u00f3n los pelede\u00edstas podr\u00e1n apelar a los recursos del clientelismo y los abusos del Estado que han caracterizado su<span class=\"Apple-converted-space\">\u00a0\u00a0<\/span>reinado electoral, con un inmenso aparato medi\u00e1tico, control de organismos decisorios, y recursos multimillonarios acumulados. Por esa raz\u00f3n seguir\u00e1n barajando los proyectos de reformas electorales y de ley de partidos.<\/span><\/p>\n<p class=\"p1\"><span class=\"s1\"><b>Alientan unidad opositora<\/b><\/span><\/p>\n<p class=\"p1\"><span class=\"s1\">Conscientes de los poderes pelede\u00edstas y por las experiencias, en diversos \u00e1mbitos pol\u00edticos y sociales se alienta la posibilidad de promover un frente amplio opositor para los comicios del 2020, y plantean adelantar las gestiones para un consenso program\u00e1tico que aliente optimismo aprovechando la lucha interna que paraliza al PLD, en<span class=\"Apple-converted-space\">\u00a0\u00a0<\/span>baja en las preferencias. La encuesta Asisa lo dej\u00f3 esta semana en 52%, todav\u00eda alto por la debilidad de una oposici\u00f3n que no acaba de recomponerse tras el alentado desgua\u00f1angue del viejo Partido Revolucionario Dominicano, cooptado por el poder pelede\u00edsta.<\/span><\/p>\n<p class=\"p1\"><span class=\"s1\">En la oposici\u00f3n el principal propulsor del frente unido ha sido el presidente de Al Pa\u00eds, Guillermo Moreno, con media docena de art\u00edculos en su p\u00e1gina de los lunes en el Diario Libre. Plantea la discusi\u00f3n de un programa b\u00e1sico que de substancia y aliente un cambio que no sea simplemente de gestores de la actual descomposici\u00f3n del Estado.<\/span><\/p>\n<p class=\"p1\"><span class=\"s1\">Los dirigentes del Partido Revolucionario Moderno (PRD) han planteado tambi\u00e9n el proyecto de unidad. Con el mismo objetivo sali\u00f3 recientemente a la luz p\u00fablica el Movimiento Ciudadano de Rescate Democr\u00e1tico (MIRD), encabezado por profesionales de la calidad experto fiscal Jos\u00e9 Rijo. El experto en turismo Juan Llad\u00f3 ha insistido y hasta ha publicado un amplio proyecto de programa. Se sabe de varios grupos de clases medias que \u201creflexionan\u201d sobre la necesidad de concertaci\u00f3n para un cambio pol\u00edtico, al igual que soci\u00f3logos como C\u00e9sar P\u00e9rez y Wilfredo Lozano.<\/span><\/p>\n<p class=\"p1\"><span class=\"s1\">De hecho, tras las elecciones del 2016, que culminaron en un proceso profundamente desigual, con inconmensurable abuso del poder estatal, la decena de partidos de oposici\u00f3n vienen concertando para exigir las reformas pol\u00edticas y electorales que se discuten hace dos d\u00e9cadas, aunque un par de ellos pudieran volver a aliarse al PLD, sobre todo si Fern\u00e1ndez resulta su candidato.\u00a0<\/span><\/p>\n<p class=\"p1\"><span class=\"s1\"><b>Un programa fundamental<\/b><\/span><\/p>\n<p class=\"p1\"><span class=\"s1\"><b><\/b>Los analistas entienden que si bien es fundamental un programa, no puede ser muy ambicioso si su primer objetivo es vencer el enorme poder del PLD. \u201cEs casi un proyecto de transici\u00f3n democr\u00e1tica, portador de un nuevo modelo de desarrollo que re\u00fana las energ\u00edas y decisi\u00f3n de amplios sectores sociales, incluyendo del empresariado, o que por lo menos neutralicen su apoyo a los gobernantes.<\/span><\/p>\n<p class=\"p1\"><span class=\"s1\">Las encuestas marcan las preocupaciones fundamentales que tienen que abordarse: la corrupci\u00f3n, impunidad y el clientelismo, la inseguridad ciudadana, el desempleo y los bajos salarios, deterioro de los servicios b\u00e1sicos, como salud, reforma de la seguridad social, transporte, vivienda, saneamiento ambiental y calidad de la educaci\u00f3n. Deber\u00e1 priorizar las reformas institucionales, pol\u00edticas y electorales para restablecer la independencia de los poderes y garantizar el ejercicio pol\u00edtico.<\/span><\/p>\n<p class=\"p2\"><span class=\"s1\">Un programa para rescatar el concierto nacional deber\u00e1 reivindicar la Ley de EstrategiaNacional de Desarrollo y su pacto fiscal y reales controles financieros para contener el endeudamiento y garantizar sostenibilidad, corregir la malversaci\u00f3n y el derroche y hacer menos regresiva la tributaci\u00f3n, y generar un nuevo modelo de crecimiento que potencie a los sectores productivos y promueva las exportaciones.<\/span><\/p>\n<p class=\"p2\"><span class=\"s1\">As\u00ed mismo deber\u00e1 atraerse a la sociedad civil, recogiendo sus reivindicaciones y propiciando la pendiente Ley de Participaci\u00f3n Social, partiendo del reconocimiento de la poca confianza y credibilidad que tiene actualmente el partidarismo pol\u00edtico, documentada por las encuestas de los \u00faltimos meses: Latinobar\u00f3metro (15%), Bar\u00f3metro de la Am\u00e9ricas (20%),<span class=\"Apple-converted-space\">\u00a0\u00a0<\/span>Penn-SIN (15% de los j\u00f3venes), Gallup-HOY (15.5%). Asisa de esta semana indica que desde el 2014 los que se declaran miembros de partidos cayeron del 31 al 14%, y que los independientes crecieron del 4 al 29%.<\/span><\/p>\n<p class=\"p1\"><span class=\"s1\"><b>Un frente como el chileno<\/b><\/span><\/p>\n<p class=\"p1\"><span class=\"s1\">Hay muchas experiencias en el mundo de concertaci\u00f3n para vencer un dominio pol\u00edtico absolutista, y entre los m\u00e1s relevantes siempre se recuerda el que permiti\u00f3 superar la dictadura de Pinochet en Chile, que reuni\u00f3 a todo el espectro opositor, desde la derecha a la izquierda, incluso a partidos que contribuyeron al sangriento derrocamiento del gobierno de la Unidad Popular de Salvador Allende. Esa concertaci\u00f3n se ha mantenido durante m\u00e1s de dos d\u00e9cadas escogiendo candidatos comunes mediante primarias democr\u00e1ticas.<\/span><\/p>\n<p class=\"p1\"><span class=\"s1\">En el pa\u00eds no ha habido tanta vocaci\u00f3n ni urgencia para una concertaci\u00f3n, pero el cansancio y el deterioro del Estado social y democr\u00e1tico de derechos parece demandarla, y los dirigentes pol\u00edticos tendr\u00e1n que aprender que no vale la pena concurrir una y otra vez al real \u201cmatadero electoral\u201d que denunciaba el PLD en sus or\u00edgenes.<\/span><\/p>\n<p class=\"p1\"><span class=\"s1\">Tendr\u00edan que entender que todos no pueden ser candidatos presidenciales<span class=\"Apple-converted-space\">\u00a0\u00a0<\/span>para quedarse por debajo del 2 % del sufragio, por lo menos hasta que se institucionalicen mecanismos que garanticen competencia m\u00e1s equitativa. Que muchos de ellos ser\u00edan estrellas en el Congreso o a la cabeza de municipios desde los cuales podr\u00edan constituir nuevas opciones de poder.-<\/span><\/p>\n","protected":false},"excerpt":{"rendered":"<p>Juan Bolivar Diaz (Hoy, 7-4-18) &nbsp; En los \u00e1mbitos de la oposici\u00f3n pol\u00edtica se baraja la posibilidad de un frente electoral\u00a0\u00a0para enfrentar los poderes casi absolutos del Partido de la Liberaci\u00f3n Dominicana (PLD) en las elecciones del 2020, en base a un programa para el rescate de las instituciones democr\u00e1ticas\u00a0\u00a0y un nuevo modelo de desarrollo [&hellip;]<\/p>\n","protected":false},"author":1,"featured_media":24231,"comment_status":"open","ping_status":"open","sticky":false,"template":"","format":"standard","meta":{"footnotes":""},"categories":[5,12],"tags":[],"class_list":["post-26010","post","type-post","status-publish","format-standard","has-post-thumbnail","hentry","category-nacionales","category-politica-3"],"_links":{"self":[{"href":"https:\/\/debateplural.net\/site\/wp-json\/wp\/v2\/posts\/26010"}],"collection":[{"href":"https:\/\/debateplural.net\/site\/wp-json\/wp\/v2\/posts"}],"about":[{"href":"https:\/\/debateplural.net\/site\/wp-json\/wp\/v2\/types\/post"}],"author":[{"embeddable":true,"href":"https:\/\/debateplural.net\/site\/wp-json\/wp\/v2\/users\/1"}],"replies":[{"embeddable":true,"href":"https:\/\/debateplural.net\/site\/wp-json\/wp\/v2\/comments?post=26010"}],"version-history":[{"count":1,"href":"https:\/\/debateplural.net\/site\/wp-json\/wp\/v2\/posts\/26010\/revisions"}],"predecessor-version":[{"id":26011,"href":"https:\/\/debateplural.net\/site\/wp-json\/wp\/v2\/posts\/26010\/revisions\/26011"}],"wp:featuredmedia":[{"embeddable":true,"href":"https:\/\/debateplural.net\/site\/wp-json\/wp\/v2\/media\/24231"}],"wp:attachment":[{"href":"https:\/\/debateplural.net\/site\/wp-json\/wp\/v2\/media?parent=26010"}],"wp:term":[{"taxonomy":"category","embeddable":true,"href":"https:\/\/debateplural.net\/site\/wp-json\/wp\/v2\/categories?post=26010"},{"taxonomy":"post_tag","embeddable":true,"href":"https:\/\/debateplural.net\/site\/wp-json\/wp\/v2\/tags?post=26010"}],"curies":[{"name":"wp","href":"https:\/\/api.w.org\/{rel}","templated":true}]}}