{"id":26178,"date":"2018-07-13T12:33:58","date_gmt":"2018-07-13T16:33:58","guid":{"rendered":"http:\/\/debateplural.com\/?p=26178"},"modified":"2018-07-13T15:06:48","modified_gmt":"2018-07-13T19:06:48","slug":"crisis-de-la-economia-dominicana-xxiv","status":"publish","type":"post","link":"https:\/\/debateplural.net\/site\/2018\/07\/13\/crisis-de-la-economia-dominicana-xxiv\/","title":{"rendered":"Crisis de la econom\u00eda dominicana (XXIV)"},"content":{"rendered":"<h3 style=\"text-align: center;\">Crecimiento de la deuda externa<\/h3>\n<p>&nbsp;<\/p>\n<p>Este jueves el gobierno coloc\u00f3 en el mercado internacional bonos soberanos por un monto total de US$1,300 millones a un plazo de 10 a\u00f1os y una tasa de 6 %.<\/p>\n<p>La informaci\u00f3n fue dada a conocer por el ministro de Hacienda, Donald Guerrero Ortiz, quien inform\u00f3 que la demanda total por el bono soberano dominicano fue muy superior al monto ofertado por el pa\u00eds.<\/p>\n<p>\u201cPara esta transacci\u00f3n recibimos \u00f3rdenes de alrededor de 200 cuentas de inversionistas internacionales y locales, para una demanda de alrededor de US$3,500 millones; es decir, unas 2.7 veces m\u00e1s que el monto adjudicado\u201d, precis\u00f3 el funcionario.<\/p>\n<p>Guerrero declar\u00f3 que esta emisi\u00f3n demuestra \u201cla confianza de la comunidad de inversionistas internacionales en los fundamentos macroecon\u00f3micos del pa\u00eds, as\u00ed como en el desempe\u00f1o reciente y las perspectivas futuras de la econom\u00eda dominicana y de las finanzas p\u00fablicas\u201d, indic\u00f3 la nota.<\/p>\n<p>El gobierno ha emitidos deuda dos veces m\u00e1s en lo que va de a\u00f1o. Ambas se realizaron en enero, en dos operaciones distintas: una por US$1,000 millones, y otra denominada en pesos dominicanos, por un equivalente a US$822 millones.<\/p>\n","protected":false},"excerpt":{"rendered":"<p>Crecimiento de la deuda externa &nbsp; Este jueves el gobierno coloc\u00f3 en el mercado internacional bonos soberanos por un monto total de US$1,300 millones a un plazo de 10 a\u00f1os y una tasa de 6 %. La informaci\u00f3n fue dada a conocer por el ministro de Hacienda, Donald Guerrero Ortiz, quien inform\u00f3 que la demanda [&hellip;]<\/p>\n","protected":false},"author":1,"featured_media":19657,"comment_status":"open","ping_status":"open","sticky":false,"template":"","format":"standard","meta":{"footnotes":""},"categories":[3,5],"tags":[],"class_list":["post-26178","post","type-post","status-publish","format-standard","has-post-thumbnail","hentry","category-economia","category-nacionales"],"_links":{"self":[{"href":"https:\/\/debateplural.net\/site\/wp-json\/wp\/v2\/posts\/26178"}],"collection":[{"href":"https:\/\/debateplural.net\/site\/wp-json\/wp\/v2\/posts"}],"about":[{"href":"https:\/\/debateplural.net\/site\/wp-json\/wp\/v2\/types\/post"}],"author":[{"embeddable":true,"href":"https:\/\/debateplural.net\/site\/wp-json\/wp\/v2\/users\/1"}],"replies":[{"embeddable":true,"href":"https:\/\/debateplural.net\/site\/wp-json\/wp\/v2\/comments?post=26178"}],"version-history":[{"count":1,"href":"https:\/\/debateplural.net\/site\/wp-json\/wp\/v2\/posts\/26178\/revisions"}],"predecessor-version":[{"id":26179,"href":"https:\/\/debateplural.net\/site\/wp-json\/wp\/v2\/posts\/26178\/revisions\/26179"}],"wp:featuredmedia":[{"embeddable":true,"href":"https:\/\/debateplural.net\/site\/wp-json\/wp\/v2\/media\/19657"}],"wp:attachment":[{"href":"https:\/\/debateplural.net\/site\/wp-json\/wp\/v2\/media?parent=26178"}],"wp:term":[{"taxonomy":"category","embeddable":true,"href":"https:\/\/debateplural.net\/site\/wp-json\/wp\/v2\/categories?post=26178"},{"taxonomy":"post_tag","embeddable":true,"href":"https:\/\/debateplural.net\/site\/wp-json\/wp\/v2\/tags?post=26178"}],"curies":[{"name":"wp","href":"https:\/\/api.w.org\/{rel}","templated":true}]}}