{"id":26238,"date":"2018-07-11T13:23:21","date_gmt":"2018-07-11T17:23:21","guid":{"rendered":"http:\/\/debateplural.com\/?p=26238"},"modified":"2018-07-16T13:25:39","modified_gmt":"2018-07-16T17:25:39","slug":"una-ley-que-muestra-la-verdad-sobre-israel","status":"publish","type":"post","link":"https:\/\/debateplural.net\/site\/2018\/07\/11\/una-ley-que-muestra-la-verdad-sobre-israel\/","title":{"rendered":"Una ley que muestra la verdad sobre Israel"},"content":{"rendered":"<p>Gideon Levy (Rebelion, 11-7-18)<\/p>\n<p>&nbsp;<\/p>\n<p>&nbsp;<\/p>\n<p><b>La ley del Estado-naci\u00f3n lo deja claro. Israel es solo para jud\u00edos, escrito negro sobre blanco. Es m\u00e1s f\u00e1cil de esta manera para todos.\u00a0<\/b><\/p>\n<p>La\u00a0<i>Knesset\u00a0<\/i>est\u00e1 a punto de emitir una de sus leyes m\u00e1s importantes y la m\u00e1s acorde con la realidad. La\u00a0ley del Estado-naci\u00f3n\u00a0pondr\u00e1 fin al vago nacionalismo de Israel y presentar\u00e1 al sionismo tal como es. La ley tambi\u00e9n pondr\u00e1 fin a la farsa de que Israel es \"jud\u00edo y democr\u00e1tico\", una combinaci\u00f3n que nunca existi\u00f3 y que nunca podr\u00eda existir debido a la contradicci\u00f3n inherente entre los dos valores que no pueden conciliarse, excepto por el enga\u00f1o.<\/p>\n<p>Si el Estado es jud\u00edo no puede ser democr\u00e1tico debido a la falta de igualdad, si es democr\u00e1tico no puede ser jud\u00edo porque una democracia no otorga privilegios basados en la etnia. As\u00ed que ahora la\u00a0<i>Knesset<\/i>\u00a0ha decidido: Israel es jud\u00edo. Israel est\u00e1 declarando que es el Estado-naci\u00f3n del pueblo jud\u00edo, no un Estado de sus ciudadanos, no es un Estado de los dos pueblos que viven dentro de \u00e9l y por lo tanto ha dejado de ser una democracia igualitaria, no solo en la pr\u00e1ctica, sino tambi\u00e9n en teor\u00eda. Es por eso que esta ley es tan importante. Es una ley acerca de la verdad.<\/p>\n<p>El\u00a0alboroto alrededor del proyecto de ley\u00a0fue pensado principalmente como un esfuerzo para continuar con la pol\u00edtica de ambig\u00fcedad nacional. El presidente y el fiscal general, ostensibles guardianes de la decencia, protestaron y recibieron elogios del campo liberal. El presidente grit\u00f3 que la ley ser\u00eda \"un arma en manos de los enemigos de Israel\" y el fiscal general advirti\u00f3 de las \"repercusiones internacionales\".<\/p>\n<p>Ante la posibilidad de que el velo de Israel fuera eliminado antes de que el mundo los impulsara a actuar, Reuven Rivlin -debe decirse- grit\u00f3 con gran vigor y valent\u00eda contra la cl\u00e1usula que permit\u00eda a los comit\u00e9s de aceptaci\u00f3n de la comunidad evaluar a los residentes y sus implicaciones para el r\u00e9gimen, pero la mayor\u00eda de los liberales simplemente se horrorizaron al leer la realidad cuando estaba redactada como ley.<\/p>\n<p>Mordechai Kremnitzer, en el\u00a0<i>Haaretz<\/i>\u00a0del martes, tambi\u00e9n grit\u00f3 en vano cuando dijo que el proyecto de ley \"acarrear\u00eda una revoluci\u00f3n, nada menos\". Significar\u00e1 el fin de Israel como un Estado jud\u00edo y democr\u00e1tico&#8230;\". Agreg\u00f3 que el proyecto de ley convertir\u00eda a Israel en \"un l\u00edder entre pa\u00edses nacionalistas como Polonia y Hungr\u00eda\", como si no lo fuera y no lo hubiera sido desde hace mucho tiempo. En Polonia y Hungr\u00eda no hay tiran\u00eda sobre otra gente carente de derechos, situaci\u00f3n que se ha convertido en una realidad permanente y en una parte inseparable de c\u00f3mo operan este Estado y su r\u00e9gimen, sin un final a la vista.<\/p>\n<p>Todos esos a\u00f1os de hipocres\u00eda fueron agradables. Fue agradable decir que el apartheid solo estaba en Sud\u00e1frica porque todo estaba enraizado en las leyes raciales y nosotros no ten\u00edamos tales leyes. Para decir que Hebr\u00f3n no es apartheid, que el Valle del Jord\u00e1n no es apartheid y que la ocupaci\u00f3n realmente no es parte del r\u00e9gimen. Decir que \u00e9ramos la \u00fanica democracia en la regi\u00f3n, incluso ocupaci\u00f3n mediante.<\/p>\n<p>Fue agradable afirmar que, dado que los \u00e1rabes israel\u00edes pueden votar, somos una democracia igualitaria. Se\u00f1alar que hay un partido \u00e1rabe, aunque est\u00e9 excluido de cualquier toma de decisi\u00f3n. Se\u00f1alar que los \u00e1rabes pueden ser admitidos en los hospitales de los jud\u00edos, que pueden estudiar en las universidades jud\u00edas y vivir en cualquier lugar que elijan (usted elija).<\/p>\n<p>Qu\u00e9 ilustrados somos que nuestro Tribunal Supremo dictamin\u00f3 en el caso Kaadan que una familia \u00e1rabe pod\u00eda comprar una casa en Katzir despu\u00e9s de a\u00f1os de litigios y evasivas sin fin. Qu\u00e9 tolerantes, ya que los \u00e1rabes pueden hablar \u00e1rabe, un idioma oficial. Esto \u00faltimo en realidad es una ficci\u00f3n, el \u00e1rabe nunca se ha aceptado ni remotamente como un idioma oficial, a diferencia de lo que ocurre con el sueco en Finlandia donde la minor\u00eda sueca es mucho m\u00e1s peque\u00f1a que la minor\u00eda \u00e1rabe de aqu\u00ed.<\/p>\n<p>Resultaba c\u00f3modo ignorar que las tierras propiedad del Fondo Nacional Jud\u00edo, que incluyen la mayor\u00eda de las tierras del Estado, eran s\u00f3lo para jud\u00edos, con el apoyo del progresista Tribunal Supremo en esa postura y afirmar que somos una democracia. Era mucho m\u00e1s agradable pensar en nosotros mismos como igualitarios.<\/p>\n<p>Ahora habr\u00e1 una ley que dice la verdad, Israel es solo para los jud\u00edos, escrita en los libros. Estado-naci\u00f3n del pueblo jud\u00edo, no de sus residentes. Los \u00e1rabes son ciudadanos de segunda clase y los s\u00fabditos palestinos no existen. Su destino se determina en Jerusal\u00e9n, pero no son parte del Estado. Es m\u00e1s f\u00e1cil de esta manera para todos.<\/p>\n<p>Sigue habiendo un peque\u00f1o problema con el resto del mundo y con la imagen de Israel que esta ley empa\u00f1ar\u00e1, en cierta medida. No es gran cosa. Los nuevos amigos de Israel estar\u00e1n orgullosos de esta ley. Para ellos ser\u00e1 una luz para las naciones. Y las personas de conciencia de todo el mundo ya conocen la verdad y desde hace mucho tiempo luchan contra ella. \u00bfUn arma para el movimiento BDS? Ciertamente. Israel se lo ha ganado, y ahora lo legislar\u00e1.<\/p>\n","protected":false},"excerpt":{"rendered":"<p>Gideon Levy (Rebelion, 11-7-18) &nbsp; &nbsp; La ley del Estado-naci\u00f3n lo deja claro. Israel es solo para jud\u00edos, escrito negro sobre blanco. Es m\u00e1s f\u00e1cil de esta manera para todos.\u00a0 La\u00a0Knesset\u00a0est\u00e1 a punto de emitir una de sus leyes m\u00e1s importantes y la m\u00e1s acorde con la realidad. La\u00a0ley del Estado-naci\u00f3n\u00a0pondr\u00e1 fin al vago nacionalismo [&hellip;]<\/p>\n","protected":false},"author":1,"featured_media":7822,"comment_status":"open","ping_status":"open","sticky":false,"template":"","format":"standard","meta":{"footnotes":""},"categories":[14,12],"tags":[],"class_list":["post-26238","post","type-post","status-publish","format-standard","has-post-thumbnail","hentry","category-internacionales","category-politica-3"],"_links":{"self":[{"href":"https:\/\/debateplural.net\/site\/wp-json\/wp\/v2\/posts\/26238"}],"collection":[{"href":"https:\/\/debateplural.net\/site\/wp-json\/wp\/v2\/posts"}],"about":[{"href":"https:\/\/debateplural.net\/site\/wp-json\/wp\/v2\/types\/post"}],"author":[{"embeddable":true,"href":"https:\/\/debateplural.net\/site\/wp-json\/wp\/v2\/users\/1"}],"replies":[{"embeddable":true,"href":"https:\/\/debateplural.net\/site\/wp-json\/wp\/v2\/comments?post=26238"}],"version-history":[{"count":1,"href":"https:\/\/debateplural.net\/site\/wp-json\/wp\/v2\/posts\/26238\/revisions"}],"predecessor-version":[{"id":26239,"href":"https:\/\/debateplural.net\/site\/wp-json\/wp\/v2\/posts\/26238\/revisions\/26239"}],"wp:featuredmedia":[{"embeddable":true,"href":"https:\/\/debateplural.net\/site\/wp-json\/wp\/v2\/media\/7822"}],"wp:attachment":[{"href":"https:\/\/debateplural.net\/site\/wp-json\/wp\/v2\/media?parent=26238"}],"wp:term":[{"taxonomy":"category","embeddable":true,"href":"https:\/\/debateplural.net\/site\/wp-json\/wp\/v2\/categories?post=26238"},{"taxonomy":"post_tag","embeddable":true,"href":"https:\/\/debateplural.net\/site\/wp-json\/wp\/v2\/tags?post=26238"}],"curies":[{"name":"wp","href":"https:\/\/api.w.org\/{rel}","templated":true}]}}