{"id":26304,"date":"2018-07-19T10:40:37","date_gmt":"2018-07-19T14:40:37","guid":{"rendered":"http:\/\/debateplural.com\/?p=26304"},"modified":"2018-07-19T10:40:37","modified_gmt":"2018-07-19T14:40:37","slug":"plastico-en-mar-caribe-danan-vida-marina","status":"publish","type":"post","link":"https:\/\/debateplural.net\/site\/2018\/07\/19\/plastico-en-mar-caribe-danan-vida-marina\/","title":{"rendered":"Pl\u00e1stico en mar Caribe da\u00f1an vida marina"},"content":{"rendered":"<div class=\"text\">\n<p>Adalberto de la Rosa (D. Libre, 18-7-18)<\/p>\n<p>&nbsp;<\/p>\n<p>El bi\u00f3logo y ambientalista Luis Carvajal afirm\u00f3 ayer que los residuos s\u00f3lidos arrastrados por los r\u00edos Ozama e Isabela y acumulados en el mar Caribe, tienen impacto directo en la vida marina y, por ende en los humanos, sobre todo con la contaminaci\u00f3n por pl\u00e1sticos. El tambi\u00e9n miembro de la Academia de Ciencias, explic\u00f3 que el problema es m\u00e1s grave que el causado por los aguaceros de los \u00faltimos d\u00edas, que lo que han hecho es evidenciar la falta de una pol\u00edtica sobre el manejo de los residuos s\u00f3lidos en el pa\u00eds.<\/p>\n<p>Expres\u00f3 que ver de repente el Malec\u00f3n lleno de desperdicios, muestra que todas las orillas de los r\u00edos est\u00e1n llenas de desperdicios y ellos est\u00e1n llegando de manera continua y permanente al mar con todos su componentes org\u00e1nicos, bacterias, sustancias t\u00f3xicas de diversos contenidos, las algas y sobre todo lo que m\u00e1s llama la atenci\u00f3n, la presencia masiva de pl\u00e1stico.<\/p>\n<p>\u201cLas part\u00edculas finas terminan taponando los poros de los animales y de los corales evitando que ellos puedan respirar y mat\u00e1ndolos. Tenemos las sustancias que llegan, que son t\u00f3xicas por su acci\u00f3n porque son qu\u00edmicamente t\u00f3xicas, fenoles, solventes, metales pesados, t\u00f3xicos de muchos tipos que llegan al mar y terminan afectando a la biodiversidad marina\u201d.<\/p>\n<p>Sostuvo que muchas personas no tienen claro que existe un v\u00ednculo entre lo que ocurre en el mar y la tierra.<\/p>\n<p>El tambi\u00e9n catedr\u00e1tico de la Universidad Aut\u00f3noma de Santo Domingo dijo que m\u00e1s que discursos y acciones aplaudibles de recogida de basura que muchas veces son \u201cbultos\u201d, se necesitan pol\u00edticas, visiones, presupuestos, ordenamiento institucional , del territorio y educaci\u00f3n ciudadana. Asegur\u00f3 que esos componentes juntos har\u00edan cambiar la realidad de los residuos s\u00f3lidos.<\/p>\n<\/div>\n<div class=\"insert_headline\">\n<div class=\"insert_title\">Responsables sociales<\/div>\n<div class=\"insert_Image\"><\/div>\n<div class=\"insert_text\">\n<p>El ministro de Medio Ambiente, \u00c1ngel Est\u00e9vez, abog\u00f3 por un cambio de cultura basado en educaci\u00f3n ambiental y responsabilidad que permita reducir la contaminaci\u00f3n por pl\u00e1sticos. \u201cEstamos trabajando para crear un sistema de consecuencia para todo aquel que contamine. Con las empresas tambi\u00e9n trabajaremos un plan de reducci\u00f3n en el uso de pl\u00e1sticos\u201d. Agreg\u00f3 que la mayor parte de esa basura es pl\u00e1stico, y afecta toda la vida marina. La basura que no flota, se dispone en diferentes niveles.<\/p>\n<\/div>\n<\/div>\n","protected":false},"excerpt":{"rendered":"<p>Adalberto de la Rosa (D. Libre, 18-7-18) &nbsp; El bi\u00f3logo y ambientalista Luis Carvajal afirm\u00f3 ayer que los residuos s\u00f3lidos arrastrados por los r\u00edos Ozama e Isabela y acumulados en el mar Caribe, tienen impacto directo en la vida marina y, por ende en los humanos, sobre todo con la contaminaci\u00f3n por pl\u00e1sticos. El tambi\u00e9n [&hellip;]<\/p>\n","protected":false},"author":1,"featured_media":26305,"comment_status":"open","ping_status":"open","sticky":false,"template":"","format":"standard","meta":{"footnotes":""},"categories":[13,5],"tags":[],"class_list":["post-26304","post","type-post","status-publish","format-standard","has-post-thumbnail","hentry","category-medio-ambiente","category-nacionales"],"_links":{"self":[{"href":"https:\/\/debateplural.net\/site\/wp-json\/wp\/v2\/posts\/26304"}],"collection":[{"href":"https:\/\/debateplural.net\/site\/wp-json\/wp\/v2\/posts"}],"about":[{"href":"https:\/\/debateplural.net\/site\/wp-json\/wp\/v2\/types\/post"}],"author":[{"embeddable":true,"href":"https:\/\/debateplural.net\/site\/wp-json\/wp\/v2\/users\/1"}],"replies":[{"embeddable":true,"href":"https:\/\/debateplural.net\/site\/wp-json\/wp\/v2\/comments?post=26304"}],"version-history":[{"count":1,"href":"https:\/\/debateplural.net\/site\/wp-json\/wp\/v2\/posts\/26304\/revisions"}],"predecessor-version":[{"id":26306,"href":"https:\/\/debateplural.net\/site\/wp-json\/wp\/v2\/posts\/26304\/revisions\/26306"}],"wp:featuredmedia":[{"embeddable":true,"href":"https:\/\/debateplural.net\/site\/wp-json\/wp\/v2\/media\/26305"}],"wp:attachment":[{"href":"https:\/\/debateplural.net\/site\/wp-json\/wp\/v2\/media?parent=26304"}],"wp:term":[{"taxonomy":"category","embeddable":true,"href":"https:\/\/debateplural.net\/site\/wp-json\/wp\/v2\/categories?post=26304"},{"taxonomy":"post_tag","embeddable":true,"href":"https:\/\/debateplural.net\/site\/wp-json\/wp\/v2\/tags?post=26304"}],"curies":[{"name":"wp","href":"https:\/\/api.w.org\/{rel}","templated":true}]}}