{"id":26307,"date":"2018-07-19T11:07:10","date_gmt":"2018-07-19T15:07:10","guid":{"rendered":"http:\/\/debateplural.com\/?p=26307"},"modified":"2018-07-19T11:07:10","modified_gmt":"2018-07-19T15:07:10","slug":"tengo-cita-con-almagro-en-la-oea","status":"publish","type":"post","link":"https:\/\/debateplural.net\/site\/2018\/07\/19\/tengo-cita-con-almagro-en-la-oea\/","title":{"rendered":"Tengo cita con Almagro en la OEA"},"content":{"rendered":"<p>Tony Raful (Listin, 17-7-18)<\/p>\n<p>&nbsp;<\/p>\n<p>El pr\u00f3ximo viernes tenemos una cita con el Secretario General de la Organizaci\u00f3n de Estados Americanos, OEA, en Washington, en nuestra condici\u00f3n de Presidente del Parlamento Centroamericano. Esta reuni\u00f3n\u00a0 reviste gran importancia para el conjunto de relaciones de los Estados miembros de la OEA que son a la vez, Estados parte del Parlacen. La idea del encuentro reside en la necesidad de apuntalar pol\u00edticas\u00a0 comunes en relaci\u00f3n\u00a0 con proyectos, planteamientos regionales y acuerdos de cooperaci\u00f3n en el marco hemisf\u00e9rico de la lucha por la integraci\u00f3n,\u00a0 preservaci\u00f3n de la paz, el entendimiento entre \u00f3rganos comunitarios que propician objetivos sociales, as\u00ed como respeto por los valores democr\u00e1ticos. Durante un buen tiempo estuvimos propiciando a trav\u00e9s del marco de opiniones cr\u00edticas, la necesidad de que la OEA pidiera perd\u00f3n al pueblo dominicano, por la injusta intervenci\u00f3n militar norteamericana del 28 de abril de 1965, por la oficializaci\u00f3n de parte de este organismo de dicha grosera invasi\u00f3n al crear la \u201cFuerza Interamericana de Paz\u201d. En el marco de las relaciones\u00a0 diplom\u00e1ticas de entonces, la OEA era un d\u00f3cil instrumento de la pol\u00edtica norteamericana dentro el esquema de la llamada \u201cguerra fr\u00eda\u201d.<\/p>\n<p>El movimiento constitucionalista que estall\u00f3 el 24 de abril de 1965 en una alianza de militares patriotas y pueblo reclamando la reposici\u00f3n del orden constitucional y el retorno al poder del profesor Juan Bosch, violentado por el Golpe de Estado del 25 de septiembre de 1963, que tronch\u00f3 nuestra incipiente democracia, fue interrumpido por el desembarco de marines en el momento culminante de ese movimiento popular, cuando las fuerzas golpistas y retr\u00f3gradas, hab\u00edan sido derrotadas militarmente en la hist\u00f3rica batalla del puente Duarte.\u00a0 La Fuerza Interamericana de Paz se cre\u00f3 a partir de la Decima Reuni\u00f3n Consultiva de la OEA, el 23 de mayo\u00a0 de 1965 y cont\u00f3 con apoyo infame de los gobiernos entonces de Honduras, Paraguay, Nicaragua, Costa Rica y Brasil. Se opusieron Chile, Per\u00fa, M\u00e9xico, Uruguay y Ecuador, y se abstuvo Venezuela. Estuvo comandada por un siniestro General brasile\u00f1o llamado Hugo Panasco Alvin, de triste recordaci\u00f3n cuya actividad fundamental radic\u00f3 en abogar por el exterminio de las fuerzas constitucionalistas. Este Panasco Alvin estuvo involucrado en la primera fase de intento de liquidaci\u00f3n del alto mando constitucionalista en el Hotel Matum de Santiago de los Caballeros el 19 de diciembre de 1965, coordinando acciones de los soldados dominicanos al servicio del invasor extranjero. Luego en su pa\u00eds, Panasco, fue figura se\u00f1era en la represi\u00f3n masiva contra el pueblo brasile\u00f1o, actuando como brazo homicida de la dictadura militar del general Humberto Castelo Branco. Un dato curioso de la creaci\u00f3n de la FIP, es que cuando la administraci\u00f3n del presidente Johnson trat\u00f3 de legitimar la invasi\u00f3n a Santo Domingo, involucrando a la OEA para darle car\u00e1cter multilateral, proponiendo la \u201cFuerza Interamericana de Paz\u201d,\u00a0 en una reuni\u00f3n de ministros de Relaciones Exteriores, requiri\u00f3\u00a0 para validar la resoluci\u00f3n que la creaba, al menos 14 votos a favor, y solamente se obtuvieron 13 votos. Entonces hicieron votar al\u00a0 representante del gobierno defenestrado del Triunvirato, que no exist\u00eda legal ni pol\u00edticamente porque hab\u00eda sido\u00a0 depuesto la ma\u00f1ana del 25 de abril de 1965, pero que adem\u00e1s, el se\u00f1or Bonilla Atiles hab\u00eda renunciado a ra\u00edz de la deposici\u00f3n del Triunvirato. Fue\u00a0 con el voto 14, inexistente jur\u00eddica y pol\u00edticamente, del se\u00f1or Bonilla Atiles, que se consagr\u00f3 aquel desafuero, verg\u00fcenza nacional.<\/p>\n<p>La deuda hist\u00f3rica con el pueblo dominicano fue saldada por la OEA durante la celebraci\u00f3n de la 46 Asamblea en nuestro pa\u00eds del 13 al 15 de junio del 2016, cuando ese organismo a solicitud del Gobierno dominicano hizo un desagravio al pueblo dominicano por aquella afrenta al honor nacional. Le correspondi\u00f3 al Secretario General de la OEA, Dr. Luis Almagro, encabezar esa propuesta y apoyarla, con el respaldo de toda la comunidad hemisf\u00e9rica, incluido los Estados Unidos que no se opusieron a esa resoluci\u00f3n. El recuerdo de la OEA hab\u00eda sido positivo en su actitud de condena a la dictadura trujillista en 1960, en la VI Conferencia de Cancilleres celebrada en San Jos\u00e9\u00a0 Costa Rica con la participaci\u00f3n de todos los pa\u00edses miembros del organismo regional a diferencia de lo que ocurrir\u00eda despu\u00e9s en 1965.<\/p>\n<p>Vamos a un encuentro de enfoque, an\u00e1lisis y\u00a0 propuestas entre el Parlamento Centroamericano y la OEA, organismo cuyo radio de acci\u00f3n catapulta\u00a0 iniciativas productivas en el esquema regional de integraci\u00f3n y en la b\u00fasqueda permanente de la paz. Los estados que componen el Parlacen constituyen naciones interesadas en proyectar pol\u00edticas sociales y econ\u00f3micas que promuevan\u00a0 el entendimiento y el progreso material de los pueblos. El Parlacen nace con vocaci\u00f3n de paz y unidad de prop\u00f3sitos tras la consecuci\u00f3n de acuerdos productivos y esencialmente integradores. Los conflictos deben ser resueltos por medio del di\u00e1logo, de la concertaci\u00f3n, de la lucha por la paz, y jam\u00e1s deben ser entes desestabilizadores\u00a0 del orden pactado y validado por el ejercicio democr\u00e1tico del voto, en la medida en que sean garantizados los derechos pol\u00edticos y sociales de la poblaci\u00f3n. Nuestra reuni\u00f3n del viernes en Washington\u00a0 con el Secretario General de la Organizaci\u00f3n de Estados Americanos, Dr. Luis Almagro, ser\u00e1 una reuni\u00f3n progresista y de alcance democr\u00e1tico esencial. Estar\u00e9 acompa\u00f1ado durante esa visita, por los vicepresidentes del Parlacen, Larisa Colindres de Nicaragua, Jaime Mart\u00ednez de Guatemala, Claudio Marte de Rep. Dom, y por el asesor de la Presidencia, Fausto Liz.<\/p>\n<p>El Secretario General de la OEA ser\u00e1 invitado a los Foros del pr\u00f3ximo\u00a0 agosto, que se celebrar\u00e1n en Rep\u00fablica Dominicana, y que discutir\u00e1n\u00a0 temas tan importantes como una pol\u00edtica de Equidad de G\u00e9nero, una Estrategia Tur\u00edstica para Centroam\u00e9rica y el Caribe, y La funci\u00f3n de los Partidos Pol\u00edticos en\u00a0 Centroam\u00e9rica y el Caribe. Estos Foros ser\u00e1n inaugurados por el presidente Danilo Medina.<\/p>\n","protected":false},"excerpt":{"rendered":"<p>Tony Raful (Listin, 17-7-18) &nbsp; El pr\u00f3ximo viernes tenemos una cita con el Secretario General de la Organizaci\u00f3n de Estados Americanos, OEA, en Washington, en nuestra condici\u00f3n de Presidente del Parlamento Centroamericano. Esta reuni\u00f3n\u00a0 reviste gran importancia para el conjunto de relaciones de los Estados miembros de la OEA que son a la vez, Estados [&hellip;]<\/p>\n","protected":false},"author":1,"featured_media":17597,"comment_status":"open","ping_status":"open","sticky":false,"template":"","format":"standard","meta":{"footnotes":""},"categories":[5,12],"tags":[],"class_list":["post-26307","post","type-post","status-publish","format-standard","has-post-thumbnail","hentry","category-nacionales","category-politica-3"],"_links":{"self":[{"href":"https:\/\/debateplural.net\/site\/wp-json\/wp\/v2\/posts\/26307"}],"collection":[{"href":"https:\/\/debateplural.net\/site\/wp-json\/wp\/v2\/posts"}],"about":[{"href":"https:\/\/debateplural.net\/site\/wp-json\/wp\/v2\/types\/post"}],"author":[{"embeddable":true,"href":"https:\/\/debateplural.net\/site\/wp-json\/wp\/v2\/users\/1"}],"replies":[{"embeddable":true,"href":"https:\/\/debateplural.net\/site\/wp-json\/wp\/v2\/comments?post=26307"}],"version-history":[{"count":1,"href":"https:\/\/debateplural.net\/site\/wp-json\/wp\/v2\/posts\/26307\/revisions"}],"predecessor-version":[{"id":26308,"href":"https:\/\/debateplural.net\/site\/wp-json\/wp\/v2\/posts\/26307\/revisions\/26308"}],"wp:featuredmedia":[{"embeddable":true,"href":"https:\/\/debateplural.net\/site\/wp-json\/wp\/v2\/media\/17597"}],"wp:attachment":[{"href":"https:\/\/debateplural.net\/site\/wp-json\/wp\/v2\/media?parent=26307"}],"wp:term":[{"taxonomy":"category","embeddable":true,"href":"https:\/\/debateplural.net\/site\/wp-json\/wp\/v2\/categories?post=26307"},{"taxonomy":"post_tag","embeddable":true,"href":"https:\/\/debateplural.net\/site\/wp-json\/wp\/v2\/tags?post=26307"}],"curies":[{"name":"wp","href":"https:\/\/api.w.org\/{rel}","templated":true}]}}