{"id":26493,"date":"2018-07-27T17:31:10","date_gmt":"2018-07-27T21:31:10","guid":{"rendered":"http:\/\/debateplural.com\/?p=26493"},"modified":"2018-07-27T17:31:10","modified_gmt":"2018-07-27T21:31:10","slug":"amlo-y-el-reloj-del-secretario","status":"publish","type":"post","link":"https:\/\/debateplural.net\/site\/2018\/07\/27\/amlo-y-el-reloj-del-secretario\/","title":{"rendered":"AMLO y el reloj del secretario"},"content":{"rendered":"<p>Miguel \u00c1ngel Ferrer (teleSur, 27-7-18)<\/p>\n<p>&nbsp;<\/p>\n<div>Como era de esperarse, el solo anuncio de las medidas que tomar\u00e1 el nuevo gobierno a partir del 1 de diciembre para reducir los escandalosos salarios de la burocracia dorada ya est\u00e1n generando censuras, resistencias y oposiciones entre los afectados, se\u00f1aladamente los ministros de la Suprema Corte de Justicia y los funcionarios del Instituto Nacional Electoral.<\/div>\n<div><\/div>\n<div>\u00bfC\u00f3mo est\u00e1 eso de que no podr\u00e1n ganar m\u00e1s de 108 mil pesos mensuales en vez de los 600 mil por mes que perciben ahora mismo? \u00bfO c\u00f3mo, en otros casos, dejar de recibir 300 mil pesos al mes para conformarse con recibir un poco menos que el nuevo presidente de la rep\u00fablica?<\/div>\n<div><\/div>\n<div>Unos y otros (y muchos m\u00e1s) defienden sus inmorales ingresos invocando el principio jur\u00eddico que reza: \u201cNinguna ley tendr\u00e1 efecto retroactivo en perjuicio de persona alguna\u201d. Un cl\u00e1sico artilugio de leguleyos para interpretar una ley de car\u00e1cter general con la obvia finalidad de defender intereses personales espurios, in\u00e9ticos, abusivos y desproporcionados. Como si la ley existiera para defender los privilegios de consumados sinverg\u00fcenzas.<\/div>\n<div><\/div>\n<div>Tambi\u00e9n dicen que la reducci\u00f3n de salarios los pondr\u00eda en una situaci\u00f3n de insolvencia econ\u00f3mica pues el nuevo ingreso no les alcanzar\u00eda para pagar los abonos de sus enormes deudas. No podr\u00edan pagar, por ejemplo, la mensualidad de la casa o departamento que poseen en exclusivos barrios de Houston, Par\u00eds, Madrid o San Diego.<\/div>\n<div><\/div>\n<div>Y tampoco tendr\u00edan ya el dinero suficiente para pagar la letra del autom\u00f3vil de lujo, digamos Ferrari o Cadillac reci\u00e9n estrenado o recientemente adquirido para el j\u00fanior, la esposa o el segundo frente. \u00bfY de d\u00f3nde van a sacar el billete para pagar el alquiler de la lujosa casa, blanca o rosada, que alberga al dicho segundo frente?<\/div>\n<div><\/div>\n<div>\u00bfC\u00f3mo con s\u00f3lo 100 mil pesos al mes va a poder comprarse un reloj de 200 mil d\u00f3lares igualito o parecido al que luc\u00eda en la mu\u00f1eca izquierda no hace mucho el licenciado Alfonso Navarrete Prida, secretario de Gobernaci\u00f3n de Enrique Pe\u00f1a Nieto, el que, como se observa f\u00e1cilmente, no est\u00e1 capacitado para vivir en la honrada median\u00eda de la que hablaba el patricio oaxaque\u00f1o como forma de vida del funcionario p\u00fablico?<\/div>\n<div><\/div>\n<div>\u00bfY c\u00f3mo hacerle para pagar a las sexoservidoras que acostumbran contratar. Les gustan las de Santa Fe, el Pedregal o las Lomas de Chapultepec. Y no querr\u00edan verse en la necesidad de darse una vueltecita por el rumbo de La Merced.<\/div>\n<div><\/div>\n<div>\u00bfDe d\u00f3nde, con ese pobre salario, sacar el dinero necesario para pagar las exorbitantes colegiaturas de los nenes en exclusivos colegios en Estados Unidos en los que se preparan para un d\u00eda volver y heredar el sustancioso hueso que les va a heredar su papi?<\/div>\n<div><\/div>\n<div>\u00a1Qu\u00e9 injusticia, qu\u00e9 atrocidad! De veras que este L\u00f3pez Obrador no se mide en sus locuras. Y eso que todav\u00eda no se cruza sobre el pecho la banda presidencial.<\/div>\n<div><\/div>\n<div>Pero no hay que preocuparse. Sin duda el pueblo llano saldr\u00e1 en defensa de su burocracia dorada y adorada, pues sabr\u00e1 comprender que el enorme sacrificio que hacen esos bur\u00f3cratas por proteger al pueblo y velar siempre por su creciente bienestar merece los dichos 600 mil pesos mensuales de salario. No hay duda: el pueblo estar\u00e1 al lado de sus desinteresados protectores.<\/div>\n","protected":false},"excerpt":{"rendered":"<p>Miguel \u00c1ngel Ferrer (teleSur, 27-7-18) &nbsp; Como era de esperarse, el solo anuncio de las medidas que tomar\u00e1 el nuevo gobierno a partir del 1 de diciembre para reducir los escandalosos salarios de la burocracia dorada ya est\u00e1n generando censuras, resistencias y oposiciones entre los afectados, se\u00f1aladamente los ministros de la Suprema Corte de Justicia [&hellip;]<\/p>\n","protected":false},"author":1,"featured_media":25923,"comment_status":"open","ping_status":"open","sticky":false,"template":"","format":"standard","meta":{"footnotes":""},"categories":[14,12],"tags":[],"class_list":["post-26493","post","type-post","status-publish","format-standard","has-post-thumbnail","hentry","category-internacionales","category-politica-3"],"_links":{"self":[{"href":"https:\/\/debateplural.net\/site\/wp-json\/wp\/v2\/posts\/26493"}],"collection":[{"href":"https:\/\/debateplural.net\/site\/wp-json\/wp\/v2\/posts"}],"about":[{"href":"https:\/\/debateplural.net\/site\/wp-json\/wp\/v2\/types\/post"}],"author":[{"embeddable":true,"href":"https:\/\/debateplural.net\/site\/wp-json\/wp\/v2\/users\/1"}],"replies":[{"embeddable":true,"href":"https:\/\/debateplural.net\/site\/wp-json\/wp\/v2\/comments?post=26493"}],"version-history":[{"count":1,"href":"https:\/\/debateplural.net\/site\/wp-json\/wp\/v2\/posts\/26493\/revisions"}],"predecessor-version":[{"id":26494,"href":"https:\/\/debateplural.net\/site\/wp-json\/wp\/v2\/posts\/26493\/revisions\/26494"}],"wp:featuredmedia":[{"embeddable":true,"href":"https:\/\/debateplural.net\/site\/wp-json\/wp\/v2\/media\/25923"}],"wp:attachment":[{"href":"https:\/\/debateplural.net\/site\/wp-json\/wp\/v2\/media?parent=26493"}],"wp:term":[{"taxonomy":"category","embeddable":true,"href":"https:\/\/debateplural.net\/site\/wp-json\/wp\/v2\/categories?post=26493"},{"taxonomy":"post_tag","embeddable":true,"href":"https:\/\/debateplural.net\/site\/wp-json\/wp\/v2\/tags?post=26493"}],"curies":[{"name":"wp","href":"https:\/\/api.w.org\/{rel}","templated":true}]}}