{"id":26555,"date":"2018-07-31T11:12:37","date_gmt":"2018-07-31T15:12:37","guid":{"rendered":"http:\/\/debateplural.com\/?p=26555"},"modified":"2018-07-31T11:12:37","modified_gmt":"2018-07-31T15:12:37","slug":"ahed-tamimi-la-furia-de-la-libertad","status":"publish","type":"post","link":"https:\/\/debateplural.net\/site\/2018\/07\/31\/ahed-tamimi-la-furia-de-la-libertad\/","title":{"rendered":"Ahed Tamimi: la furia de la libertad"},"content":{"rendered":"<p>Leandro Albani (Rebelion, 31-7-18)<\/p>\n<p>&nbsp;<\/p>\n<p><b>\u201cMi felicidad no est\u00e1 completa porque tengo hermanas que permanecen en prisi\u00f3n\u201d, pronunci\u00f3 la joven palestina Ahed Tamimi<\/b>\u00a0cuando este domingo recuper\u00f3 la libertad luego de permanecer casi ocho meses encarcelada tras ser condenada por un tribunal militar israel\u00ed.<\/p>\n<p>Tamimi, convertida en un s\u00edmbolo de la resistencia palestina a la ocupaci\u00f3n, fue juzgada despu\u00e9s de que se conociera un v\u00eddeo en la que abofetea a soldados israel\u00edes que hab\u00edan ingresado a\u00a0<b>Nabi Saleh<\/b>, el pueblo de\u00a0<b>Cisjordania<\/b>\u00a0en donde vive toda su familia.<\/p>\n<p><b>El traslado de Ahed desde la prisi\u00f3n israel\u00ed de Hasharon -situada en Even Yehuda, en el centro del Estado de Israel- hasta su casa estuvo marcado por los abrazos y besos de sus familiares.<\/b>\u00a0En Nabi Saleh, la bandera palestina fue izada para recibir a la joven, que puedo escuchar a los pobladores corear su nombre y vivar a la resistencia palestina.<\/p>\n<p>\u201cLa resistencia continuar\u00e1\u201d, sintetiz\u00f3 la palestina de 17 a\u00f1os que despert\u00f3 la ira de las fuerzas de seguridad hebreas, al mismo tiempo que en este \u00faltimo a\u00f1o recibi\u00f3 un fuerte apoyo internacional.\u00a0<b>Tamimi agradeci\u00f3 a quienes respaldaron su lucha y denunciaron los abusos a los que fue sometida dentro de la c\u00e1rcel, a su vez que solicit\u00f3 el respaldo para los casi seis mil presos pol\u00edticos palestinos, de los cuales 291 son menores de edad.<\/b><\/p>\n<p>Los defensores legales de Ahed lograron pactar su encarcelamiento a cambio de declararse culpable de cuatro de los 12 cargos de los que fue acusada: asaltar al soldado hebreo, incitar a la violencia y dos cargos m\u00e1s por perturbar el curso de las actividades del Ej\u00e9rcito.<\/p>\n<p>Por su parte, la abogada\u00a0<b>Gaby Lasky, quien fue defensora de la joven palestina, declar\u00f3 que \u201cse ha demostrado que las razones de la detenci\u00f3n son pol\u00edticas y no legales\u201d<\/b>\u00a0y transmiti\u00f3 su preocupaci\u00f3n por los peligros para Ahed si vuelve a participar en un manifestaci\u00f3n.<\/p>\n<p>Ahed, que naci\u00f3 el 30 de marzo de 2001, fue detenida el pasado 19 de diciembre cuando ten\u00eda 16 a\u00f1os al aparecer en un v\u00eddeo con su madre y su prima, tambi\u00e9n detenidas, en el que increpaban y se defend\u00edan de soldados israel\u00edes en el patio de su casa de Nabi Saleh.<\/p>\n<p><b>Ese d\u00eda, la joven se acababa de enterar de que, una hora antes, un soldado israel\u00ed le hab\u00eda disparado una bala en la cabeza a uno de sus primos de 15 a\u00f1os, que viv\u00eda en el mismo barrio.<\/b>\u00a0El ni\u00f1o sobrevivi\u00f3 tras una operaci\u00f3n compleja, pero qued\u00f3 desfigurado y los m\u00e9dicos tuvieron que sacarle parte del cr\u00e1neo.<\/p>\n<p>Hija de una familia que realiza diversas actividades contra la ocupaci\u00f3n, a los 11 a\u00f1os Ahed fue fotografiada enfrentando a un soldado israel\u00ed y tambi\u00e9n mordiendo la mano de uno de los uniformados, cuando intentaban llevarse a uno de sus hermanos.<\/p>\n<p><b>En sus primeras declaraciones a la prensa, Tamimi expres\u00f3 que \u201cla ocupaci\u00f3n ser\u00e1 eliminada si los palestinos contin\u00faan la lucha\u201d.<\/b>\u00a0A su vez, elogi\u00f3 la resistencia del pueblo palestino, en especial, de los residentes de la Franja de Gaza, a los que les pidi\u00f3 que mantengan la \u201cunidad\u201d y \u201csolidaridad\u201d para superar los ataques israel\u00edes que se multiplican todos los d\u00edas contra las manifestaciones de la \u201cGran Marcha del Retorno\u201d. Ahed adem\u00e1s denunci\u00f3 la reciente ley del \u201cEstado-naci\u00f3n jud\u00edo\u201d, aprobada por el parlamento de Tel Aviv, a la cual calific\u00f3 de racista. \u201cAl Quds (Jerusal\u00e9n) ser\u00e1 la capital eterna de Palestina\u201d, remarc\u00f3 la joven.<\/p>\n<p>Conforme a varios expertos de la Organizaci\u00f3n de las Naciones Unidas (ONU), con la detenci\u00f3n de Ahed, Israel viol\u00f3 la Convenci\u00f3n sobre los Derechos del Ni\u00f1o.<\/p>\n<p><b>El pasado mi\u00e9rcoles, para conmemorar la liberaci\u00f3n de Tamimi, dos artistas llegados de Italia pintaron el rostro de la joven en el muro de separaci\u00f3n que Israel construy\u00f3 en la ciudad palestina de Bel\u00e9n.<\/b>\u00a0Este s\u00e1bado, soldados israel\u00edes detuvieron a los artistas porque pintar en la pared est\u00e1 prohibido, seg\u00fan argument\u00f3 el Ej\u00e9rcito hebreo.<\/p>\n<p><b>El jueves por la noche, las fuerzas de ocupaci\u00f3n tambi\u00e9n cerraron la entrada a Nabi Saleh, impidiendo la entrada y salida de residentes.<\/b>\u00a0Seg\u00fan fuentes locales recogidas por\u00a0<i>Middle East Monitor<\/i>, un gran n\u00famero de soldados se desplegaron en la aldea. Con menos de mil residentes, Nabi Saleh es una de las aldeas m\u00e1s peque\u00f1as en la Cisjordania ocupada. Desde el a\u00f1o 2009, la aldea ha realizado manifestaciones semanales cada viernes, junto con una docena de aldeas en la ocupada Cisjordania en protesta contra las pol\u00edticas de ocupaci\u00f3n israel\u00edes. La gran mayor\u00eda de la tierra del pueblo se encuentra en el \u201c\u00c1rea C\u201d, que est\u00e1 bajo el completo control israel\u00ed.<\/p>\n<p>Ahed Tamimi se transform\u00f3 en el s\u00edmbolo actual m\u00e1s fuerte de la resistencia palestina frente a la ocupaci\u00f3n israel\u00ed. Su detenci\u00f3n y procesamiento confirmaron, otra vez m\u00e1s, que el Estado de Israel aplica un plan sistem\u00e1tico de represi\u00f3n contra los palestinos y que su blanco predilecto son los m\u00e1s j\u00f3venes. Pero Tamimi tambi\u00e9n es parte de la nueva generaci\u00f3n que denuncia y lucha contra las pol\u00edticas represivas de un Estado que erige la limpieza \u00e9tnica como pol\u00edtica oficial. Ahed, sus hermanas y hermanos, y los miles de j\u00f3venes palestinos saben que en las calles de sus pueblos y ciudades es donde la fuerzas de ocupaci\u00f3n israel\u00edes deben ser detenidas.<\/p>\n","protected":false},"excerpt":{"rendered":"<p>Leandro Albani (Rebelion, 31-7-18) &nbsp; \u201cMi felicidad no est\u00e1 completa porque tengo hermanas que permanecen en prisi\u00f3n\u201d, pronunci\u00f3 la joven palestina Ahed Tamimi\u00a0cuando este domingo recuper\u00f3 la libertad luego de permanecer casi ocho meses encarcelada tras ser condenada por un tribunal militar israel\u00ed. Tamimi, convertida en un s\u00edmbolo de la resistencia palestina a la ocupaci\u00f3n, [&hellip;]<\/p>\n","protected":false},"author":1,"featured_media":26556,"comment_status":"open","ping_status":"open","sticky":false,"template":"","format":"standard","meta":{"footnotes":""},"categories":[14,12],"tags":[],"class_list":["post-26555","post","type-post","status-publish","format-standard","has-post-thumbnail","hentry","category-internacionales","category-politica-3"],"_links":{"self":[{"href":"https:\/\/debateplural.net\/site\/wp-json\/wp\/v2\/posts\/26555"}],"collection":[{"href":"https:\/\/debateplural.net\/site\/wp-json\/wp\/v2\/posts"}],"about":[{"href":"https:\/\/debateplural.net\/site\/wp-json\/wp\/v2\/types\/post"}],"author":[{"embeddable":true,"href":"https:\/\/debateplural.net\/site\/wp-json\/wp\/v2\/users\/1"}],"replies":[{"embeddable":true,"href":"https:\/\/debateplural.net\/site\/wp-json\/wp\/v2\/comments?post=26555"}],"version-history":[{"count":1,"href":"https:\/\/debateplural.net\/site\/wp-json\/wp\/v2\/posts\/26555\/revisions"}],"predecessor-version":[{"id":26557,"href":"https:\/\/debateplural.net\/site\/wp-json\/wp\/v2\/posts\/26555\/revisions\/26557"}],"wp:featuredmedia":[{"embeddable":true,"href":"https:\/\/debateplural.net\/site\/wp-json\/wp\/v2\/media\/26556"}],"wp:attachment":[{"href":"https:\/\/debateplural.net\/site\/wp-json\/wp\/v2\/media?parent=26555"}],"wp:term":[{"taxonomy":"category","embeddable":true,"href":"https:\/\/debateplural.net\/site\/wp-json\/wp\/v2\/categories?post=26555"},{"taxonomy":"post_tag","embeddable":true,"href":"https:\/\/debateplural.net\/site\/wp-json\/wp\/v2\/tags?post=26555"}],"curies":[{"name":"wp","href":"https:\/\/api.w.org\/{rel}","templated":true}]}}