{"id":26594,"date":"2018-08-01T13:50:36","date_gmt":"2018-08-01T17:50:36","guid":{"rendered":"http:\/\/debateplural.com\/?p=26594"},"modified":"2018-08-01T13:50:36","modified_gmt":"2018-08-01T17:50:36","slug":"la-presidencia-de-francia-y-el-gladio-b-y-2","status":"publish","type":"post","link":"https:\/\/debateplural.net\/site\/2018\/08\/01\/la-presidencia-de-francia-y-el-gladio-b-y-2\/","title":{"rendered":"La presidencia de Francia y el \u00abGladio B\u00bb (y 2)"},"content":{"rendered":"<p>Thierry Meysan (RedVoltaire, 29-7-18)<\/p>\n<p>&nbsp;<\/p>\n<p>Los principales responsables operativos de la red\u00a0<i>stay-behind<\/i>\u2013que deb\u00eda pasar a la clandestinidad en\u00a0caso de invasi\u00f3n sovi\u00e9tica\u2013 hab\u00edan sido responsables y participantes de la represi\u00f3n nazi durante la Segunda Guerra Mundial. Los\u00a0franceses saben que el capit\u00e1n SS y jefe de la Gestapo en\u00a0Lyon, Klaus Barbie, trabaj\u00f3 para la\u00a0CIA en\u00a0Bolivia \u2013como miembro del\u00a0<i>stay-behind<\/i>\u2013 en la b\u00fasqueda y captura del Che\u00a0Guevara, pero no\u00a0saben que el ex\u00a0prefecto de polic\u00eda de Par\u00eds Maurice Papon\u00a0[<a id=\"nh7\" class=\"spip_note\" title=\"A pesar de haber colaborado con la ocupaci\u00f3n nazi en Francia como\u00a0(...)\" href=\"http:\/\/www.voltairenet.org\/article202205.html#nb7\" rel=\"footnote\">7<\/a>], bajo cuya responsabilidad un\u00a0centenar de argelinos fueron masacrados \u2013en\u00a0plena capital francesa\u2013 el 17 de octubre de\u00a01961, era en aquel momento uno de los responsables del\u00a0<i>stay\u00a0behind<\/i>\u00a0en\u00a0Francia, a\u00a0cargo de la lucha contra el\u00a0FNL\u00a0[<a id=\"nh8\" class=\"spip_note\" title=\"\u00abLa guerra secreta en Francia\u00bb, por Daniele Ganser, Red Voltaire, 1\u00ba de mayo\u00a0(...)\" href=\"http:\/\/www.voltairenet.org\/article202205.html#nb8\" rel=\"footnote\">8<\/a>].<\/p>\n<p>Aqu\u00ed mismo, en Damasco, la capital siria, donde resido actualmente, otro oficial de las SS, Alois Brunner, que hab\u00eda dirigido en\u00a0Francia el campo de concentraci\u00f3n de\u00a0Drancy, fue consejero de los servicios secretos sirios, enviado por la\u00a0CIA estadounidense y el\u00a0MI6 brit\u00e1nico a mediados de los a\u00f1os\u00a01950 para impedir que Siria se\u00a0pasara al\u00a0bando sovi\u00e9tico. En\u00a0cuanto asumi\u00f3 el\u00a0poder, en julio de\u00a02007, el\u00a0presidente Bachar al-Assad orden\u00f3 el\u00a0arresto de Alois Brunner.<\/p>\n<p>En Francia, el\u00a0<i>stay-behind<\/i>\u00a0se\u00a0volvi\u00f3 en\u00a0contra del gobierno de Charles De\u00a0Gaulle, acus\u00e1ndolo de haber dejado Argelia en\u00a0manos de los sovi\u00e9ticos. El\u00a0<i>stay-behind<\/i>\u00a0o\u00a0Gladio organiz\u00f3 entonces el golpe de\u00a0Estado de\u00a01961 contra De\u00a0Gaulle y financi\u00f3 la OAS (Organizaci\u00f3n del Ej\u00e9rcito Secreto). De\u00a0Gaulle respondi\u00f3 recuperando varios agentes y creando con\u00a0ellos una milicia secreta contra la milicia secreta que era la OAS financiada por la\u00a0CIA y el\u00a0MI6. La\u00a0milicia secreta de De\u00a0Gaulle fue el Servicio de Acci\u00f3n C\u00edvica (SAC)\u00a0[<a id=\"nh9\" class=\"spip_note\" title=\"\u00abCuando el stay-behind puso a De Gaulle en el poder\u00bb y \u00abCuando el stay-behind\u00a0(...)\" href=\"http:\/\/www.voltairenet.org\/article202205.html#nb9\" rel=\"footnote\">9<\/a>].<\/p>\n<p>A pesar de las apariencias, todo lo\u00a0anterior no\u00a0es tan antiguo como parece porque todav\u00eda tenemos en el\u00a0mundo de la pol\u00edtica actual varias personalidades que fueron miembros de la red\u00a0<i>stay-behind<\/i>. Una de esas personalidades es el actual presidente de la Comisi\u00f3n Europea, Jean-Claude Junker, quien fue el\u00a0jefe del Gladio en Luxemburgo\u00a0[<a id=\"nh10\" class=\"spip_note\" title=\"\u00abGladio en Luxemburgo: Juncker obligado a dimitir\u00bb, Red Voltaire, 10 de julio\u00a0(...)\" href=\"http:\/\/www.voltairenet.org\/article202205.html#nb10\" rel=\"footnote\">10<\/a>].<\/p>\n<dl class=\"spip_document_174556 spip_documents spip_documents_right\">\n<dt><\/dt>\n<dt class=\"crayon document-titre-174556 spip_doc_titre\">Por supuesto, en pleno siglo XXI ya no\u00a0se tortura y se\u00a0asesina a la gente como\u00a0antes. Ahora se\u00a0utiliza la\u00a0prensa para desacreditar a los\u00a0que crean problemas. Como ya no\u00a0hay Uni\u00f3n\u00a0Sovi\u00e9tica, tampoco hay\u00a0<i>stay-behind<\/i>. Pero aquel personal, ya utilizado\u2026 y renovado, ha habido que \u201creciclarlo\u201d. Muchos elementos demuestran que aquellos agentes dirigieron primeramente la yihad contra los\u00a0sovi\u00e9ticos en\u00a0Afganist\u00e1n y\u00a0que actualmente hacen lo\u00a0mismo en\u00a0contra de Rusia\u00a0[<a id=\"nh11\" class=\"spip_note\" title=\"Ver la segunda parte de Sous nos yeux. Du 11-septembre \u00e0 Donald Trump,\u00a0(...)\" href=\"http:\/\/www.voltairenet.org\/article202205.html#nb11\" rel=\"footnote\">11<\/a>], al\u00a0extremo de llegar a ser designados por el\u00a0FBI como\u00a0<i>Gladio\u00a0B<\/i>\u00a0[<a id=\"nh12\" class=\"spip_note\" title=\"Para m\u00e1s informaci\u00f3n, ver los libros y documentales de Sibel Edmonds, ex\u00a0(...)\" href=\"http:\/\/www.voltairenet.org\/article202205.html#nb12\" rel=\"footnote\">12<\/a>]. La\u00a0eficacia de esa red en el \u00ab<i>Medio Oriente ampliado<\/i>\u00bb durante los \u00faltimos 17\u00a0a\u00f1os est\u00e1 m\u00e1s que comprobada.<\/dt>\n<\/dl>\n<p>En Estados Unidos, la cuesti\u00f3n de la lucha contra el terrorismo \u2013o su manipulaci\u00f3n\u2013 depend\u00eda precisamente del\u00a0<i>US Secret\u00a0Service<\/i>, el\u00a0Servicio Secreto, y la Presidencia de Francia estaba preparando la\u00a0creaci\u00f3n de un equipo similar. Resulta extra\u00f1o el\u00a0hecho que ya se\u00a0cre\u00f3 un equipo paralelo a la\u00a0<i>task\u00a0force<\/i>\u00a0antiterrorista de la Presidencia de Francia. Esta \u00faltima se\u00a0halla bajo la direcci\u00f3n del prefecto Pierre de Bousquet de\u00a0Florian, mientras que la direcci\u00f3n del \u00ab<i>grupo<\/i>\u00bb paralelo est\u00e1 en\u00a0manos de un \u00ab<i>encargado de\u00a0misi\u00f3n<\/i>\u00bb que s\u00f3lo rinde\u00a0cuentas al almirante Bernard Rogel, jefe del estado\u00a0mayor particular del presidente de la Rep\u00fablica. Seg\u00fan la publicaci\u00f3n\u00a0<i>L\u2019Opinion<\/i>, fue ese \u00ab<i>encargado de\u00a0misi\u00f3n<\/i>\u00bb, Ludovic Chaker, quien favoreci\u00f3 la decisi\u00f3n de contratar a Benalla. Ludovic Chaker es un \u00ab<i>ex<\/i>\u00bb\u00a0agente de la DGSE (Direcci\u00f3n General de la Seguridad Exterior\u00a0[<a id=\"nh13\" class=\"spip_note\" title=\"A pesar de lo que sugiere su nombre, la Direcci\u00f3n General de la Seguridad\u00a0(...)\" href=\"http:\/\/www.voltairenet.org\/article202205.html#nb13\" rel=\"footnote\">13<\/a>])\u00a0[<a id=\"nh14\" class=\"spip_note\" title=\"\u00abLudovic Chaker: un ami de Benalla est \u00abcharg\u00e9 de mission\u00bb aupr\u00e8s de l\u2019amiral\u00a0(...)\" href=\"http:\/\/www.voltairenet.org\/article202205.html#nb14\" rel=\"footnote\">14<\/a>].<\/p>\n<p>No se trata de comparar a Alexandre Benalla con Maurice Papon sino de que nos\u00a0preguntemos si es\u00a0posible que Benalla sea miembro de una fuerza represiva ilegal que hoy se\u00a0halla en proceso de formaci\u00f3n (\u00bfo de reinstauraci\u00f3n?) en\u00a0Europa.<\/p>\n<h3 class=\"spip\">\u00bfQui\u00e9n desencaden\u00f3<br \/>\nel esc\u00e1ndalo Benalla?<\/h3>\n<p>Al\u00a0no\u00a0existir una denuncia proveniente de las personas maltratadas por Alexandre Benalla y ante la dificultad que presentaba su identificaci\u00f3n en las im\u00e1genes de los incidentes, resulta muy evidente que el\u00a0esc\u00e1ndalo no\u00a0estall\u00f3 espont\u00e1neamente.<\/p>\n<p>Las personas que hicieron estallar este esc\u00e1ndalo deb\u00edan estar muy bien informadas, tanto sobre Alexandre Benalla como sobre la confusi\u00f3n reinante en la sede de la Presidencia de\u00a0Francia. Pero la posici\u00f3n oficial de esas personas las\u00a0obligaba a actuar con discreci\u00f3n. Es\u00a0dif\u00edcil no\u00a0pensar, en\u00a0primer lugar, en responsables de la Direcci\u00f3n General de la Seguridad Interior (DGSI) y\u00a0de la Direcci\u00f3n de Inteligencia y Seguridad de la Defensa (DRSD, siglas en\u00a0franc\u00e9s).<\/p>\n<p>Tampoco es imposible que, al facilitar a Benalla los atributos de la polic\u00eda que este personaje llevaba indebidamente el 1\u00ba de mayo, alg\u00fan responsable (o\u00a0varios) de las fuerzas del orden simplemente estuviese tendiendo una\u00a0trampa a este colaborador del presidente Macron\u00a0[<a id=\"nh15\" class=\"spip_note\" title=\"Ver las declaraciones del director de Orden P\u00fablico de la Prefectura de\u00a0(...)\" href=\"http:\/\/www.voltairenet.org\/article202205.html#nb15\" rel=\"footnote\">15<\/a>].<\/p>\n<p>Francia no est\u00e1 hoy en la situaci\u00f3n que\u00a0vivi\u00f3 en\u00a0tiempos de la guerra\u00a0fr\u00eda y durante la guerra de\u00a0Argelia. El\u00a0<i>Affaire Benalla<\/i>no\u00a0tiene nada que\u00a0ver con el caso del SAC. El\u00a0presidente Macron no\u00a0estaba tratando de proteger a\u00a0Francia de una milicia sediciosa, como hizo Charles De\u00a0Gaulle, a\u00fan al\u00a0precio de violar \u00e9l\u00a0tambi\u00e9n las\u00a0leyes de la Rep\u00fablica.<\/p>\n<p>Estamos, por el contrario, en una situaci\u00f3n de enfrentamiento en la que Rusia y Estados\u00a0Unidos luchan contra el Estado\u00a0Profundo anglosaj\u00f3n, desencadenado contra el\u00a0presidente Trump.<\/p>\n","protected":false},"excerpt":{"rendered":"<p>Thierry Meysan (RedVoltaire, 29-7-18) &nbsp; Los principales responsables operativos de la red\u00a0stay-behind\u2013que deb\u00eda pasar a la clandestinidad en\u00a0caso de invasi\u00f3n sovi\u00e9tica\u2013 hab\u00edan sido responsables y participantes de la represi\u00f3n nazi durante la Segunda Guerra Mundial. Los\u00a0franceses saben que el capit\u00e1n SS y jefe de la Gestapo en\u00a0Lyon, Klaus Barbie, trabaj\u00f3 para la\u00a0CIA en\u00a0Bolivia \u2013como miembro [&hellip;]<\/p>\n","protected":false},"author":1,"featured_media":16869,"comment_status":"open","ping_status":"open","sticky":false,"template":"","format":"standard","meta":{"footnotes":""},"categories":[14,12],"tags":[],"class_list":["post-26594","post","type-post","status-publish","format-standard","has-post-thumbnail","hentry","category-internacionales","category-politica-3"],"_links":{"self":[{"href":"https:\/\/debateplural.net\/site\/wp-json\/wp\/v2\/posts\/26594"}],"collection":[{"href":"https:\/\/debateplural.net\/site\/wp-json\/wp\/v2\/posts"}],"about":[{"href":"https:\/\/debateplural.net\/site\/wp-json\/wp\/v2\/types\/post"}],"author":[{"embeddable":true,"href":"https:\/\/debateplural.net\/site\/wp-json\/wp\/v2\/users\/1"}],"replies":[{"embeddable":true,"href":"https:\/\/debateplural.net\/site\/wp-json\/wp\/v2\/comments?post=26594"}],"version-history":[{"count":1,"href":"https:\/\/debateplural.net\/site\/wp-json\/wp\/v2\/posts\/26594\/revisions"}],"predecessor-version":[{"id":26595,"href":"https:\/\/debateplural.net\/site\/wp-json\/wp\/v2\/posts\/26594\/revisions\/26595"}],"wp:featuredmedia":[{"embeddable":true,"href":"https:\/\/debateplural.net\/site\/wp-json\/wp\/v2\/media\/16869"}],"wp:attachment":[{"href":"https:\/\/debateplural.net\/site\/wp-json\/wp\/v2\/media?parent=26594"}],"wp:term":[{"taxonomy":"category","embeddable":true,"href":"https:\/\/debateplural.net\/site\/wp-json\/wp\/v2\/categories?post=26594"},{"taxonomy":"post_tag","embeddable":true,"href":"https:\/\/debateplural.net\/site\/wp-json\/wp\/v2\/tags?post=26594"}],"curies":[{"name":"wp","href":"https:\/\/api.w.org\/{rel}","templated":true}]}}