{"id":26624,"date":"2018-08-02T10:10:58","date_gmt":"2018-08-02T14:10:58","guid":{"rendered":"http:\/\/debateplural.com\/?p=26624"},"modified":"2018-08-02T12:24:49","modified_gmt":"2018-08-02T16:24:49","slug":"in-memoriam-lipe-collado-22","status":"publish","type":"post","link":"https:\/\/debateplural.net\/site\/2018\/08\/02\/in-memoriam-lipe-collado-22\/","title":{"rendered":"In memoriam Lipe Collado (22)"},"content":{"rendered":"<h3 style=\"text-align: center;\">Expresi\u00f3n refleja africana en dictadores<\/h3>\n<p>&nbsp;<\/p>\n<p>Lipe Collado (8-10-13)<\/p>\n<p>&nbsp;<\/p>\n<p>Los dominicanos hemos tenido en el devenir hist\u00f3rico perfiles trascendentes de la expresi\u00f3n refleja de lo africano encapsulado en 63 a\u00f1os de dictaduras \u2013con aristas tir\u00e1nicas- ejercidas por descendientes de haitianos cuando no de esclavo africano, a saber, Buenaventura B\u00e1ez, cinco veces Presidente, que gobern\u00f3 por 13 a\u00f1os, el prieto ma\u00f1\u00e9 Ulises Hereaux Lebel, tres veces Presidente, que gobern\u00f3 por 19 a\u00f1os, y el mulato muy blanqueado Rafael Leonidas Trujillo Molina, tres veces Presidente, que gobern\u00f3 por 31 a\u00f1os.<\/p>\n<p>Buenaventura B\u00e1ez era hijo de la mulata esclava Teresa de Jes\u00fas M\u00e9ndez, m\u00e1s conocida como Juana M\u00e9ndez, y de Pablo Altagracia B\u00e1ez, el hijo ad\u00faltero y sacr\u00edlego \u2013para m\u00e1s se\u00f1as- del sacerdote blanco Juan S\u00e1nchez Valverde, propietario de la mam\u00e1 de \u00e9ste, mulata esclava casada a la que embaraz\u00f3. Con facciones de blanco, era \u201cindio claro\u201d \u2013\u201cgris\u00e1ceo\u201d, dice el historiador Sumner Welles- y de pelo crespo -\u201cpelo malo\u201d -El mulato blanqueado B\u00e1ez, inescrupuloso, entreguista y negador de los valores nacionales, estuvo bajo el acoso de los hispan\u00f3filos -que distribuyeron retratos hechos a mano en el que aparec\u00eda \u201cprieto\u201d-, de donde reaccionaba con vigor en contra del liderazgo de estos, representado sobre todo por Pedro Santana.<\/p>\n<blockquote><p>Tambi\u00e9n aparecen destellos de africanidad atrapada en sus or\u00edgenes en Trujillo Molina, que gobern\u00f3 con pu\u00f1o y garras de acero de 1930 a 1961<\/p><\/blockquote>\n<p>Ulises Hereaux Lebel, Lil\u00eds, dictador por 19 a\u00f1os, es el arquetipo pol\u00edtico y humano simb\u00f3lico de la m\u00e1xima expresi\u00f3n refleja de lo africano: hijo de un oficial haitiano mulato n\u00e9grido, nacionalizado dominicano, a su vez hijo de un franc\u00e9s y de una negra haitiana. La mam\u00e1 de Lil\u00eds era una mulata n\u00e9grida de Saint Tomas, establecida en Puerto Plata, adonde \u00e9l naci\u00f3 el 21 de octubre de 1845.<\/p>\n<p>Se le ha tenido desde siempre como un negro puro porque era de color y facciones africanas. Durante su ejercicio del poder lo racial se constituy\u00f3 en un factor pol\u00edtico opositor de rechazo al negro que tira a africano como asociado a lo malo, superpuesto esto a cierto rechazo est\u00e9tico que ha caracterizado al racismo oral dominicano.<\/p>\n<p>Ejerci\u00f3 el poder en una atm\u00f3sfera impregnada de acciones, expresiones, t\u00e9rminos y consideraciones racistas a tal grado que el propio Lil\u00eds se negreaba y negreaba a los negros y a los mulatos.<\/p>\n<p>Ciertas caracter\u00edsticas singulares de su ejercicio del poder han pervivido en el imaginario popular a trav\u00e9s de un anecdotario avalado documentalmente y referido por testigos de primer orden en el que se mezclan lo racial y lo pol\u00edtico, lo racial y lo social. Inhumano, como todos los tiranos, era disciplinado, fr\u00edo, pr\u00e1ctico, voluntarioso, implacable y sobre todo inteligente, fronterizo con el casi genio. De su rico anecdotario hablaremos otro d\u00eda.<\/p>\n<p>Tambi\u00e9n aparecen destellos de africanidad atrapada en sus or\u00edgenes en Trujillo Molina -que gobern\u00f3 con pu\u00f1o y garras de acero de 1930 a 1961-, hijo de Jos\u00e9 Trujillo Valdez y de Julia Molina. El primero, hijo del espa\u00f1ol Jos\u00e9 Trujillo Monagas y de la mulata dominicana Silveria Valdez, y la segunda, hija del campesino dominicano Pedro Molina y de Luisa Ercin\u00e1 Chevalir, a su vez hija ileg\u00edtima de un oficial haitiano prieto de las tropas ocupantes de 1822 a 1844 y de la haitiana Diyetta Chevalier.<\/p>\n<p>Este tirano cruel\u00edsimo se esforz\u00f3 por \u201cmejorar la raza\u201d, esto es, clarear a los dominicanos promoviendo inmigraciones de espa\u00f1oles, \u00e1rabes y alemanes jud\u00edos, y de otras nacionalidades no negras. A contrapelo de ser un destello de la presencia refleja de lo africano, orden\u00f3 en 1937 el genocidio de miles de haitianos trazando con sangre la l\u00ednea fronteriza definitiva entre las dos naciones\u2026 que ahora la han difuminado.<\/p>\n","protected":false},"excerpt":{"rendered":"<p>Expresi\u00f3n refleja africana en dictadores &nbsp; Lipe Collado (8-10-13) &nbsp; Los dominicanos hemos tenido en el devenir hist\u00f3rico perfiles trascendentes de la expresi\u00f3n refleja de lo africano encapsulado en 63 a\u00f1os de dictaduras \u2013con aristas tir\u00e1nicas- ejercidas por descendientes de haitianos cuando no de esclavo africano, a saber, Buenaventura B\u00e1ez, cinco veces Presidente, que gobern\u00f3 [&hellip;]<\/p>\n","protected":false},"author":1,"featured_media":24442,"comment_status":"open","ping_status":"open","sticky":false,"template":"","format":"standard","meta":{"footnotes":""},"categories":[5,12],"tags":[],"class_list":["post-26624","post","type-post","status-publish","format-standard","has-post-thumbnail","hentry","category-nacionales","category-politica-3"],"_links":{"self":[{"href":"https:\/\/debateplural.net\/site\/wp-json\/wp\/v2\/posts\/26624"}],"collection":[{"href":"https:\/\/debateplural.net\/site\/wp-json\/wp\/v2\/posts"}],"about":[{"href":"https:\/\/debateplural.net\/site\/wp-json\/wp\/v2\/types\/post"}],"author":[{"embeddable":true,"href":"https:\/\/debateplural.net\/site\/wp-json\/wp\/v2\/users\/1"}],"replies":[{"embeddable":true,"href":"https:\/\/debateplural.net\/site\/wp-json\/wp\/v2\/comments?post=26624"}],"version-history":[{"count":1,"href":"https:\/\/debateplural.net\/site\/wp-json\/wp\/v2\/posts\/26624\/revisions"}],"predecessor-version":[{"id":26625,"href":"https:\/\/debateplural.net\/site\/wp-json\/wp\/v2\/posts\/26624\/revisions\/26625"}],"wp:featuredmedia":[{"embeddable":true,"href":"https:\/\/debateplural.net\/site\/wp-json\/wp\/v2\/media\/24442"}],"wp:attachment":[{"href":"https:\/\/debateplural.net\/site\/wp-json\/wp\/v2\/media?parent=26624"}],"wp:term":[{"taxonomy":"category","embeddable":true,"href":"https:\/\/debateplural.net\/site\/wp-json\/wp\/v2\/categories?post=26624"},{"taxonomy":"post_tag","embeddable":true,"href":"https:\/\/debateplural.net\/site\/wp-json\/wp\/v2\/tags?post=26624"}],"curies":[{"name":"wp","href":"https:\/\/api.w.org\/{rel}","templated":true}]}}