{"id":26661,"date":"2018-08-04T11:03:25","date_gmt":"2018-08-04T15:03:25","guid":{"rendered":"http:\/\/debateplural.com\/?p=26661"},"modified":"2018-08-04T11:03:25","modified_gmt":"2018-08-04T15:03:25","slug":"in-illo-tempore-4","status":"publish","type":"post","link":"https:\/\/debateplural.net\/site\/2018\/08\/04\/in-illo-tempore-4\/","title":{"rendered":"In Illo tempore (4)"},"content":{"rendered":"<p>Marcio Veloz Maggiolo (Listin, 3-8-18)<\/p>\n<p>&nbsp;<\/p>\n<p>Esa casa habitada antes por mis t\u00edos y luego, asombrosamente, por Antonio, doble eslab\u00f3n en mis vocaciones, ahora nueva y la misma en mi tiempo\u00a0 po\u00e9tico , pero con una fusi\u00f3n sorprendentemente imaginaria que\u00a0 me gustar\u00eda comparar,\u00a0 se debe haber transformado, de modo fant\u00e1stico, por los\u00a0 numerosos cambios de\u00a0\u00a0 su mobiliario, y\u00a0 por\u00a0 las\u00a0 vivencias de\u00a0 quienes \u201chan\u00a0 sido ahora sus inquilinos\u201d; habr\u00e1\u00a0 resistido biograf\u00edas desconocidas, placeres y gustos\u00a0 de otro tipo;\u00a0 quiz\u00e1s alg\u00fan anciano tambi\u00e9n compartir\u00eda las viejas voces de a\u00f1ejas serenatas. En verdad nunca me atrev\u00ed\u00a0\u00a0 a conocer los transitorios ocupantes que restaron\u00a0 como futuros buscadores de tesoros ajenos, mineros del esp\u00edritu, coleccionistas de un pasado siempre fragmentario, manoseadores de efem\u00e9rides; pero los recuerdos ajenos no se heredan, los dejamos escritos a medias sabiendo que nos contradiremos un d\u00eda, la contradicci\u00f3n del artista que nunca considera terminada su obra.<\/p>\n<p>S\u00e9pase que soy amante de tangos como Casas Viejas y que me duele en los huesos su derrumbe, su destrucci\u00f3n: Pero el remedo de do\u00f1a Carmen, la madre de Antonio,\u00a0 tejiendo en su mecedora serrana,\u00a0 y el anterior de mi\u00a0 t\u00eda Enriqueta Maggiolo, en mis\u00a0 a\u00f1os de la infancia, obsequi\u00e1ndome una selecci\u00f3n de Simbad el Marino, y el libro Coraz\u00f3n,\u00a0 se funden con el\u00a0 de Antonio a\u00f1os m\u00e1s tarde obsequi\u00e1ndome\u00a0 la Paideia de\u00a0 Werner Jaeger, un excepcional\u00a0 estudio de la cultura griega, como si aquellos\u00a0 fueran todos, junto al Mantilla de gratos recuerdos,\u00a0 los primeros libros de una escuela que continuaba y continuar\u00eda.<\/p>\n<p>Mis primas, su piano, Alicia y Gilda Cruzado Maggiolo, sus guitarras y sus voces a d\u00fao, llenaron de canciones mi coraz\u00f3n, canciones que se repiten en mi mente como un concierto en el cual la voz de t\u00edo Am\u00e9rico ensaya sus viejas dotes de Trovador famoso en su juventud, admirador y hasta sucesor de Guti C\u00e1rdenas, cuyas canciones eran sus preferidas. \u201cMuri\u00f3 de pronto mi flor querida, y en el sendero perd\u00ed la calma, y desde entonces qued\u00f3 mi vida, sin una estrella, sin una palma\u201d (Guti). Canciones que ayud\u00e9 a recoger\u00a0 con una semblanza de Am\u00e9rico Cruzado, (Miquico) con el t\u00edtulo \u201cPerfiles del Recuerdo\u201d, homenaje de todos a la dulzura de su voz, y que la crisis de las grabaciones obliga cada vez m\u00e1s a regrabar para evitar la desaparici\u00f3n de\u00a0 estas y otras joyas musicales en crisis.<\/p>\n<p>Cuando en los\u00a0 mismos meses de la guerra de abril, y justamente diez a\u00f1os despu\u00e9s de habernos despedido de nuestros primeros amores, a\u00a0 Norma ,\u00a0 la\u00a0 novia de mi infancia,\u00a0 desde otro balc\u00f3n de la misma calle, Arzobispo Nouel, en otra vivienda de mis t\u00edos,\u00a0 bajo el disparo de fusiles procedentes de las torres de Molinos Dominicanos, volv\u00ed a verla, e iba fugazmente trepada en un jeep\u00a0 revolucionario, y creo ahora que nuestros saludos lanzados a distancia dieron en el blanco y crecieron en nuestros corazones hasta estallar a\u00f1os despu\u00e9s uniendo, como la otra vivienda de la calle Arzobispo Nouel, dos pasados, en tiempos diferentes, pero anunciados como parte de una pulpa vital que demostraba como el pasado se las ingenia para lograr sus objetivos.<\/p>\n","protected":false},"excerpt":{"rendered":"<p>Marcio Veloz Maggiolo (Listin, 3-8-18) &nbsp; Esa casa habitada antes por mis t\u00edos y luego, asombrosamente, por Antonio, doble eslab\u00f3n en mis vocaciones, ahora nueva y la misma en mi tiempo\u00a0 po\u00e9tico , pero con una fusi\u00f3n sorprendentemente imaginaria que\u00a0 me gustar\u00eda comparar,\u00a0 se debe haber transformado, de modo fant\u00e1stico, por los\u00a0 numerosos cambios de\u00a0\u00a0 [&hellip;]<\/p>\n","protected":false},"author":1,"featured_media":26662,"comment_status":"open","ping_status":"open","sticky":false,"template":"","format":"standard","meta":{"footnotes":""},"categories":[18,5],"tags":[],"class_list":["post-26661","post","type-post","status-publish","format-standard","has-post-thumbnail","hentry","category-cultura","category-nacionales"],"_links":{"self":[{"href":"https:\/\/debateplural.net\/site\/wp-json\/wp\/v2\/posts\/26661"}],"collection":[{"href":"https:\/\/debateplural.net\/site\/wp-json\/wp\/v2\/posts"}],"about":[{"href":"https:\/\/debateplural.net\/site\/wp-json\/wp\/v2\/types\/post"}],"author":[{"embeddable":true,"href":"https:\/\/debateplural.net\/site\/wp-json\/wp\/v2\/users\/1"}],"replies":[{"embeddable":true,"href":"https:\/\/debateplural.net\/site\/wp-json\/wp\/v2\/comments?post=26661"}],"version-history":[{"count":1,"href":"https:\/\/debateplural.net\/site\/wp-json\/wp\/v2\/posts\/26661\/revisions"}],"predecessor-version":[{"id":26663,"href":"https:\/\/debateplural.net\/site\/wp-json\/wp\/v2\/posts\/26661\/revisions\/26663"}],"wp:featuredmedia":[{"embeddable":true,"href":"https:\/\/debateplural.net\/site\/wp-json\/wp\/v2\/media\/26662"}],"wp:attachment":[{"href":"https:\/\/debateplural.net\/site\/wp-json\/wp\/v2\/media?parent=26661"}],"wp:term":[{"taxonomy":"category","embeddable":true,"href":"https:\/\/debateplural.net\/site\/wp-json\/wp\/v2\/categories?post=26661"},{"taxonomy":"post_tag","embeddable":true,"href":"https:\/\/debateplural.net\/site\/wp-json\/wp\/v2\/tags?post=26661"}],"curies":[{"name":"wp","href":"https:\/\/api.w.org\/{rel}","templated":true}]}}