{"id":26690,"date":"2018-08-06T12:14:46","date_gmt":"2018-08-06T16:14:46","guid":{"rendered":"http:\/\/debateplural.com\/?p=26690"},"modified":"2018-08-06T12:14:46","modified_gmt":"2018-08-06T16:14:46","slug":"la-oposicion-a-la-ley-de-apartheid-israeli-moviliza-a-judios-y-arabes","status":"publish","type":"post","link":"https:\/\/debateplural.net\/site\/2018\/08\/06\/la-oposicion-a-la-ley-de-apartheid-israeli-moviliza-a-judios-y-arabes\/","title":{"rendered":"La oposici\u00f3n a la ley de apartheid israel\u00ed moviliza a jud\u00edos y \u00e1rabes"},"content":{"rendered":"<div class=\"autor\">Pierre Barbancey (Rebelion, 6-8-18)<\/div>\n<p>&nbsp;<\/p>\n<p>\u00a1La p\u00edldora es dif\u00edcil de tragar! La aceptaci\u00f3n de la llamada ley del Estado-naci\u00f3n, que fue votada el 19 de julio por el Parlamento israel\u00ed (<i>Knesset<\/i>), est\u00e1 lejos de ser un\u00e1nime en el pa\u00eds. Esta ley estipula en particular que el hebreo es el \u00fanico idioma oficial de Israel, cuando el idioma \u00e1rabe estaba anteriormente en iguales condiciones (los ciudadanos \u00e1rabes israel\u00edes constituyen el 17,5% de la poblaci\u00f3n israel\u00ed) y ahora tendr\u00e1 un \"estatuto especial\",\u00a0sin m\u00e1s especificaciones. El texto tambi\u00e9n establece que \"el Estado considera que el desarrollo de las colonias jud\u00edas es de inter\u00e9s nacional y que el Estado tomar\u00e1 medidas para promover, impulsar y servir a ese inter\u00e9s\" y proclama que Jerusal\u00e9n es la capital de Israel, incluida la parte oriental de la ciudad anexada. El texto establece \"el Estado de Israel como Estado nacional del pueblo jud\u00edo, donde aplica su derecho natural, cultural, religioso e hist\u00f3rico y su derecho a la autodeterminaci\u00f3n\".<\/p>\n<p>Una ley denunciada en\u00e9rgicamente por la coalici\u00f3n de la Lista \u00c1rabe Unida (que incluye a miembros \u00e1rabes), incluyendo a Ayman Odeh, quien durante el debate despleg\u00f3 en la tribuna una bandera negra para marcar \"la muerte de nuestra democracia\". 45 parlamentarios jud\u00edos de la oposici\u00f3n tambi\u00e9n votaron contra la ley. Un diputado \u00e1rabe de la lista de la Uni\u00f3n Sionista ha renunciado. Un oficial druso, el capit\u00e1n Amir Jamal, decidi\u00f3 abandonar el ej\u00e9rcito israel\u00ed y llam\u00f3 a los miembros de su comunidad a hacer lo mismo. Si bien la Ministra de Cultura intent\u00f3, sin \u00e9xito, prohibir cualquier protesta contra esta ley, tambi\u00e9n debe tener en cuenta las dudas de varios miembros del Gobierno. No se oponen particularmente al esp\u00edritu de la ley, pero sienten que ir r\u00e1pido y demasiado lejos quiz\u00e1s no es la mejor t\u00e1ctica en la situaci\u00f3n actual.<\/p>\n<p>Es un verdadero mar de fondo en Israel. El lunes miles de manifestantes de todo el pa\u00eds se reunieron en Tel Aviv para asistir a una \"clase de \u00e1rabe\" al aire libre organizada por varias asociaciones de la sociedad civil. Todos juntos repitieron palabras en \u00e1rabe lanzadas por un maestro ubicado en un escenario central. Adem\u00e1s de los conciertos de m\u00fasicos jud\u00edos y \u00e1rabes, muchos participantes llevaban camisetas que dec\u00edan \"Me encanta el \u00e1rabe\". Sameh Saleimah, una feminista \u00e1rabe particularmente conocida en Israel, que ven\u00eda del pueblo mixto jud\u00edo-\u00e1rabe de Neve Shalom (Wahat as-Salam) tom\u00f3 la palabra para decir: \"El sue\u00f1o de mi madre era ser maestra. Hoy con ustedes aqu\u00ed por cientos de miles, su sue\u00f1o se hizo realidad. Inst\u00f3 a los participantes, \u00e1rabes y jud\u00edos, a luchar juntos contra el Gobierno de extrema derecha de Benyamin Netanyahu.<\/p>\n<p>Por su parte, Amn\u00f3n Beeri-Sulitzeanu, codirector ejecutivo del Fondo Abraham para Iniciativas (que quiere promover una sociedad basada en la convivencia y la igualdad entre los ciudadanos), dio la bienvenida al hecho de que muchos israel\u00edes \"entienden que estamos en un punto cr\u00edtico, o elegimos el apartheid o elegimos la integraci\u00f3n, comprenden la importancia del idioma \u00e1rabe y no est\u00e1n dispuestos a abandonar este tema\". Adem\u00e1s de la comunidad LGBTQ, que se siente directamente afectada por este texto discriminatorio, cientos de intelectuales y artistas israel\u00edes tambi\u00e9n se han movilizado en los \u00faltimos d\u00edas y han lanzado una petici\u00f3n pidiendo al Primer Ministro que elimine esta ley. Los firmantes, entre los que podemos se\u00f1alar los nombres de David Grossman, Amos Oz, AB Yehoshua, Eshkol Nevo, Etgar Keret y Orly Castel-Bloom, dicen entre otras cosas que \" Hay transgresiones que deben ser juzgadas por un tribunal. Pero hay pecados que tocan el alma del pueblo jud\u00edo y su patria, que merecen la atenci\u00f3n de los intelectuales y el juicio de la historia\".<\/p>\n<p>Tambi\u00e9n denuncian una ley \"que permite expresamente la discriminaci\u00f3n racial y religiosa, que contradice la definici\u00f3n del Estado como un Estado democr\u00e1tico y contradice la declaraci\u00f3n de independencia en la que se fund\u00f3 el Estado. Estas son dos cosas que la Knesset no tiene derecho a hacer\".<\/p>\n","protected":false},"excerpt":{"rendered":"<p>Pierre Barbancey (Rebelion, 6-8-18) &nbsp; \u00a1La p\u00edldora es dif\u00edcil de tragar! La aceptaci\u00f3n de la llamada ley del Estado-naci\u00f3n, que fue votada el 19 de julio por el Parlamento israel\u00ed (Knesset), est\u00e1 lejos de ser un\u00e1nime en el pa\u00eds. Esta ley estipula en particular que el hebreo es el \u00fanico idioma oficial de Israel, cuando [&hellip;]<\/p>\n","protected":false},"author":1,"featured_media":26691,"comment_status":"open","ping_status":"open","sticky":false,"template":"","format":"standard","meta":{"footnotes":""},"categories":[14,12],"tags":[],"class_list":["post-26690","post","type-post","status-publish","format-standard","has-post-thumbnail","hentry","category-internacionales","category-politica-3"],"_links":{"self":[{"href":"https:\/\/debateplural.net\/site\/wp-json\/wp\/v2\/posts\/26690"}],"collection":[{"href":"https:\/\/debateplural.net\/site\/wp-json\/wp\/v2\/posts"}],"about":[{"href":"https:\/\/debateplural.net\/site\/wp-json\/wp\/v2\/types\/post"}],"author":[{"embeddable":true,"href":"https:\/\/debateplural.net\/site\/wp-json\/wp\/v2\/users\/1"}],"replies":[{"embeddable":true,"href":"https:\/\/debateplural.net\/site\/wp-json\/wp\/v2\/comments?post=26690"}],"version-history":[{"count":1,"href":"https:\/\/debateplural.net\/site\/wp-json\/wp\/v2\/posts\/26690\/revisions"}],"predecessor-version":[{"id":26692,"href":"https:\/\/debateplural.net\/site\/wp-json\/wp\/v2\/posts\/26690\/revisions\/26692"}],"wp:featuredmedia":[{"embeddable":true,"href":"https:\/\/debateplural.net\/site\/wp-json\/wp\/v2\/media\/26691"}],"wp:attachment":[{"href":"https:\/\/debateplural.net\/site\/wp-json\/wp\/v2\/media?parent=26690"}],"wp:term":[{"taxonomy":"category","embeddable":true,"href":"https:\/\/debateplural.net\/site\/wp-json\/wp\/v2\/categories?post=26690"},{"taxonomy":"post_tag","embeddable":true,"href":"https:\/\/debateplural.net\/site\/wp-json\/wp\/v2\/tags?post=26690"}],"curies":[{"name":"wp","href":"https:\/\/api.w.org\/{rel}","templated":true}]}}